{"id":10729,"date":"2014-08-16T08:00:27","date_gmt":"2014-08-16T07:00:27","guid":{"rendered":"http:\/\/blog.vendiauto.com\/?p=10729"},"modified":"2016-09-14T14:46:41","modified_gmt":"2016-09-14T13:46:41","slug":"dodge-charger-srt-hellcat-e-lei-la-berlina-piu-potente-del-mondo","status":"publish","type":"post","link":"https:\/\/vendiauto.com\/blog\/dodge-charger-srt-hellcat-e-lei-la-berlina-piu-potente-del-mondo-2014","title":{"rendered":"Dodge Charger SRT Hellcat: \u00e8 lei la berlina pi\u00f9 potente del mondo!"},"content":{"rendered":"\n<!-- Quick Adsense WordPress Plugin: http:\/\/quickadsense.com\/ -->\n<div style=\"float: none; margin:10px 0 10px 0; text-align:center;\">\n<!--leonative-->\r\n<!-- 5x1 -->\r\n<div id='div-gpt-ad-5x1-0' class='div-gpt-ad div-gpt-ad-inread'>\r\n<script type='text\/javascript'>\r\ngoogletag.cmd.push(function() { googletag.display('div-gpt-ad-5x1-0'); });\r\n<\/script>\r\n<\/div>\n<\/div>\n<p><img loading=\"lazy\" class=\"alignnone wp-image-10730\" src=\"https:\/\/vendiauto.com\/blog\/wp-content\/uploads\/2014\/08\/75988_75edc2d67d45ed854c229eecda35880c.jpg\" alt=\"75988_75edc2d67d45ed854c229eecda35880c\" width=\"540\" height=\"330\" srcset=\"https:\/\/vendiauto.com\/blog\/wp-content\/uploads\/2014\/08\/75988_75edc2d67d45ed854c229eecda35880c.jpg 626w, https:\/\/vendiauto.com\/blog\/wp-content\/uploads\/2014\/08\/75988_75edc2d67d45ed854c229eecda35880c-300x183.jpg 300w\" sizes=\"(max-width: 540px) 100vw, 540px\" \/><\/p>\n<p>La potenza di 560 cv dell&#8217;Audi RS6 non vi basta? Potete provare la Mercedes E63AMG da 585 cv. Ancora non vi soddisfa? Allora andate a comprare la Bmw M5 col Pack Performance da 600 cv. Se ancora non siete contenti allora siete proprio degli incontentabili! Ma non disperate: c&#8217;\u00e8 un&#8217;auto che potrebbe essere quella giusta per voi.<\/p>\n<p><!--more-->Per averla per\u00f2 dovete abbandonare l&#8217;Europa e raggiungere l&#8217;America. Il vostro oggetto del desiderio si chiama <strong>Dodge Charger SRT Hellcat<\/strong> e, numeri alla mano, \u00e8 la berlina pi\u00f9 potente del mondo. La berlina a stelle e strisce si \u00e8 decisa a sferrare un attacco a suon di numeri e prestazioni alle gi\u00e0 potenti berline europee citate in precedenza. E allora snoccioliamoli subito questi numeri: <strong>motore V8 6.2<\/strong> Hemi con compressore volumetrico, <strong>717 cv<\/strong> di potenza e <strong>880 Nm<\/strong> di coppia. Prestazioni? Assolutamente incredibili: <strong>328 km\/h di velocit\u00e0 massima<\/strong>, <strong>0-96 km\/ in 3,7 secondi<\/strong>, il quarto di miglio coperto in undici secondi netti, 0-160-0 km\/h in 13 secondi. Oggettivamente mai una quattro porte era arrivata a tanto.<\/p>\n<p>La Charger SRT Hellcat tramite il sistema &#8220;<strong>Drive Mode<\/strong>&#8221; pu\u00f2 essere guidata in cinque modalit\u00e0: Eco, Default, Sport, Track e Custom, ognuna con delle caratteristiche pi\u00f9 o meno sportive a seconda dei desideri del guidatore. Ma non finisce qui perch\u00e8 la Dodge ha previsto <strong>due chiavi di accensione<\/strong>: quella nera limita i valori massimi di potenza e di coppia, mentre quella rossa permette di usufruire di tutta la cavalleria a disposizione. Inoltre \u00e8 previsto anche il cosiddetto &#8220;<strong>valet mode<\/strong>&#8221; (attivabile tramite un pin a quattro cifre) che prevede specifiche ancora pi\u00f9 docili limitando il motore a 4.000 giri\/minuto, mantenendo in funzione il controllo di stabilit\u00e0, disattivando il Launch Control ed il Drive Mode, rendendo inefficaci le palette al volante ed autorizzando la trasmissione ad effettuare cambi marcia pi\u00f9 lenti.<\/p>\n<p>Se le parole non sono bastate a darvi l&#8217;idea di cosa sia capace la nuova Charger, date un&#8217;occhiata al video di presentazione:<br \/>\n<iframe loading=\"lazy\" src=\"\/\/www.youtube.com\/embed\/t6HXPBQH05s\" width=\"540\" height=\"304\" frameborder=\"0\" allowfullscreen=\"allowfullscreen\"><\/iframe><\/p>\n\n<div style=\"font-size: 0px; height: 0px; line-height: 0px; margin: 0; padding: 0; clear: both;\"><\/div><!-- Begin Yuzo --><div class='yuzo_related_post style-1'  data-version='5.12.88'><!-- without result --><div class='yuzo_clearfixed yuzo__title yuzo__title'><h2>Potrebbe anche Interessarti <\/h2><\/div>\n\t\t\t\t\t\t  <div class=\"relatedthumb \" style=\"width:125px;float:left;overflow:hidden;\">  \n\t\t\t\t\t\t\t  \n\t\t\t\t\t\t\t  <a  href=\"https:\/\/vendiauto.com\/blog\/lalfa-romeo-4c-eletta-auto-piu-bella-dellanno-2013-in-francia-2014\"  >\n\t\t\t\t\t\t\t\t\t  <div class=\"yuzo-img-wrap \" style=\"width: 125px;height:90px;\">\n\t\t\t\t\t\t\t\t\t\t\n\t\t\t\t\t\t\t\t\t\t<div class=\"yuzo-img\" style=\"background:url('https:\/\/vendiauto.com\/blog\/wp-content\/uploads\/2014\/01\/Alfa-Romeo-4C-150x150.jpg') 50% 50% no-repeat;width: 125px;height:90px;margin-bottom: 5px;background-size: cover; \"><\/div>\n\t\t\t\t\t\t\t\t\t  <\/div>\n\t\t\t\t\t\t\t\t\t  \n\t\t\t\t\t\t\t\t   <span class=\"yuzo__text--title\" style=\"font-size:13px;\">L\u2019Alfa Romeo 4C eletta \u201cAuto pi\u00f9 bella...<\/span>\n\t\t\t\t\t\t\t  \n\t\t\t\t\t\t\t  \n\t\t\t\t\t\t\t  <\/a>\n\n\t\t\t\t\t\t  <\/div>\n\t\t\t\t\t\t  <div class=\"relatedthumb \" style=\"width:125px;float:left;overflow:hidden;\">  \n\t\t\t\t\t\t\t  \n\t\t\t\t\t\t\t  <a  href=\"https:\/\/vendiauto.com\/blog\/sicurezza-guidare-assonnati-e-come-guidare-ubriachi-2012\"  >\n\t\t\t\t\t\t\t\t\t  <div class=\"yuzo-img-wrap \" style=\"width: 125px;height:90px;\">\n\t\t\t\t\t\t\t\t\t\t\n\t\t\t\t\t\t\t\t\t\t<div class=\"yuzo-img\" style=\"background:url('https:\/\/vendiauto.com\/blog\/wp-content\/uploads\/2012\/06\/mercedes-benz-con-la-fondazione-per-la-ricerca-e-la-cura-dei-disturbi-del-sonno-11c966-034-150x150.jpg') 50% 50% no-repeat;width: 125px;height:90px;margin-bottom: 5px;background-size: cover; \"><\/div>\n\t\t\t\t\t\t\t\t\t  <\/div>\n\t\t\t\t\t\t\t\t\t  \n\t\t\t\t\t\t\t\t   <span class=\"yuzo__text--title\" style=\"font-size:13px;\">Sicurezza: guidare assonnati \u00e8 come guidare ubriac...<\/span>\n\t\t\t\t\t\t\t  \n\t\t\t\t\t\t\t  \n\t\t\t\t\t\t\t  <\/a>\n\n\t\t\t\t\t\t  <\/div>\n\t\t\t\t\t\t  <div class=\"relatedthumb \" style=\"width:125px;float:left;overflow:hidden;\">  \n\t\t\t\t\t\t\t  \n\t\t\t\t\t\t\t  <a  href=\"https:\/\/vendiauto.com\/blog\/volvo-presenta-la-nuova-tecnologia-salva-ciclisti-2013\"  >\n\t\t\t\t\t\t\t\t\t  <div class=\"yuzo-img-wrap \" style=\"width: 125px;height:90px;\">\n\t\t\t\t\t\t\t\t\t\t\n\t\t\t\t\t\t\t\t\t\t<div class=\"yuzo-img\" style=\"background:url('https:\/\/vendiauto.com\/blog\/wp-content\/uploads\/2013\/03\/volvo-presenta-a-ginevra-la-tecnologia-cyclist-detection-150x150.jpg') 50% 50% no-repeat;width: 125px;height:90px;margin-bottom: 5px;background-size: cover; \"><\/div>\n\t\t\t\t\t\t\t\t\t  <\/div>\n\t\t\t\t\t\t\t\t\t  \n\t\t\t\t\t\t\t\t   <span class=\"yuzo__text--title\" style=\"font-size:13px;\">Volvo presenta la nuova tecnologia salva ciclisti<\/span>\n\t\t\t\t\t\t\t  \n\t\t\t\t\t\t\t  \n\t\t\t\t\t\t\t  <\/a>\n\n\t\t\t\t\t\t  <\/div>\n\t\t\t\t\t\t  <div class=\"relatedthumb \" style=\"width:125px;float:left;overflow:hidden;\">  \n\t\t\t\t\t\t\t  \n\t\t\t\t\t\t\t  <a  href=\"https:\/\/vendiauto.com\/blog\/i-capolavori-del-design-italiano-in-mostra-a-los-angeles-2012\"  >\n\t\t\t\t\t\t\t\t\t  <div class=\"yuzo-img-wrap \" style=\"width: 125px;height:90px;\">\n\t\t\t\t\t\t\t\t\t\t\n\t\t\t\t\t\t\t\t\t\t<div class=\"yuzo-img\" style=\"background:url('https:\/\/vendiauto.com\/blog\/wp-content\/uploads\/2012\/05\/I-capolavori-del-design-italiano-in-mostra-a-Los-Angeles-150x150.jpg') 50% 50% no-repeat;width: 125px;height:90px;margin-bottom: 5px;background-size: cover; \"><\/div>\n\t\t\t\t\t\t\t\t\t  <\/div>\n\t\t\t\t\t\t\t\t\t  \n\t\t\t\t\t\t\t\t   <span class=\"yuzo__text--title\" style=\"font-size:13px;\">A Los Angeles in mostra il design automobilistico ...<\/span>\n\t\t\t\t\t\t\t  \n\t\t\t\t\t\t\t  \n\t\t\t\t\t\t\t  <\/a>\n\n\t\t\t\t\t\t  <\/div>\n<\/div> <script>\n\t\t\t\t\t\t  jQuery(document).ready(function( $ ){\n\t\t\t\t\t\t\t\/\/jQuery('.yuzo_related_post').equalizer({ overflow : 'relatedthumb' });\n\t\t\t\t\t\t\tjQuery('.yuzo_related_post .yuzo_wraps').equalizer({ columns : '> div' });\n\t\t\t\t\t\t   })\n\t\t\t\t\t\t  <\/script> <!-- End Yuzo :) -->","protected":false},"excerpt":{"rendered":"<p>La potenza di 560 cv dell&#8217;Audi RS6 non vi basta? Potete provare la Mercedes E63AMG da 585 cv. Ancora non vi soddisfa? Allora andate a comprare la Bmw M5 col Pack Performance da 600 cv. Se ancora non siete contenti allora siete proprio degli incontentabili! Ma non disperate: c&#8217;\u00e8 un&#8217;auto che potrebbe essere quella giusta [&hellip;]<\/p>\n","protected":false},"author":3,"featured_media":10730,"comment_status":"open","ping_status":"open","sticky":false,"template":"","format":"standard","meta":[],"categories":[2110],"tags":[1867,762],"_links":{"self":[{"href":"https:\/\/vendiauto.com\/blog\/wp-json\/wp\/v2\/posts\/10729"}],"collection":[{"href":"https:\/\/vendiauto.com\/blog\/wp-json\/wp\/v2\/posts"}],"about":[{"href":"https:\/\/vendiauto.com\/blog\/wp-json\/wp\/v2\/types\/post"}],"author":[{"embeddable":true,"href":"https:\/\/vendiauto.com\/blog\/wp-json\/wp\/v2\/users\/3"}],"replies":[{"embeddable":true,"href":"https:\/\/vendiauto.com\/blog\/wp-json\/wp\/v2\/comments?post=10729"}],"version-history":[{"count":2,"href":"https:\/\/vendiauto.com\/blog\/wp-json\/wp\/v2\/posts\/10729\/revisions"}],"predecessor-version":[{"id":10732,"href":"https:\/\/vendiauto.com\/blog\/wp-json\/wp\/v2\/posts\/10729\/revisions\/10732"}],"wp:featuredmedia":[{"embeddable":true,"href":"https:\/\/vendiauto.com\/blog\/wp-json\/wp\/v2\/media\/10730"}],"wp:attachment":[{"href":"https:\/\/vendiauto.com\/blog\/wp-json\/wp\/v2\/media?parent=10729"}],"wp:term":[{"taxonomy":"category","embeddable":true,"href":"https:\/\/vendiauto.com\/blog\/wp-json\/wp\/v2\/categories?post=10729"},{"taxonomy":"post_tag","embeddable":true,"href":"https:\/\/vendiauto.com\/blog\/wp-json\/wp\/v2\/tags?post=10729"}],"curies":[{"name":"wp","href":"https:\/\/api.w.org\/{rel}","templated":true}]}}