{"id":10743,"date":"2014-08-18T08:30:22","date_gmt":"2014-08-18T07:30:22","guid":{"rendered":"http:\/\/blog.vendiauto.com\/?p=10743"},"modified":"2016-09-14T15:10:50","modified_gmt":"2016-09-14T14:10:50","slug":"asta-record-ferrari-250-gto-venduta-a-285-milioni-di-euro","status":"publish","type":"post","link":"https:\/\/vendiauto.com\/blog\/asta-record-ferrari-250-gto-venduta-a-285-milioni-di-euro-2014","title":{"rendered":"Asta record: Ferrari 250 GTO venduta a 28,5 milioni di euro!"},"content":{"rendered":"\n<!-- Quick Adsense WordPress Plugin: http:\/\/quickadsense.com\/ -->\n<div style=\"float: none; margin:10px 0 10px 0; text-align:center;\">\n<!--leonative-->\r\n<!-- 5x1 -->\r\n<div id='div-gpt-ad-5x1-0' class='div-gpt-ad div-gpt-ad-inread'>\r\n<script type='text\/javascript'>\r\ngoogletag.cmd.push(function() { googletag.display('div-gpt-ad-5x1-0'); });\r\n<\/script>\r\n<\/div>\n<\/div>\n<p><img loading=\"lazy\" class=\"alignnone wp-image-10744\" src=\"https:\/\/vendiauto.com\/blog\/wp-content\/uploads\/2014\/08\/Ferrari-250-GTO-ex-Ferrarelle-.jpg\" alt=\"1962 Ferrari 250 GTO, s\/n 3851GT\" width=\"540\" height=\"359\" srcset=\"https:\/\/vendiauto.com\/blog\/wp-content\/uploads\/2014\/08\/Ferrari-250-GTO-ex-Ferrarelle-.jpg 640w, https:\/\/vendiauto.com\/blog\/wp-content\/uploads\/2014\/08\/Ferrari-250-GTO-ex-Ferrarelle--300x199.jpg 300w\" sizes=\"(max-width: 540px) 100vw, 540px\" \/><\/p>\n<p>Questo week end appena trascorso di Ferragosto sar\u00e0 ricordato dagli appassionati di auto d&#8217;epoca perch\u00e8 \u00e8 stata venduta all&#8217;asta una vettura ad una cifra record. La vettura di cui parliamo \u00e8 una Ferrari, precisamente una <strong>250 GTO<\/strong> del 1962, appartenuta (cosa molto rara) per ben 49 anni allo stesso proprietario, il collezionista <strong>Fabrizio Violati<\/strong>, lo stesso che diede vita alla collezione di Ferrari &#8220;<strong>Maranello Rosso<\/strong>&#8221; nella Repubblica di San Marino.<\/p>\n<p><!--more-->Dopo la morte di Violati avvenuta nel 2010 la 250 GTO era alla ricerca di un nuovo proprietario che \u00e8 arrivato circa quattro anni dopo durante un&#8217;asta per auto storiche. L&#8217;asta cui facciamo riferimento \u00e8 quella organizzata dalla celebre casa d&#8217;aste <strong>Bonhams<\/strong> nell&#8217;incantevole cornice del concorso d&#8217;eleganza di <strong>Pebble Beach<\/strong> nella contea di Monterey in California. Ebbene l&#8217;asta si \u00e8 conclusa nel migliore dei modi: la Ferrari 250 GTO, diciannovesima di sole trentasei unit\u00e0 prodotte, ha trovato un nuovo proprietario che, per averla, ha staccato un assegno di ben\u00a0<strong>28.528.626 milioni di euro<\/strong>! L&#8217;importo pagato ha stabilito il nuovo record di vendita per un&#8217;auto storica venduta all&#8217;asta: il precedente record era di &#8220;soli&#8221;\u00a022 milioni di euro pagati per una\u00a0Mercedes Benz W196 R di Formula 1 del 1954.<\/p>\n\n<div style=\"font-size: 0px; height: 0px; line-height: 0px; margin: 0; padding: 0; clear: both;\"><\/div><!-- Begin Yuzo --><div class='yuzo_related_post style-1'  data-version='5.12.88'><!-- without result --><div class='yuzo_clearfixed yuzo__title yuzo__title'><h2>Potrebbe anche Interessarti <\/h2><\/div>\n\t\t\t\t\t\t  <div class=\"relatedthumb \" style=\"width:125px;float:left;overflow:hidden;\">  \n\t\t\t\t\t\t\t  \n\t\t\t\t\t\t\t  <a  href=\"https:\/\/vendiauto.com\/blog\/renault-scenic-e-grand-scenic-2012-presetnati-i-restyling-2012\"  >\n\t\t\t\t\t\t\t\t\t  <div class=\"yuzo-img-wrap \" style=\"width: 125px;height:90px;\">\n\t\t\t\t\t\t\t\t\t\t\n\t\t\t\t\t\t\t\t\t\t<div class=\"yuzo-img\" style=\"background:url('https:\/\/vendiauto.com\/blog\/wp-content\/uploads\/2012\/01\/renault-scenic-grand-scenic-150x150.jpg') 50% 50% no-repeat;width: 125px;height:90px;margin-bottom: 5px;background-size: cover; \"><\/div>\n\t\t\t\t\t\t\t\t\t  <\/div>\n\t\t\t\t\t\t\t\t\t  \n\t\t\t\t\t\t\t\t   <span class=\"yuzo__text--title\" style=\"font-size:13px;\">Renault Scenic e Grand Scenic 2012: presetnati i r...<\/span>\n\t\t\t\t\t\t\t  \n\t\t\t\t\t\t\t  \n\t\t\t\t\t\t\t  <\/a>\n\n\t\t\t\t\t\t  <\/div>\n\t\t\t\t\t\t  <div class=\"relatedthumb \" style=\"width:125px;float:left;overflow:hidden;\">  \n\t\t\t\t\t\t\t  \n\t\t\t\t\t\t\t  <a  href=\"https:\/\/vendiauto.com\/blog\/ma-quale-crisi-2013\"  >\n\t\t\t\t\t\t\t\t\t  <div class=\"yuzo-img-wrap \" style=\"width: 125px;height:90px;\">\n\t\t\t\t\t\t\t\t\t\t\n\t\t\t\t\t\t\t\t\t\t<div class=\"yuzo-img\" style=\"background:url('https:\/\/vendiauto.com\/blog\/wp-content\/uploads\/2013\/08\/Aston-Martin-CC100-speedster-concept.vendiauto-150x150.jpg') 50% 50% no-repeat;width: 125px;height:90px;margin-bottom: 5px;background-size: cover; \"><\/div>\n\t\t\t\t\t\t\t\t\t  <\/div>\n\t\t\t\t\t\t\t\t\t  \n\t\t\t\t\t\t\t\t   <span class=\"yuzo__text--title\" style=\"font-size:13px;\">Ma quale crisi!!<\/span>\n\t\t\t\t\t\t\t  \n\t\t\t\t\t\t\t  \n\t\t\t\t\t\t\t  <\/a>\n\n\t\t\t\t\t\t  <\/div>\n\t\t\t\t\t\t  <div class=\"relatedthumb \" style=\"width:125px;float:left;overflow:hidden;\">  \n\t\t\t\t\t\t\t  \n\t\t\t\t\t\t\t  <a  href=\"https:\/\/vendiauto.com\/blog\/nuova-caterham-seven-motorsport-2011\"  >\n\t\t\t\t\t\t\t\t\t  <div class=\"yuzo-img-wrap \" style=\"width: 125px;height:90px;\">\n\t\t\t\t\t\t\t\t\t\t\n\t\t\t\t\t\t\t\t\t\t<div class=\"yuzo-img\" style=\"background:url('https:\/\/vendiauto.com\/blog\/wp-content\/uploads\/2011\/04\/337494_3347_big_caterham-7_1-150x150.jpg') 50% 50% no-repeat;width: 125px;height:90px;margin-bottom: 5px;background-size: cover; \"><\/div>\n\t\t\t\t\t\t\t\t\t  <\/div>\n\t\t\t\t\t\t\t\t\t  \n\t\t\t\t\t\t\t\t   <span class=\"yuzo__text--title\" style=\"font-size:13px;\">Nuova Caterham Seven Motorsport<\/span>\n\t\t\t\t\t\t\t  \n\t\t\t\t\t\t\t  \n\t\t\t\t\t\t\t  <\/a>\n\n\t\t\t\t\t\t  <\/div>\n\t\t\t\t\t\t  <div class=\"relatedthumb \" style=\"width:125px;float:left;overflow:hidden;\">  \n\t\t\t\t\t\t\t  \n\t\t\t\t\t\t\t  <a  href=\"https:\/\/vendiauto.com\/blog\/due-nuove-record-series-per-la-mazda-mx5-2011\"  >\n\t\t\t\t\t\t\t\t\t  <div class=\"yuzo-img-wrap \" style=\"width: 125px;height:90px;\">\n\t\t\t\t\t\t\t\t\t\t\n\t\t\t\t\t\t\t\t\t\t<div class=\"yuzo-img\" style=\"background:url('https:\/\/vendiauto.com\/blog\/wp-content\/uploads\/2011\/05\/345686_5366_big_mazda_2-150x150.jpg') 50% 50% no-repeat;width: 125px;height:90px;margin-bottom: 5px;background-size: cover; \"><\/div>\n\t\t\t\t\t\t\t\t\t  <\/div>\n\t\t\t\t\t\t\t\t\t  \n\t\t\t\t\t\t\t\t   <span class=\"yuzo__text--title\" style=\"font-size:13px;\">Due nuove Record Series per la Mazda MX5<\/span>\n\t\t\t\t\t\t\t  \n\t\t\t\t\t\t\t  \n\t\t\t\t\t\t\t  <\/a>\n\n\t\t\t\t\t\t  <\/div>\n<\/div> <script>\n\t\t\t\t\t\t  jQuery(document).ready(function( $ ){\n\t\t\t\t\t\t\t\/\/jQuery('.yuzo_related_post').equalizer({ overflow : 'relatedthumb' });\n\t\t\t\t\t\t\tjQuery('.yuzo_related_post .yuzo_wraps').equalizer({ columns : '> div' });\n\t\t\t\t\t\t   })\n\t\t\t\t\t\t  <\/script> <!-- End Yuzo :) -->","protected":false},"excerpt":{"rendered":"<p>Questo week end appena trascorso di Ferragosto sar\u00e0 ricordato dagli appassionati di auto d&#8217;epoca perch\u00e8 \u00e8 stata venduta all&#8217;asta una vettura ad una cifra record. La vettura di cui parliamo \u00e8 una Ferrari, precisamente una 250 GTO del 1962, appartenuta (cosa molto rara) per ben 49 anni allo stesso proprietario, il collezionista Fabrizio Violati, lo [&hellip;]<\/p>\n","protected":false},"author":3,"featured_media":10744,"comment_status":"open","ping_status":"open","sticky":false,"template":"","format":"standard","meta":[],"categories":[127],"tags":[1869,1870,1682,58],"_links":{"self":[{"href":"https:\/\/vendiauto.com\/blog\/wp-json\/wp\/v2\/posts\/10743"}],"collection":[{"href":"https:\/\/vendiauto.com\/blog\/wp-json\/wp\/v2\/posts"}],"about":[{"href":"https:\/\/vendiauto.com\/blog\/wp-json\/wp\/v2\/types\/post"}],"author":[{"embeddable":true,"href":"https:\/\/vendiauto.com\/blog\/wp-json\/wp\/v2\/users\/3"}],"replies":[{"embeddable":true,"href":"https:\/\/vendiauto.com\/blog\/wp-json\/wp\/v2\/comments?post=10743"}],"version-history":[{"count":1,"href":"https:\/\/vendiauto.com\/blog\/wp-json\/wp\/v2\/posts\/10743\/revisions"}],"predecessor-version":[{"id":10745,"href":"https:\/\/vendiauto.com\/blog\/wp-json\/wp\/v2\/posts\/10743\/revisions\/10745"}],"wp:featuredmedia":[{"embeddable":true,"href":"https:\/\/vendiauto.com\/blog\/wp-json\/wp\/v2\/media\/10744"}],"wp:attachment":[{"href":"https:\/\/vendiauto.com\/blog\/wp-json\/wp\/v2\/media?parent=10743"}],"wp:term":[{"taxonomy":"category","embeddable":true,"href":"https:\/\/vendiauto.com\/blog\/wp-json\/wp\/v2\/categories?post=10743"},{"taxonomy":"post_tag","embeddable":true,"href":"https:\/\/vendiauto.com\/blog\/wp-json\/wp\/v2\/tags?post=10743"}],"curies":[{"name":"wp","href":"https:\/\/api.w.org\/{rel}","templated":true}]}}