{"id":1095,"date":"2011-01-15T13:11:33","date_gmt":"2011-01-15T13:11:33","guid":{"rendered":"http:\/\/www.vendiauto.com\/blog\/?p=1095"},"modified":"2016-09-14T14:58:52","modified_gmt":"2016-09-14T13:58:52","slug":"bmw-serie-6-coupe","status":"publish","type":"post","link":"https:\/\/vendiauto.com\/blog\/bmw-serie-6-coupe-2011","title":{"rendered":"Bmw serie 6 coup\u00e8"},"content":{"rendered":"\n<!-- Quick Adsense WordPress Plugin: http:\/\/quickadsense.com\/ -->\n<div style=\"float: none; margin:10px 0 10px 0; text-align:center;\">\n<!--leonative-->\r\n<!-- 5x1 -->\r\n<div id='div-gpt-ad-5x1-0' class='div-gpt-ad div-gpt-ad-inread'>\r\n<script type='text\/javascript'>\r\ngoogletag.cmd.push(function() { googletag.display('div-gpt-ad-5x1-0'); });\r\n<\/script>\r\n<\/div>\n<\/div>\n<p><a href=\"http:\/\/www.vendiauto.com\/blog\/wp-content\/uploads\/2011\/01\/BmwSerie6CoupF12_02.jpg\"><img loading=\"lazy\" class=\"aligncenter size-full wp-image-1096\" src=\"http:\/\/www.vendiauto.com\/blog\/wp-content\/uploads\/2011\/01\/BmwSerie6CoupF12_02.jpg\" alt=\"\" width=\"586\" height=\"304\" srcset=\"https:\/\/vendiauto.com\/blog\/wp-content\/uploads\/2011\/01\/BmwSerie6CoupF12_02.jpg 586w, https:\/\/vendiauto.com\/blog\/wp-content\/uploads\/2011\/01\/BmwSerie6CoupF12_02-300x155.jpg 300w\" sizes=\"(max-width: 586px) 100vw, 586px\" \/><\/a><\/p>\n<p>Bmw al\u00a0 Salone di Detroit 2011 ha tolto i veli alla nuova serie 6 cabrio:\u00a0curiosamente\u00a0 i vertici della casa tedesca hanno\u00a0preferito presentare prima la versione cabrio rispetto alla coup\u00e8. Normalmente infatti&#8230;<\/p>\n<p><!--more--><\/p>\n<p>accade il contrario: avviene prima la presentazione della coup\u00e8 e successivamente quella della cabrio. Forse in Bmw non volevano perdere i primi clienti desiderosi di guidare all&#8217;aria aperta approfittando del clima primaverile? Forse sar\u00e0 stata una mossa per cogliere tutti di sorpresa? Sta di fatto che la nuovissima serie 6 cabrio si \u00e8 mostrata in tutto il suo splendore qualche giorno fa al Salone di Detroit. E invece la coup\u00e8? \u00a0Eccola fotografata in giro per le strade in vista degli ultimi collaudi definitivi. Dalle foto si vede pi\u00f9 che bene il corpo vettura, ricoperto solo timidamente da qualche piccola cammuffatura. Con molta probabilit\u00e0 il debutto della nuova serie 6 coup\u00e8 \u00e8 vicinissimo ed \u00e8 previsto per il prossimo mese di\u00a0marzo al\u00a0Salone di Ginevra.<\/p>\n\n<div style=\"font-size: 0px; height: 0px; line-height: 0px; margin: 0; padding: 0; clear: both;\"><\/div><!-- Begin Yuzo --><div class='yuzo_related_post style-1'  data-version='5.12.88'><!-- without result --><div class='yuzo_clearfixed yuzo__title yuzo__title'><h2>Potrebbe anche Interessarti <\/h2><\/div>\n\t\t\t\t\t\t  <div class=\"relatedthumb \" style=\"width:125px;float:left;overflow:hidden;\">  \n\t\t\t\t\t\t\t  \n\t\t\t\t\t\t\t  <a  href=\"https:\/\/vendiauto.com\/blog\/al-salone-di-parigi-2012-lexus-presentera-la-lf-cc-concept-2012\"  >\n\t\t\t\t\t\t\t\t\t  <div class=\"yuzo-img-wrap \" style=\"width: 125px;height:90px;\">\n\t\t\t\t\t\t\t\t\t\t\n\t\t\t\t\t\t\t\t\t\t<div class=\"yuzo-img\" style=\"background:url('https:\/\/vendiauto.com\/blog\/wp-content\/uploads\/2012\/09\/Lexus-LF-CC-concept-tre-quarti-anteriore-150x150.jpg') 50% 50% no-repeat;width: 125px;height:90px;margin-bottom: 5px;background-size: cover; \"><\/div>\n\t\t\t\t\t\t\t\t\t  <\/div>\n\t\t\t\t\t\t\t\t\t  \n\t\t\t\t\t\t\t\t   <span class=\"yuzo__text--title\" style=\"font-size:13px;\">Al Salone di Parigi 2012 Lexus presenter\u00e0 la LF-CC...<\/span>\n\t\t\t\t\t\t\t  \n\t\t\t\t\t\t\t  \n\t\t\t\t\t\t\t  <\/a>\n\n\t\t\t\t\t\t  <\/div>\n\t\t\t\t\t\t  <div class=\"relatedthumb \" style=\"width:125px;float:left;overflow:hidden;\">  \n\t\t\t\t\t\t\t  \n\t\t\t\t\t\t\t  <a  href=\"https:\/\/vendiauto.com\/blog\/a-breve-una-alfa-romeo-4c-spider-in-versione-quadrifoglio-verde-2014\"  >\n\t\t\t\t\t\t\t\t\t  <div class=\"yuzo-img-wrap \" style=\"width: 125px;height:90px;\">\n\t\t\t\t\t\t\t\t\t\t\n\t\t\t\t\t\t\t\t\t\t<div class=\"yuzo-img\" style=\"background:url('https:\/\/vendiauto.com\/blog\/wp-content\/uploads\/2014\/10\/cq5dam.web_.650.6002-150x150.jpeg') 50% 50% no-repeat;width: 125px;height:90px;margin-bottom: 5px;background-size: cover; \"><\/div>\n\t\t\t\t\t\t\t\t\t  <\/div>\n\t\t\t\t\t\t\t\t\t  \n\t\t\t\t\t\t\t\t   <span class=\"yuzo__text--title\" style=\"font-size:13px;\">A breve una Alfa Romeo 4C Spider in versione &#822...<\/span>\n\t\t\t\t\t\t\t  \n\t\t\t\t\t\t\t  \n\t\t\t\t\t\t\t  <\/a>\n\n\t\t\t\t\t\t  <\/div>\n\t\t\t\t\t\t  <div class=\"relatedthumb \" style=\"width:125px;float:left;overflow:hidden;\">  \n\t\t\t\t\t\t\t  \n\t\t\t\t\t\t\t  <a  href=\"https:\/\/vendiauto.com\/blog\/accelerazione-da-brivido-per-la-nuova-nissan-gt-r-my-2012-2011\"  >\n\t\t\t\t\t\t\t\t\t  <div class=\"yuzo-img-wrap \" style=\"width: 125px;height:90px;\">\n\t\t\t\t\t\t\t\t\t\t\n\t\t\t\t\t\t\t\t\t\t<div class=\"yuzo-img\" style=\"background:url('https:\/\/vendiauto.com\/blog\/wp-content\/uploads\/2011\/11\/2012-Nissan-GT-R-Blue-Back-150x150.jpg') 50% 50% no-repeat;width: 125px;height:90px;margin-bottom: 5px;background-size: cover; \"><\/div>\n\t\t\t\t\t\t\t\t\t  <\/div>\n\t\t\t\t\t\t\t\t\t  \n\t\t\t\t\t\t\t\t   <span class=\"yuzo__text--title\" style=\"font-size:13px;\">Accelerazione da brivido per la nuova Nissan GT-R ...<\/span>\n\t\t\t\t\t\t\t  \n\t\t\t\t\t\t\t  \n\t\t\t\t\t\t\t  <\/a>\n\n\t\t\t\t\t\t  <\/div>\n\t\t\t\t\t\t  <div class=\"relatedthumb \" style=\"width:125px;float:left;overflow:hidden;\">  \n\t\t\t\t\t\t\t  \n\t\t\t\t\t\t\t  <a  href=\"https:\/\/vendiauto.com\/blog\/come-e-quando-contestare-una-multa-2015\"  >\n\t\t\t\t\t\t\t\t\t  <div class=\"yuzo-img-wrap \" style=\"width: 125px;height:90px;\">\n\t\t\t\t\t\t\t\t\t\t\n\t\t\t\t\t\t\t\t\t\t<div class=\"yuzo-img\" style=\"background:url('https:\/\/vendiauto.com\/blog\/wp-content\/uploads\/2015\/05\/Multe-ricorso1-150x150.jpg') 50% 50% no-repeat;width: 125px;height:90px;margin-bottom: 5px;background-size: cover; \"><\/div>\n\t\t\t\t\t\t\t\t\t  <\/div>\n\t\t\t\t\t\t\t\t\t  \n\t\t\t\t\t\t\t\t   <span class=\"yuzo__text--title\" style=\"font-size:13px;\">Come e quando contestare una multa<\/span>\n\t\t\t\t\t\t\t  \n\t\t\t\t\t\t\t  \n\t\t\t\t\t\t\t  <\/a>\n\n\t\t\t\t\t\t  <\/div>\n<\/div> <script>\n\t\t\t\t\t\t  jQuery(document).ready(function( $ ){\n\t\t\t\t\t\t\t\/\/jQuery('.yuzo_related_post').equalizer({ overflow : 'relatedthumb' });\n\t\t\t\t\t\t\tjQuery('.yuzo_related_post .yuzo_wraps').equalizer({ columns : '> div' });\n\t\t\t\t\t\t   })\n\t\t\t\t\t\t  <\/script> <!-- End Yuzo :) -->","protected":false},"excerpt":{"rendered":"<p>Bmw al\u00a0 Salone di Detroit 2011 ha tolto i veli alla nuova serie 6 cabrio:\u00a0curiosamente\u00a0 i vertici della casa tedesca hanno\u00a0preferito presentare prima la versione cabrio rispetto alla coup\u00e8. Normalmente infatti&#8230; Potrebbe anche Interessarti Automobili e musica: le ferrari dei videoclip.. Fiat Idea: nuova gamma Per la prima volta la nuova Viper sar\u00e0 dotata di [&hellip;]<\/p>\n","protected":false},"author":3,"featured_media":0,"comment_status":"open","ping_status":"open","sticky":false,"template":"","format":"standard","meta":[],"categories":[2110],"tags":[81,279,280],"_links":{"self":[{"href":"https:\/\/vendiauto.com\/blog\/wp-json\/wp\/v2\/posts\/1095"}],"collection":[{"href":"https:\/\/vendiauto.com\/blog\/wp-json\/wp\/v2\/posts"}],"about":[{"href":"https:\/\/vendiauto.com\/blog\/wp-json\/wp\/v2\/types\/post"}],"author":[{"embeddable":true,"href":"https:\/\/vendiauto.com\/blog\/wp-json\/wp\/v2\/users\/3"}],"replies":[{"embeddable":true,"href":"https:\/\/vendiauto.com\/blog\/wp-json\/wp\/v2\/comments?post=1095"}],"version-history":[{"count":1,"href":"https:\/\/vendiauto.com\/blog\/wp-json\/wp\/v2\/posts\/1095\/revisions"}],"predecessor-version":[{"id":12644,"href":"https:\/\/vendiauto.com\/blog\/wp-json\/wp\/v2\/posts\/1095\/revisions\/12644"}],"wp:attachment":[{"href":"https:\/\/vendiauto.com\/blog\/wp-json\/wp\/v2\/media?parent=1095"}],"wp:term":[{"taxonomy":"category","embeddable":true,"href":"https:\/\/vendiauto.com\/blog\/wp-json\/wp\/v2\/categories?post=1095"},{"taxonomy":"post_tag","embeddable":true,"href":"https:\/\/vendiauto.com\/blog\/wp-json\/wp\/v2\/tags?post=1095"}],"curies":[{"name":"wp","href":"https:\/\/api.w.org\/{rel}","templated":true}]}}