{"id":10989,"date":"2014-09-24T09:00:15","date_gmt":"2014-09-24T08:00:15","guid":{"rendered":"http:\/\/blog.vendiauto.com\/?p=10989"},"modified":"2016-09-14T11:45:43","modified_gmt":"2016-09-14T10:45:43","slug":"pizzicata-su-strada-la-nuova-mini-countryman","status":"publish","type":"post","link":"https:\/\/vendiauto.com\/blog\/pizzicata-su-strada-la-nuova-mini-countryman-2014","title":{"rendered":"Pizzicata su strada la nuova Mini Countryman!"},"content":{"rendered":"\n<!-- Quick Adsense WordPress Plugin: http:\/\/quickadsense.com\/ -->\n<div style=\"float: none; margin:10px 0 10px 0; text-align:center;\">\n<!--leonative-->\r\n<!-- 5x1 -->\r\n<div id='div-gpt-ad-5x1-0' class='div-gpt-ad div-gpt-ad-inread'>\r\n<script type='text\/javascript'>\r\ngoogletag.cmd.push(function() { googletag.display('div-gpt-ad-5x1-0'); });\r\n<\/script>\r\n<\/div>\n<\/div>\n<p><img loading=\"lazy\" class=\"alignnone wp-image-10990\" src=\"https:\/\/vendiauto.com\/blog\/wp-content\/uploads\/2014\/09\/Mini-Countryman-2017-kompakt-SUV-viertuerer-0007.jpg\" alt=\"Mini-Countryman-2017-kompakt-SUV-viertuerer-0007\" width=\"540\" height=\"405\" srcset=\"https:\/\/vendiauto.com\/blog\/wp-content\/uploads\/2014\/09\/Mini-Countryman-2017-kompakt-SUV-viertuerer-0007.jpg 938w, https:\/\/vendiauto.com\/blog\/wp-content\/uploads\/2014\/09\/Mini-Countryman-2017-kompakt-SUV-viertuerer-0007-300x225.jpg 300w, https:\/\/vendiauto.com\/blog\/wp-content\/uploads\/2014\/09\/Mini-Countryman-2017-kompakt-SUV-viertuerer-0007-900x675.jpg 900w\" sizes=\"(max-width: 540px) 100vw, 540px\" \/><\/p>\n<p>Mentre ieri parlavamo della Mini e della sua vittoria del premio di &#8220;<a href=\"https:\/\/vendiauto.com\/blog\/la-nuova-mini-e-lauto-piu-bella-del-2014-2014\" target=\"_blank\">auto pi\u00f9 bella del 2014<\/a>&#8220;, oggi possiamo proporvi un&#8217;altra succulenta novit\u00e0 per il marchio anglo tedesco. Quella che vedete nella foto \u00e8 la prima immagine della nuova Countryman su strada impegnata durante i test drive.<\/p>\n<p><!--more--><\/p>\n<p>Ricordiamo che la Countryman vide la luce nel 2010 e fu una novit\u00e0 molto gradita dagli appassionati Mini e non solo! Oggi, a distanza di 4 anni dalla presentazione e di qualche mese dal leggero restyling, la<strong> Countryman di seconda generazione<\/strong> si rif\u00e0 il trucco. Dalla foto possiamo notare come lo stile che ha portato fortuna alla &#8220;suv&#8221; compatta della Mini non subisca stravolgimenti significativi, abbracciando una piega stilistica nel segno della<strong> continuit\u00e0<\/strong> e della tradizione. Ancora \u00e8 presto per giudicare il risultato finale per via delle camuffature che ancora impediscono una completa visuale dell&#8217;insieme, per\u00f2 possiamo gi\u00e0 notare una certa continuit\u00e0 di forme.<\/p>\n<p>Squadra che vince non si cambia, quindi! Non del tutto: dalle prime indiscrezioni sembra che la nuova Countryman sia un po&#8217; pi\u00f9 lunga dell&#8217;attuale versione, frutto della <strong>nuova piattaforma UKL<\/strong>: i centimetri in pi\u00f9 saranno tutti a disposizione dei cinque occupanti e del bagagliaio. Inoltre sembra evidente come la targa posteriore della nuova Countryman venga inglobata nel portellone e non pi\u00f9 nel paraurti. Al momento nulla pi\u00f9 \u00e8 dato sapere, se non la data di presentazione: la nuova generazione di Mini Countryman verr\u00e0 lanciata nel corso del <strong>2016<\/strong>.<\/p>\n\n<div style=\"font-size: 0px; height: 0px; line-height: 0px; margin: 0; padding: 0; clear: both;\"><\/div><!-- Begin Yuzo --><div class='yuzo_related_post style-1'  data-version='5.12.88'><!-- without result --><div class='yuzo_clearfixed yuzo__title yuzo__title'><h2>Potrebbe anche Interessarti <\/h2><\/div>\n\t\t\t\t\t\t  <div class=\"relatedthumb \" style=\"width:125px;float:left;overflow:hidden;\">  \n\t\t\t\t\t\t\t  \n\t\t\t\t\t\t\t  <a  href=\"https:\/\/vendiauto.com\/blog\/audi-italia-raggiunta-quota-di-mercato-record-2013\"  >\n\t\t\t\t\t\t\t\t\t  <div class=\"yuzo-img-wrap \" style=\"width: 125px;height:90px;\">\n\t\t\t\t\t\t\t\t\t\t\n\t\t\t\t\t\t\t\t\t\t<div class=\"yuzo-img\" style=\"background:url('https:\/\/vendiauto.com\/blog\/wp-content\/uploads\/2013\/01\/audi-q5-q5120120-medium-150x150.jpg') 50% 50% no-repeat;width: 125px;height:90px;margin-bottom: 5px;background-size: cover; \"><\/div>\n\t\t\t\t\t\t\t\t\t  <\/div>\n\t\t\t\t\t\t\t\t\t  \n\t\t\t\t\t\t\t\t   <span class=\"yuzo__text--title\" style=\"font-size:13px;\">Audi Italia raggiunta quota di mercato record<\/span>\n\t\t\t\t\t\t\t  \n\t\t\t\t\t\t\t  \n\t\t\t\t\t\t\t  <\/a>\n\n\t\t\t\t\t\t  <\/div>\n\t\t\t\t\t\t  <div class=\"relatedthumb \" style=\"width:125px;float:left;overflow:hidden;\">  \n\t\t\t\t\t\t\t  \n\t\t\t\t\t\t\t  <a  href=\"https:\/\/vendiauto.com\/blog\/lerede-della-ferrari-enzo-pronta-per-il-2012-2011\"  >\n\t\t\t\t\t\t\t\t\t  <div class=\"yuzo-img-wrap \" style=\"width: 125px;height:90px;\">\n\t\t\t\t\t\t\t\t\t\t\n\t\t\t\t\t\t\t\t\t\t<div class=\"yuzo-img\" style=\"background:url('https:\/\/vendiauto.com\/blog\/wp-content\/uploads\/2011\/10\/Yellow-Ferrari-ENzo-150x150.jpg') 50% 50% no-repeat;width: 125px;height:90px;margin-bottom: 5px;background-size: cover; \"><\/div>\n\t\t\t\t\t\t\t\t\t  <\/div>\n\t\t\t\t\t\t\t\t\t  \n\t\t\t\t\t\t\t\t   <span class=\"yuzo__text--title\" style=\"font-size:13px;\">L\u2019erede della Ferrari Enzo pronta per il 201...<\/span>\n\t\t\t\t\t\t\t  \n\t\t\t\t\t\t\t  \n\t\t\t\t\t\t\t  <\/a>\n\n\t\t\t\t\t\t  <\/div>\n\t\t\t\t\t\t  <div class=\"relatedthumb \" style=\"width:125px;float:left;overflow:hidden;\">  \n\t\t\t\t\t\t\t  \n\t\t\t\t\t\t\t  <a  href=\"https:\/\/vendiauto.com\/blog\/gia-record-di-vendite-per-ferrari-ff-e-lamborghini-aventador-2011\"  >\n\t\t\t\t\t\t\t\t\t  <div class=\"yuzo-img-wrap \" style=\"width: 125px;height:90px;\">\n\t\t\t\t\t\t\t\t\t\t\n\t\t\t\t\t\t\t\t\t\t<div class=\"yuzo-img\" style=\"background:url('https:\/\/vendiauto.com\/blog\/wp-content\/uploads\/2011\/03\/aventador-wink-150x150.jpg') 50% 50% no-repeat;width: 125px;height:90px;margin-bottom: 5px;background-size: cover; \"><\/div>\n\t\t\t\t\t\t\t\t\t  <\/div>\n\t\t\t\t\t\t\t\t\t  \n\t\t\t\t\t\t\t\t   <span class=\"yuzo__text--title\" style=\"font-size:13px;\">Gi\u00e0 record di vendite per Ferrari FF e Lamborghini...<\/span>\n\t\t\t\t\t\t\t  \n\t\t\t\t\t\t\t  \n\t\t\t\t\t\t\t  <\/a>\n\n\t\t\t\t\t\t  <\/div>\n\t\t\t\t\t\t  <div class=\"relatedthumb \" style=\"width:125px;float:left;overflow:hidden;\">  \n\t\t\t\t\t\t\t  \n\t\t\t\t\t\t\t  <a  href=\"https:\/\/vendiauto.com\/blog\/gia-raccolti-14-000-ordini-per-la-nuova-fiat-panda-2012-2012\"  >\n\t\t\t\t\t\t\t\t\t  <div class=\"yuzo-img-wrap \" style=\"width: 125px;height:90px;\">\n\t\t\t\t\t\t\t\t\t\t\n\t\t\t\t\t\t\t\t\t\t<div class=\"yuzo-img\" style=\"background:url('https:\/\/vendiauto.com\/blog\/wp-content\/uploads\/2012\/02\/nuova-fiat-panda-2012-150x150.jpg') 50% 50% no-repeat;width: 125px;height:90px;margin-bottom: 5px;background-size: cover; \"><\/div>\n\t\t\t\t\t\t\t\t\t  <\/div>\n\t\t\t\t\t\t\t\t\t  \n\t\t\t\t\t\t\t\t   <span class=\"yuzo__text--title\" style=\"font-size:13px;\">Gi\u00e0 raccolti 14.000 ordini per la nuova Fiat Panda...<\/span>\n\t\t\t\t\t\t\t  \n\t\t\t\t\t\t\t  \n\t\t\t\t\t\t\t  <\/a>\n\n\t\t\t\t\t\t  <\/div>\n<\/div> <script>\n\t\t\t\t\t\t  jQuery(document).ready(function( $ ){\n\t\t\t\t\t\t\t\/\/jQuery('.yuzo_related_post').equalizer({ overflow : 'relatedthumb' });\n\t\t\t\t\t\t\tjQuery('.yuzo_related_post .yuzo_wraps').equalizer({ columns : '> div' });\n\t\t\t\t\t\t   })\n\t\t\t\t\t\t  <\/script> <!-- End Yuzo :) -->","protected":false},"excerpt":{"rendered":"<p>Mentre ieri parlavamo della Mini e della sua vittoria del premio di &#8220;auto pi\u00f9 bella del 2014&#8220;, oggi possiamo proporvi un&#8217;altra succulenta novit\u00e0 per il marchio anglo tedesco. Quella che vedete nella foto \u00e8 la prima immagine della nuova Countryman su strada impegnata durante i test drive. Potrebbe anche Interessarti Noleggio a lungo termine: ecco [&hellip;]<\/p>\n","protected":false},"author":3,"featured_media":10990,"comment_status":"open","ping_status":"open","sticky":false,"template":"","format":"standard","meta":[],"categories":[2110],"tags":[1916,46,45],"_links":{"self":[{"href":"https:\/\/vendiauto.com\/blog\/wp-json\/wp\/v2\/posts\/10989"}],"collection":[{"href":"https:\/\/vendiauto.com\/blog\/wp-json\/wp\/v2\/posts"}],"about":[{"href":"https:\/\/vendiauto.com\/blog\/wp-json\/wp\/v2\/types\/post"}],"author":[{"embeddable":true,"href":"https:\/\/vendiauto.com\/blog\/wp-json\/wp\/v2\/users\/3"}],"replies":[{"embeddable":true,"href":"https:\/\/vendiauto.com\/blog\/wp-json\/wp\/v2\/comments?post=10989"}],"version-history":[{"count":2,"href":"https:\/\/vendiauto.com\/blog\/wp-json\/wp\/v2\/posts\/10989\/revisions"}],"predecessor-version":[{"id":10992,"href":"https:\/\/vendiauto.com\/blog\/wp-json\/wp\/v2\/posts\/10989\/revisions\/10992"}],"wp:featuredmedia":[{"embeddable":true,"href":"https:\/\/vendiauto.com\/blog\/wp-json\/wp\/v2\/media\/10990"}],"wp:attachment":[{"href":"https:\/\/vendiauto.com\/blog\/wp-json\/wp\/v2\/media?parent=10989"}],"wp:term":[{"taxonomy":"category","embeddable":true,"href":"https:\/\/vendiauto.com\/blog\/wp-json\/wp\/v2\/categories?post=10989"},{"taxonomy":"post_tag","embeddable":true,"href":"https:\/\/vendiauto.com\/blog\/wp-json\/wp\/v2\/tags?post=10989"}],"curies":[{"name":"wp","href":"https:\/\/api.w.org\/{rel}","templated":true}]}}