{"id":10994,"date":"2014-09-25T08:03:57","date_gmt":"2014-09-25T07:03:57","guid":{"rendered":"http:\/\/blog.vendiauto.com\/?p=10994"},"modified":"2016-09-14T11:34:45","modified_gmt":"2016-09-14T10:34:45","slug":"la-nuova-ford-mondeo-sbarca-in-europa","status":"publish","type":"post","link":"https:\/\/vendiauto.com\/blog\/la-nuova-ford-mondeo-sbarca-in-europa-2014","title":{"rendered":"La nuova Ford Mondeo sbarca in Europa!"},"content":{"rendered":"\n<!-- Quick Adsense WordPress Plugin: http:\/\/quickadsense.com\/ -->\n<div style=\"float: none; margin:10px 0 10px 0; text-align:center;\">\n<!--leonative-->\r\n<!-- 5x1 -->\r\n<div id='div-gpt-ad-5x1-0' class='div-gpt-ad div-gpt-ad-inread'>\r\n<script type='text\/javascript'>\r\ngoogletag.cmd.push(function() { googletag.display('div-gpt-ad-5x1-0'); });\r\n<\/script>\r\n<\/div>\n<\/div>\n<p><img loading=\"lazy\" class=\"alignnone wp-image-10995\" src=\"https:\/\/vendiauto.com\/blog\/wp-content\/uploads\/2014\/09\/cq5dam.web_.650.6002.jpeg\" alt=\"cq5dam.web.650.600\" width=\"540\" height=\"347\" srcset=\"https:\/\/vendiauto.com\/blog\/wp-content\/uploads\/2014\/09\/cq5dam.web_.650.6002.jpeg 560w, https:\/\/vendiauto.com\/blog\/wp-content\/uploads\/2014\/09\/cq5dam.web_.650.6002-300x192.jpeg 300w\" sizes=\"(max-width: 540px) 100vw, 540px\" \/><\/p>\n<p>Finalmente dopo tanti rinvii \u00e8 pronta a sbarcare anche in Europa: stiamo parlando della nuova <strong>Ford Mondeo<\/strong>. In effetti la quinta generazione della grossa berlina dell&#8217;ovale blu fu presentata nel settembre del 2012 con l&#8217;idea di conquistare anche il vecchio continente, ma a causa di problemi logistici la Mondeo non riusc\u00ec a debuttare nel suo mercato di riferimento.<\/p>\n<p><!--more--><\/p>\n<p>A due anni di distanza per\u00f2 Ford \u00e8 riuscita nel suo intento e si appresta a presentare al grande pubblico in occasione del prossimo <strong>Salone di Parigi<\/strong> di ottobre la nuova nata. Destinata a raccogliere l&#8217;eredit\u00e0 delle precedenti generazioni, la nuova Mondeo si presenta con un <strong>design<\/strong> in linea con l&#8217;ultimo family feeling di casa madre ma con un pizzico in pi\u00f9 di aggressivit\u00e0: calandra esagonale come ormai da standard Ford, gruppi ottici sottili, cofano lungo, linea del tetto arcuata e fiancata importante.<\/p>\n<p>Design a parte, la nuova Ford Mondeo porta al debutto anche una serie di novit\u00e0 dal punto di vista tecnico sia a livello di motori che di tecnologia. Innanzitutto la nuova <strong>piattaforma modulare<\/strong> che sar\u00e0 destinata a tutte le future Ford di segmento C e D e che \u00e8 caratterizzata da una rigidit\u00e0 torsionale cresciuta del 10% rispetto alla precedente versione. Inoltre per la prima volta la scocca della nuova vettura \u00e8 stata creata con diversi elementi: acciaio idroformato ad alta resistenza per i montanti anteriori e centrali, magnesio per la struttura del bagagliaio e plastica riciclata per i supporti del paraurti anteriore.<\/p>\n<p><img loading=\"lazy\" class=\"alignnone wp-image-10996\" src=\"https:\/\/vendiauto.com\/blog\/wp-content\/uploads\/2014\/09\/cq5dam.web_.650.600-11.jpeg\" alt=\"cq5dam.web.650.600 (1)\" width=\"540\" height=\"347\" srcset=\"https:\/\/vendiauto.com\/blog\/wp-content\/uploads\/2014\/09\/cq5dam.web_.650.600-11.jpeg 557w, https:\/\/vendiauto.com\/blog\/wp-content\/uploads\/2014\/09\/cq5dam.web_.650.600-11-300x192.jpeg 300w\" sizes=\"(max-width: 540px) 100vw, 540px\" \/><\/p>\n<p>&nbsp;<\/p>\n<p>Novit\u00e0, come dicevamo, anche sul piano motoristico: la nuova Mondeo monter\u00e0 l&#8217;innovativo <strong>1.0 EcoBoost 3 cilindri da 125 cv<\/strong>, i 1.5 EcoBoost da 160 cv e 2.0 da 203 e 240 cv tutti alimentati a benzina. Sul fronte del diesel invece troviamo il 1.6 EcoNetic ed il <strong>2.0 TDCi biturbo da 210 cv<\/strong> e da 150 e 180 cv con turbina singola. Ma non \u00e8 tutto: la nuova Mondeo sar\u00e0 disponibile per la prima volta anche con una <strong>motorizzazione ibrida<\/strong> in cui il 2.0 benzina sar\u00e0 abbinato ad un motore elettrico collegata alle ruote anteriori e ad un secondo propulsore elettrico avente funzione di ricarica delle batterie. La nuova Ford Mondeo debutter\u00e0 nelle versioni berlina a 4 e 5 porte e nella variante station wagon e sar\u00e0 dotata di trazione anteriore e, a richiesta, di trazione integrale.<\/p>\n<p style=\"font-weight: 200; color: #666666;\">\n\n<div style=\"font-size: 0px; height: 0px; line-height: 0px; margin: 0; padding: 0; clear: both;\"><\/div><!-- Begin Yuzo --><div class='yuzo_related_post style-1'  data-version='5.12.88'><!-- without result --><div class='yuzo_clearfixed yuzo__title yuzo__title'><h2>Potrebbe anche Interessarti <\/h2><\/div>\n\t\t\t\t\t\t  <div class=\"relatedthumb \" style=\"width:125px;float:left;overflow:hidden;\">  \n\t\t\t\t\t\t\t  \n\t\t\t\t\t\t\t  <a  href=\"https:\/\/vendiauto.com\/blog\/nuova-mini-paceman-al-salone-di-detroit-2011-2011\"  >\n\t\t\t\t\t\t\t\t\t  <div class=\"yuzo-img-wrap \" style=\"width: 125px;height:90px;\">\n\t\t\t\t\t\t\t\t\t\t\n\t\t\t\t\t\t\t\t\t\t<div class=\"yuzo-img\" style=\"background:url('https:\/\/vendiauto.com\/blog\/wp-content\/uploads\/2011\/01\/mini-paceman-3dietro-150x150.jpg') 50% 50% no-repeat;width: 125px;height:90px;margin-bottom: 5px;background-size: cover; \"><\/div>\n\t\t\t\t\t\t\t\t\t  <\/div>\n\t\t\t\t\t\t\t\t\t  \n\t\t\t\t\t\t\t\t   <span class=\"yuzo__text--title\" style=\"font-size:13px;\">Nuova Mini Paceman al Salone di Detroit 2011<\/span>\n\t\t\t\t\t\t\t  \n\t\t\t\t\t\t\t  \n\t\t\t\t\t\t\t  <\/a>\n\n\t\t\t\t\t\t  <\/div>\n\t\t\t\t\t\t  <div class=\"relatedthumb \" style=\"width:125px;float:left;overflow:hidden;\">  \n\t\t\t\t\t\t\t  \n\t\t\t\t\t\t\t  <a  href=\"https:\/\/vendiauto.com\/blog\/nuova-audi-s3-dinamicita-compatta-2013\"  >\n\t\t\t\t\t\t\t\t\t  <div class=\"yuzo-img-wrap \" style=\"width: 125px;height:90px;\">\n\t\t\t\t\t\t\t\t\t\t\n\t\t\t\t\t\t\t\t\t\t<div class=\"yuzo-img\" style=\"background:url('https:\/\/vendiauto.com\/blog\/wp-content\/uploads\/2013\/04\/Nuova-audi-s3-150x150.jpg') 50% 50% no-repeat;width: 125px;height:90px;margin-bottom: 5px;background-size: cover; \"><\/div>\n\t\t\t\t\t\t\t\t\t  <\/div>\n\t\t\t\t\t\t\t\t\t  \n\t\t\t\t\t\t\t\t   <span class=\"yuzo__text--title\" style=\"font-size:13px;\">Nuova Audi S3: dinamicit\u00e0 compatta<\/span>\n\t\t\t\t\t\t\t  \n\t\t\t\t\t\t\t  \n\t\t\t\t\t\t\t  <\/a>\n\n\t\t\t\t\t\t  <\/div>\n\t\t\t\t\t\t  <div class=\"relatedthumb \" style=\"width:125px;float:left;overflow:hidden;\">  \n\t\t\t\t\t\t\t  \n\t\t\t\t\t\t\t  <a  href=\"https:\/\/vendiauto.com\/blog\/range-sport-autobiography-2010\"  >\n\t\t\t\t\t\t\t\t\t  <div class=\"yuzo-img-wrap \" style=\"width: 125px;height:90px;\">\n\t\t\t\t\t\t\t\t\t\t\n\t\t\t\t\t\t\t\t\t\t<div class=\"yuzo-img\" style=\"background:url('https:\/\/vendiauto.com\/blog\/wp-content\/uploads\/2010\/06\/Range_Rover_Autobiography-150x150.jpg') 50% 50% no-repeat;width: 125px;height:90px;margin-bottom: 5px;background-size: cover; \"><\/div>\n\t\t\t\t\t\t\t\t\t  <\/div>\n\t\t\t\t\t\t\t\t\t  \n\t\t\t\t\t\t\t\t   <span class=\"yuzo__text--title\" style=\"font-size:13px;\">RANGE ROVER SPORT 3.0 TDv6 HSE \u201cAUTOBIOGRAPHY\u201d<\/span>\n\t\t\t\t\t\t\t  \n\t\t\t\t\t\t\t  \n\t\t\t\t\t\t\t  <\/a>\n\n\t\t\t\t\t\t  <\/div>\n\t\t\t\t\t\t  <div class=\"relatedthumb \" style=\"width:125px;float:left;overflow:hidden;\">  \n\t\t\t\t\t\t\t  \n\t\t\t\t\t\t\t  <a  href=\"https:\/\/vendiauto.com\/blog\/nuova-mercedes-ml-in-arrivo-2011\"  >\n\t\t\t\t\t\t\t\t\t  <div class=\"yuzo-img-wrap \" style=\"width: 125px;height:90px;\">\n\t\t\t\t\t\t\t\t\t\t\n\t\t\t\t\t\t\t\t\t\t<div class=\"yuzo-img\" style=\"background:url('https:\/\/vendiauto.com\/blog\/wp-content\/uploads\/2011\/03\/2011_Mercedes_ML21212121212121-150x150.jpg') 50% 50% no-repeat;width: 125px;height:90px;margin-bottom: 5px;background-size: cover; \"><\/div>\n\t\t\t\t\t\t\t\t\t  <\/div>\n\t\t\t\t\t\t\t\t\t  \n\t\t\t\t\t\t\t\t   <span class=\"yuzo__text--title\" style=\"font-size:13px;\">Nuova Mercedes ML in arrivo?<\/span>\n\t\t\t\t\t\t\t  \n\t\t\t\t\t\t\t  \n\t\t\t\t\t\t\t  <\/a>\n\n\t\t\t\t\t\t  <\/div>\n<\/div> <script>\n\t\t\t\t\t\t  jQuery(document).ready(function( $ ){\n\t\t\t\t\t\t\t\/\/jQuery('.yuzo_related_post').equalizer({ overflow : 'relatedthumb' });\n\t\t\t\t\t\t\tjQuery('.yuzo_related_post .yuzo_wraps').equalizer({ columns : '> div' });\n\t\t\t\t\t\t   })\n\t\t\t\t\t\t  <\/script> <!-- End Yuzo :) -->","protected":false},"excerpt":{"rendered":"<p>Finalmente dopo tanti rinvii \u00e8 pronta a sbarcare anche in Europa: stiamo parlando della nuova Ford Mondeo. In effetti la quinta generazione della grossa berlina dell&#8217;ovale blu fu presentata nel settembre del 2012 con l&#8217;idea di conquistare anche il vecchio continente, ma a causa di problemi logistici la Mondeo non riusc\u00ec a debuttare nel suo [&hellip;]<\/p>\n","protected":false},"author":3,"featured_media":10995,"comment_status":"open","ping_status":"open","sticky":false,"template":"","format":"standard","meta":[],"categories":[2110],"tags":[24,1917],"_links":{"self":[{"href":"https:\/\/vendiauto.com\/blog\/wp-json\/wp\/v2\/posts\/10994"}],"collection":[{"href":"https:\/\/vendiauto.com\/blog\/wp-json\/wp\/v2\/posts"}],"about":[{"href":"https:\/\/vendiauto.com\/blog\/wp-json\/wp\/v2\/types\/post"}],"author":[{"embeddable":true,"href":"https:\/\/vendiauto.com\/blog\/wp-json\/wp\/v2\/users\/3"}],"replies":[{"embeddable":true,"href":"https:\/\/vendiauto.com\/blog\/wp-json\/wp\/v2\/comments?post=10994"}],"version-history":[{"count":1,"href":"https:\/\/vendiauto.com\/blog\/wp-json\/wp\/v2\/posts\/10994\/revisions"}],"predecessor-version":[{"id":10997,"href":"https:\/\/vendiauto.com\/blog\/wp-json\/wp\/v2\/posts\/10994\/revisions\/10997"}],"wp:featuredmedia":[{"embeddable":true,"href":"https:\/\/vendiauto.com\/blog\/wp-json\/wp\/v2\/media\/10995"}],"wp:attachment":[{"href":"https:\/\/vendiauto.com\/blog\/wp-json\/wp\/v2\/media?parent=10994"}],"wp:term":[{"taxonomy":"category","embeddable":true,"href":"https:\/\/vendiauto.com\/blog\/wp-json\/wp\/v2\/categories?post=10994"},{"taxonomy":"post_tag","embeddable":true,"href":"https:\/\/vendiauto.com\/blog\/wp-json\/wp\/v2\/tags?post=10994"}],"curies":[{"name":"wp","href":"https:\/\/api.w.org\/{rel}","templated":true}]}}