{"id":11294,"date":"2014-11-21T09:38:40","date_gmt":"2014-11-21T08:38:40","guid":{"rendered":"http:\/\/blog.vendiauto.com\/?p=11294"},"modified":"2016-09-14T15:37:14","modified_gmt":"2016-09-14T14:37:14","slug":"svelata-al-salone-di-los-angeles-la-nuova-audi-prologue","status":"publish","type":"post","link":"https:\/\/vendiauto.com\/blog\/svelata-al-salone-di-los-angeles-la-nuova-audi-prologue-2014","title":{"rendered":"Svelata al Salone di Los Angeles la nuova Audi Prologue!"},"content":{"rendered":"\n<!-- Quick Adsense WordPress Plugin: http:\/\/quickadsense.com\/ -->\n<div style=\"float: none; margin:10px 0 10px 0; text-align:center;\">\n<!--leonative-->\r\n<!-- 5x1 -->\r\n<div id='div-gpt-ad-5x1-0' class='div-gpt-ad div-gpt-ad-inread'>\r\n<script type='text\/javascript'>\r\ngoogletag.cmd.push(function() { googletag.display('div-gpt-ad-5x1-0'); });\r\n<\/script>\r\n<\/div>\n<\/div>\n<p><img loading=\"lazy\" class=\"alignnone wp-image-11296\" src=\"https:\/\/vendiauto.com\/blog\/wp-content\/uploads\/2014\/11\/cq5dam.web_.960.800.jpeg\" alt=\"cq5dam.web.960.800\" width=\"540\" height=\"385\" srcset=\"https:\/\/vendiauto.com\/blog\/wp-content\/uploads\/2014\/11\/cq5dam.web_.960.800.jpeg 960w, https:\/\/vendiauto.com\/blog\/wp-content\/uploads\/2014\/11\/cq5dam.web_.960.800-300x214.jpeg 300w\" sizes=\"(max-width: 540px) 100vw, 540px\" \/><\/p>\n<p>Ne avevamo anticipato il design qualche giorno fa tramite un<a href=\"https:\/\/vendiauto.com\/blog\/al-salone-di-los-angeles-la-nuova-audi-a9-ecco-il-video-teaser-2014\" target=\"_blank\"> video teaser <\/a>rilasciato proprio da Audi: oggi possiamo farvi vedere le prime foto del nuovo prototipo della casa dei quattro anelli denominato <strong>Prologue<\/strong> e presentato ufficialmente durante il <strong>Salone di Los Angeles<\/strong> che si sta svolgendo in questi giorni.<!--more-->La Prologue \u00e8 la prima proposta di nuovo modello firmata dal nuovo responsabile del design Audi che risponde al nome di <strong>Marc Lichte<\/strong>, promosso a prima firma stilistica della casa di Ingolstadt dopo un lungo trascorso in Volkswagen. Lichte definisce la sua concept come &#8220;<em>la pi\u00f9 sportiva tra le auto di lusso<\/em>&#8221; e ha disegnato le sue linee immaginando un nuovo corso stilistico per la casa tedesca. Un corso stilistico fatto da linee pi\u00f9 spigolose e pi\u00f9 muscolose rispetto a quelle viste fino ad oggi: muso pi\u00f9 affilato, grande calandra esagonale che si sviluppa soprattutto in larghezza, gruppi ottici aggressivi, prese d&#8217;aria pi\u00f9 marcate e superfici vetrate molto sviluppate caratterizzano la nuova Prologue. Tutti elementi votati a delineare una grande coup\u00e8 di prestigio dal design forte ed emozionale. Cos\u00ec come i passaruota che sembrano ripresi dalla leggendaria Audi Quattro del 1980: muscolosi, forti, bombati&#8230;esprimono in un solo colpo eleganza e sportivit\u00e0, oltre a richiamare alla mente la tradizione della trazione integrale &#8220;Quattro&#8221;.<\/p>\n<p><a href=\"https:\/\/vendiauto.com\/blog\/wp-content\/uploads\/2014\/11\/cq5dam.web_.960.800-1.jpeg\"><img loading=\"lazy\" class=\"alignnone wp-image-11297\" src=\"https:\/\/vendiauto.com\/blog\/wp-content\/uploads\/2014\/11\/cq5dam.web_.960.800-1.jpeg\" alt=\"cq5dam.web.960.800 (1)\" width=\"540\" height=\"405\" srcset=\"https:\/\/vendiauto.com\/blog\/wp-content\/uploads\/2014\/11\/cq5dam.web_.960.800-1.jpeg 960w, https:\/\/vendiauto.com\/blog\/wp-content\/uploads\/2014\/11\/cq5dam.web_.960.800-1-300x225.jpeg 300w\" sizes=\"(max-width: 540px) 100vw, 540px\" \/><\/a><\/p>\n<p>Ma oltre alla tradizione la nuova Prologue mostra anche elementi innovativi come il lunotto concavo, soluzione gi\u00e0 vista qualche anno fa sulla Citroen C5. Essendo una vettura marcatamente sportiva, la Prologue non poteva non montare un propulsore all&#8217;altezza e cos\u00ec gli ingegneri hanno optato per un <strong>V8 4.0 TFSI biturbo<\/strong> da 605 cv di potenza. Prestazioni? Comunicato solo lo 0-100 km\/h in appena 3,7 secondi!<\/p>\n\n<div style=\"font-size: 0px; height: 0px; line-height: 0px; margin: 0; padding: 0; clear: both;\"><\/div><!-- Begin Yuzo --><div class='yuzo_related_post style-1'  data-version='5.12.88'><!-- without result --><div class='yuzo_clearfixed yuzo__title yuzo__title'><h2>Potrebbe anche Interessarti <\/h2><\/div>\n\t\t\t\t\t\t  <div class=\"relatedthumb \" style=\"width:125px;float:left;overflow:hidden;\">  \n\t\t\t\t\t\t\t  \n\t\t\t\t\t\t\t  <a  href=\"https:\/\/vendiauto.com\/blog\/incidenti-stradali-il-rapporto-aci-istat-2012\"  >\n\t\t\t\t\t\t\t\t\t  <div class=\"yuzo-img-wrap \" style=\"width: 125px;height:90px;\">\n\t\t\t\t\t\t\t\t\t\t\n\t\t\t\t\t\t\t\t\t\t<div class=\"yuzo-img\" style=\"background:url('https:\/\/vendiauto.com\/blog\/wp-content\/uploads\/2012\/11\/incidenti-stradali-2011-150x150.jpg') 50% 50% no-repeat;width: 125px;height:90px;margin-bottom: 5px;background-size: cover; \"><\/div>\n\t\t\t\t\t\t\t\t\t  <\/div>\n\t\t\t\t\t\t\t\t\t  \n\t\t\t\t\t\t\t\t   <span class=\"yuzo__text--title\" style=\"font-size:13px;\">Incidenti stradali il rapporto Aci-Istat<\/span>\n\t\t\t\t\t\t\t  \n\t\t\t\t\t\t\t  \n\t\t\t\t\t\t\t  <\/a>\n\n\t\t\t\t\t\t  <\/div>\n\t\t\t\t\t\t  <div class=\"relatedthumb \" style=\"width:125px;float:left;overflow:hidden;\">  \n\t\t\t\t\t\t\t  \n\t\t\t\t\t\t\t  <a  href=\"https:\/\/vendiauto.com\/blog\/lancia-delta-protagonista-al-final-event-del-progetto-eurofot-2012\"  >\n\t\t\t\t\t\t\t\t\t  <div class=\"yuzo-img-wrap \" style=\"width: 125px;height:90px;\">\n\t\t\t\t\t\t\t\t\t\t\n\t\t\t\t\t\t\t\t\t\t<div class=\"yuzo-img\" style=\"background:url('https:\/\/vendiauto.com\/blog\/wp-content\/uploads\/2012\/06\/lancia-delta-interni-150x150.jpg') 50% 50% no-repeat;width: 125px;height:90px;margin-bottom: 5px;background-size: cover; \"><\/div>\n\t\t\t\t\t\t\t\t\t  <\/div>\n\t\t\t\t\t\t\t\t\t  \n\t\t\t\t\t\t\t\t   <span class=\"yuzo__text--title\" style=\"font-size:13px;\">Lancia Delta protagonista al \u201cFinal Event&#8...<\/span>\n\t\t\t\t\t\t\t  \n\t\t\t\t\t\t\t  \n\t\t\t\t\t\t\t  <\/a>\n\n\t\t\t\t\t\t  <\/div>\n\t\t\t\t\t\t  <div class=\"relatedthumb \" style=\"width:125px;float:left;overflow:hidden;\">  \n\t\t\t\t\t\t\t  \n\t\t\t\t\t\t\t  <a  href=\"https:\/\/vendiauto.com\/blog\/outlander-phev-in-anteprima-al-motor-show-di-parigi-2012-2012\"  >\n\t\t\t\t\t\t\t\t\t  <div class=\"yuzo-img-wrap \" style=\"width: 125px;height:90px;\">\n\t\t\t\t\t\t\t\t\t\t\n\t\t\t\t\t\t\t\t\t\t<div class=\"yuzo-img\" style=\"background:url('https:\/\/vendiauto.com\/blog\/wp-content\/uploads\/2012\/09\/anteprima-mitsubishi-outlander-phev2012-150x150.jpg') 50% 50% no-repeat;width: 125px;height:90px;margin-bottom: 5px;background-size: cover; \"><\/div>\n\t\t\t\t\t\t\t\t\t  <\/div>\n\t\t\t\t\t\t\t\t\t  \n\t\t\t\t\t\t\t\t   <span class=\"yuzo__text--title\" style=\"font-size:13px;\">Outlander PHEV in anteprima al Motor Show di Parig...<\/span>\n\t\t\t\t\t\t\t  \n\t\t\t\t\t\t\t  \n\t\t\t\t\t\t\t  <\/a>\n\n\t\t\t\t\t\t  <\/div>\n\t\t\t\t\t\t  <div class=\"relatedthumb \" style=\"width:125px;float:left;overflow:hidden;\">  \n\t\t\t\t\t\t\t  \n\t\t\t\t\t\t\t  <a  href=\"https:\/\/vendiauto.com\/blog\/bentornata-honda-nsx-2015\"  >\n\t\t\t\t\t\t\t\t\t  <div class=\"yuzo-img-wrap \" style=\"width: 125px;height:90px;\">\n\t\t\t\t\t\t\t\t\t\t\n\t\t\t\t\t\t\t\t\t\t<div class=\"yuzo-img\" style=\"background:url('https:\/\/vendiauto.com\/blog\/wp-content\/uploads\/2015\/01\/cq5dam.web_.650.600-21-150x150.jpeg') 50% 50% no-repeat;width: 125px;height:90px;margin-bottom: 5px;background-size: cover; \"><\/div>\n\t\t\t\t\t\t\t\t\t  <\/div>\n\t\t\t\t\t\t\t\t\t  \n\t\t\t\t\t\t\t\t   <span class=\"yuzo__text--title\" style=\"font-size:13px;\">Bentornata Honda NSX!<\/span>\n\t\t\t\t\t\t\t  \n\t\t\t\t\t\t\t  \n\t\t\t\t\t\t\t  <\/a>\n\n\t\t\t\t\t\t  <\/div>\n<\/div> <script>\n\t\t\t\t\t\t  jQuery(document).ready(function( $ ){\n\t\t\t\t\t\t\t\/\/jQuery('.yuzo_related_post').equalizer({ overflow : 'relatedthumb' });\n\t\t\t\t\t\t\tjQuery('.yuzo_related_post .yuzo_wraps').equalizer({ columns : '> div' });\n\t\t\t\t\t\t   })\n\t\t\t\t\t\t  <\/script> <!-- End Yuzo :) -->","protected":false},"excerpt":{"rendered":"<p>Ne avevamo anticipato il design qualche giorno fa tramite un video teaser rilasciato proprio da Audi: oggi possiamo farvi vedere le prime foto del nuovo prototipo della casa dei quattro anelli denominato Prologue e presentato ufficialmente durante il Salone di Los Angeles che si sta svolgendo in questi giorni. Potrebbe anche Interessarti Auto e Moto [&hellip;]<\/p>\n","protected":false},"author":3,"featured_media":11296,"comment_status":"open","ping_status":"open","sticky":false,"template":"","format":"standard","meta":[],"categories":[2110],"tags":[14,1968],"_links":{"self":[{"href":"https:\/\/vendiauto.com\/blog\/wp-json\/wp\/v2\/posts\/11294"}],"collection":[{"href":"https:\/\/vendiauto.com\/blog\/wp-json\/wp\/v2\/posts"}],"about":[{"href":"https:\/\/vendiauto.com\/blog\/wp-json\/wp\/v2\/types\/post"}],"author":[{"embeddable":true,"href":"https:\/\/vendiauto.com\/blog\/wp-json\/wp\/v2\/users\/3"}],"replies":[{"embeddable":true,"href":"https:\/\/vendiauto.com\/blog\/wp-json\/wp\/v2\/comments?post=11294"}],"version-history":[{"count":1,"href":"https:\/\/vendiauto.com\/blog\/wp-json\/wp\/v2\/posts\/11294\/revisions"}],"predecessor-version":[{"id":11298,"href":"https:\/\/vendiauto.com\/blog\/wp-json\/wp\/v2\/posts\/11294\/revisions\/11298"}],"wp:featuredmedia":[{"embeddable":true,"href":"https:\/\/vendiauto.com\/blog\/wp-json\/wp\/v2\/media\/11296"}],"wp:attachment":[{"href":"https:\/\/vendiauto.com\/blog\/wp-json\/wp\/v2\/media?parent=11294"}],"wp:term":[{"taxonomy":"category","embeddable":true,"href":"https:\/\/vendiauto.com\/blog\/wp-json\/wp\/v2\/categories?post=11294"},{"taxonomy":"post_tag","embeddable":true,"href":"https:\/\/vendiauto.com\/blog\/wp-json\/wp\/v2\/tags?post=11294"}],"curies":[{"name":"wp","href":"https:\/\/api.w.org\/{rel}","templated":true}]}}