{"id":11354,"date":"2014-12-03T09:30:27","date_gmt":"2014-12-03T08:30:27","guid":{"rendered":"http:\/\/blog.vendiauto.com\/?p=11354"},"modified":"2016-09-14T15:07:30","modified_gmt":"2016-09-14T14:07:30","slug":"la-gregis-automobili-entra-nel-settore-delle-auto-di-nicchia","status":"publish","type":"post","link":"https:\/\/vendiauto.com\/blog\/la-gregis-automobili-entra-nel-settore-delle-auto-di-nicchia-2014","title":{"rendered":"La Gregis Automobili entra nel settore delle auto di nicchia"},"content":{"rendered":"\n<!-- Quick Adsense WordPress Plugin: http:\/\/quickadsense.com\/ -->\n<div style=\"float: none; margin:10px 0 10px 0; text-align:center;\">\n<!--leonative-->\r\n<!-- 5x1 -->\r\n<div id='div-gpt-ad-5x1-0' class='div-gpt-ad div-gpt-ad-inread'>\r\n<script type='text\/javascript'>\r\ngoogletag.cmd.push(function() { googletag.display('div-gpt-ad-5x1-0'); });\r\n<\/script>\r\n<\/div>\n<\/div>\n<p>&nbsp;<\/p>\n<p><img loading=\"lazy\" class=\"alignnone wp-image-11356\" src=\"https:\/\/vendiauto.com\/blog\/wp-content\/uploads\/2014\/12\/1456670_1662212027338561_5680346783306104410_n.jpg\" alt=\"1456670_1662212027338561_5680346783306104410_n\" width=\"540\" height=\"357\" srcset=\"https:\/\/vendiauto.com\/blog\/wp-content\/uploads\/2014\/12\/1456670_1662212027338561_5680346783306104410_n.jpg 677w, https:\/\/vendiauto.com\/blog\/wp-content\/uploads\/2014\/12\/1456670_1662212027338561_5680346783306104410_n-300x198.jpg 300w\" sizes=\"(max-width: 540px) 100vw, 540px\" \/><\/p>\n<p>L\u2019anno che sta per concludersi potrebbe rappresentare l\u2019alba per un nuovo costruttore di automobili di nicchia: la <strong>Gregis Automobili<\/strong>. Come si pu\u00f2 evincere facilmente dal nome, Gregis \u00e8 il cognome del fondatore che risponde al nome di Gianluca. Ardua impresa quella di cimentarsi nel settore delle auto sportive, ma decisamente molto affascinante. Dopotutto la sfida di costruire auto sportive identificate col proprio nome \u00e8 di gran lunga ancor pi\u00f9 affascinante.<\/p>\n<p><!--more-->Ed \u00e8 la sfida in cui si vuole lanciare Gregis che dopo i primi 40 anni trascorsi gi\u00e0 nel mondo automotive ha deciso di presentare un nuovo marchio automobilistico col il suo nome. Gregis infatti dice che: \u201c<em>quarant\u2019anni \u00e8 la giusta et\u00e0 per chi vuole disegnare una propria vettura e costruire un proprio marchio cos\u00ec come molti hanno gi\u00e0 fatto in precedenza. Guardate Pagani: io ammiro il lavoro fatto da Horacio e tutto quello che \u00e8 stato in grado di creare in venti anni col marchio che porta il suo nome. Ora lui \u00e8 il punto di riferimento per tutti i costruttori e io vorrei fare lo stesso!<\/em>\u201d Parole forti che fanno capire la grande volont\u00e0 e determinazione di creare qualcosa di unico. Qualcosa di unico come potrebbe essere il primo prototipo che Gregis ha in mente e di cui ci fa vedere i primi render: la Gregis <strong>Miranda<\/strong>, nome esotico per una vettura che dovrebbe essere un tributo ad una delle pi\u00f9 belle roadster italiane mai realizzate, la Lancia Aurelia B24.<\/p>\n<p><a href=\"https:\/\/vendiauto.com\/blog\/wp-content\/uploads\/2014\/12\/1-frontGG.jpg\"><img loading=\"lazy\" class=\"alignnone size-large wp-image-11355\" src=\"https:\/\/vendiauto.com\/blog\/wp-content\/uploads\/2014\/12\/1-frontGG-1024x616.jpg\" alt=\"1-frontGG\" width=\"450\" height=\"270\" srcset=\"https:\/\/vendiauto.com\/blog\/wp-content\/uploads\/2014\/12\/1-frontGG-1024x616.jpg 1024w, https:\/\/vendiauto.com\/blog\/wp-content\/uploads\/2014\/12\/1-frontGG-300x180.jpg 300w, https:\/\/vendiauto.com\/blog\/wp-content\/uploads\/2014\/12\/1-frontGG-900x541.jpg 900w, https:\/\/vendiauto.com\/blog\/wp-content\/uploads\/2014\/12\/1-frontGG.jpg 2000w\" sizes=\"(max-width: 450px) 100vw, 450px\" \/><\/a><\/p>\n<p>Il prototipo della Miranda dovrebbe ricalcare le linee della famosa spider italiana del film \u201c<em>Il sorpasso<\/em>\u201d ma con elementi moderni come cerchi in lega da 20\u201d, grossi pneumatici da 335 mm, moderni motori V8 o V12, climatizzatore, navigatore satellitare integrato e cambio manuale o automatico a discrezione del cliente. Riguardo il corpo vettura la Miranda dovrebbe avere una lunghezza di 4,3 metri per una larghezza di circa 2 metri ed un peso di 1.100 kg. Prezzo? All\u2019incirca <strong>130.000 euro<\/strong>. La Miranda nelle intenzioni di Gregis potr\u00e0 essere disponibile su tutti i mercati del mondo e preveder\u00e0 nella quasi totalit\u00e0 dei casi la guida a sinistra, mentre per i mercati inglese e giapponese sar\u00e0 prevista la guida a destra.<\/p>\n<p><img loading=\"lazy\" class=\"alignnone size-large wp-image-11357\" src=\"https:\/\/vendiauto.com\/blog\/wp-content\/uploads\/2014\/12\/2-rearGG-1024x638.jpg\" alt=\"2-rearGG\" width=\"450\" height=\"280\" srcset=\"https:\/\/vendiauto.com\/blog\/wp-content\/uploads\/2014\/12\/2-rearGG-1024x638.jpg 1024w, https:\/\/vendiauto.com\/blog\/wp-content\/uploads\/2014\/12\/2-rearGG-300x186.jpg 300w, https:\/\/vendiauto.com\/blog\/wp-content\/uploads\/2014\/12\/2-rearGG-900x560.jpg 900w, https:\/\/vendiauto.com\/blog\/wp-content\/uploads\/2014\/12\/2-rearGG.jpg 1600w\" sizes=\"(max-width: 450px) 100vw, 450px\" \/><\/p>\n<p>Per rendere pi\u00f9 facile la logistica dei trasporti, Gregis costruir\u00e0 la propria Miranda roadster in una fabbrica sulle<strong> Isole Canarie<\/strong>, precisamente a Tenerife, che ospiteranno anche il quartier generale della neonata Gregis Automobili. Per chi volesse saperne di pi\u00f9 a breve sar\u00e0 online il sito internet dedicato alla Gregis Automobili all\u2019indirizzo <a title=\"http:\/\/www.gregisautomobili.com\/\" href=\"http:\/\/www.gregisautomobili.com\/\" target=\"_blank\">www.GregisAutomobili.com<\/a><\/p>\n\n<div style=\"font-size: 0px; height: 0px; line-height: 0px; margin: 0; padding: 0; clear: both;\"><\/div><!-- Begin Yuzo --><div class='yuzo_related_post style-1'  data-version='5.12.88'><!-- without result --><div class='yuzo_clearfixed yuzo__title yuzo__title'><h2>Potrebbe anche Interessarti <\/h2><\/div>\n\t\t\t\t\t\t  <div class=\"relatedthumb \" style=\"width:125px;float:left;overflow:hidden;\">  \n\t\t\t\t\t\t\t  \n\t\t\t\t\t\t\t  <a  href=\"https:\/\/vendiauto.com\/blog\/debutta-sul-mercato-la-nuova-smart-elettrica-2012\"  >\n\t\t\t\t\t\t\t\t\t  <div class=\"yuzo-img-wrap \" style=\"width: 125px;height:90px;\">\n\t\t\t\t\t\t\t\t\t\t\n\t\t\t\t\t\t\t\t\t\t<div class=\"yuzo-img\" style=\"background:url('https:\/\/vendiauto.com\/blog\/wp-content\/uploads\/2012\/03\/smart-al-via-le-prenotazioni-della-nuova-smart-fortwo-eletric-drive-third-generation-smart-fortwo-electric-drive-3-150x150.jpg') 50% 50% no-repeat;width: 125px;height:90px;margin-bottom: 5px;background-size: cover; \"><\/div>\n\t\t\t\t\t\t\t\t\t  <\/div>\n\t\t\t\t\t\t\t\t\t  \n\t\t\t\t\t\t\t\t   <span class=\"yuzo__text--title\" style=\"font-size:13px;\">Debutta sul mercato la nuova Smart elettrica<\/span>\n\t\t\t\t\t\t\t  \n\t\t\t\t\t\t\t  \n\t\t\t\t\t\t\t  <\/a>\n\n\t\t\t\t\t\t  <\/div>\n\t\t\t\t\t\t  <div class=\"relatedthumb \" style=\"width:125px;float:left;overflow:hidden;\">  \n\t\t\t\t\t\t\t  \n\t\t\t\t\t\t\t  <a  href=\"https:\/\/vendiauto.com\/blog\/la-fca-al-super-bowl-con-3-spot-2014\"  >\n\t\t\t\t\t\t\t\t\t  <div class=\"yuzo-img-wrap \" style=\"width: 125px;height:90px;\">\n\t\t\t\t\t\t\t\t\t\t\n\t\t\t\t\t\t\t\t\t\t<div class=\"yuzo-img\" style=\"background:url('https:\/\/vendiauto.com\/blog\/wp-content\/uploads\/2014\/02\/FCA-Maserati-Ghibli-Super-Bowl1-150x150.jpg') 50% 50% no-repeat;width: 125px;height:90px;margin-bottom: 5px;background-size: cover; \"><\/div>\n\t\t\t\t\t\t\t\t\t  <\/div>\n\t\t\t\t\t\t\t\t\t  \n\t\t\t\t\t\t\t\t   <span class=\"yuzo__text--title\" style=\"font-size:13px;\">La FCA al Super Bowl con 3 spot<\/span>\n\t\t\t\t\t\t\t  \n\t\t\t\t\t\t\t  \n\t\t\t\t\t\t\t  <\/a>\n\n\t\t\t\t\t\t  <\/div>\n\t\t\t\t\t\t  <div class=\"relatedthumb \" style=\"width:125px;float:left;overflow:hidden;\">  \n\t\t\t\t\t\t\t  \n\t\t\t\t\t\t\t  <a  href=\"https:\/\/vendiauto.com\/blog\/sicurezza-bambini-volvo-progetta-il-seggiolino-gonfiabile-2014\"  >\n\t\t\t\t\t\t\t\t\t  <div class=\"yuzo-img-wrap \" style=\"width: 125px;height:90px;\">\n\t\t\t\t\t\t\t\t\t\t\n\t\t\t\t\t\t\t\t\t\t<div class=\"yuzo-img\" style=\"background:url('https:\/\/vendiauto.com\/blog\/wp-content\/uploads\/2014\/05\/Volvo-seggiolino-gonfiabile1-150x150.jpg') 50% 50% no-repeat;width: 125px;height:90px;margin-bottom: 5px;background-size: cover; \"><\/div>\n\t\t\t\t\t\t\t\t\t  <\/div>\n\t\t\t\t\t\t\t\t\t  \n\t\t\t\t\t\t\t\t   <span class=\"yuzo__text--title\" style=\"font-size:13px;\">Sicurezza bambini: Volvo progetta il seggiolino  g...<\/span>\n\t\t\t\t\t\t\t  \n\t\t\t\t\t\t\t  \n\t\t\t\t\t\t\t  <\/a>\n\n\t\t\t\t\t\t  <\/div>\n\t\t\t\t\t\t  <div class=\"relatedthumb \" style=\"width:125px;float:left;overflow:hidden;\">  \n\t\t\t\t\t\t\t  \n\t\t\t\t\t\t\t  <a  href=\"https:\/\/vendiauto.com\/blog\/al-salone-di-los-angeles-la-nuova-audi-a9-ecco-il-video-teaser-2014\"  >\n\t\t\t\t\t\t\t\t\t  <div class=\"yuzo-img-wrap \" style=\"width: 125px;height:90px;\">\n\t\t\t\t\t\t\t\t\t\t\n\t\t\t\t\t\t\t\t\t\t<div class=\"yuzo-img\" style=\"background:url('https:\/\/vendiauto.com\/blog\/wp-content\/uploads\/2014\/11\/53539878966e6bce5f82b-150x150.jpg') 50% 50% no-repeat;width: 125px;height:90px;margin-bottom: 5px;background-size: cover; \"><\/div>\n\t\t\t\t\t\t\t\t\t  <\/div>\n\t\t\t\t\t\t\t\t\t  \n\t\t\t\t\t\t\t\t   <span class=\"yuzo__text--title\" style=\"font-size:13px;\">Al Salone di Los Angeles la nuova Audi A9? Ecco il...<\/span>\n\t\t\t\t\t\t\t  \n\t\t\t\t\t\t\t  \n\t\t\t\t\t\t\t  <\/a>\n\n\t\t\t\t\t\t  <\/div>\n<\/div> <script>\n\t\t\t\t\t\t  jQuery(document).ready(function( $ ){\n\t\t\t\t\t\t\t\/\/jQuery('.yuzo_related_post').equalizer({ overflow : 'relatedthumb' });\n\t\t\t\t\t\t\tjQuery('.yuzo_related_post .yuzo_wraps').equalizer({ columns : '> div' });\n\t\t\t\t\t\t   })\n\t\t\t\t\t\t  <\/script> <!-- End Yuzo :) -->","protected":false},"excerpt":{"rendered":"<p>&nbsp; L\u2019anno che sta per concludersi potrebbe rappresentare l\u2019alba per un nuovo costruttore di automobili di nicchia: la Gregis Automobili. Come si pu\u00f2 evincere facilmente dal nome, Gregis \u00e8 il cognome del fondatore che risponde al nome di Gianluca. Ardua impresa quella di cimentarsi nel settore delle auto sportive, ma decisamente molto affascinante. Dopotutto la [&hellip;]<\/p>\n","protected":false},"author":3,"featured_media":11356,"comment_status":"open","ping_status":"open","sticky":false,"template":"","format":"standard","meta":[],"categories":[2110],"tags":[1977],"_links":{"self":[{"href":"https:\/\/vendiauto.com\/blog\/wp-json\/wp\/v2\/posts\/11354"}],"collection":[{"href":"https:\/\/vendiauto.com\/blog\/wp-json\/wp\/v2\/posts"}],"about":[{"href":"https:\/\/vendiauto.com\/blog\/wp-json\/wp\/v2\/types\/post"}],"author":[{"embeddable":true,"href":"https:\/\/vendiauto.com\/blog\/wp-json\/wp\/v2\/users\/3"}],"replies":[{"embeddable":true,"href":"https:\/\/vendiauto.com\/blog\/wp-json\/wp\/v2\/comments?post=11354"}],"version-history":[{"count":3,"href":"https:\/\/vendiauto.com\/blog\/wp-json\/wp\/v2\/posts\/11354\/revisions"}],"predecessor-version":[{"id":11360,"href":"https:\/\/vendiauto.com\/blog\/wp-json\/wp\/v2\/posts\/11354\/revisions\/11360"}],"wp:featuredmedia":[{"embeddable":true,"href":"https:\/\/vendiauto.com\/blog\/wp-json\/wp\/v2\/media\/11356"}],"wp:attachment":[{"href":"https:\/\/vendiauto.com\/blog\/wp-json\/wp\/v2\/media?parent=11354"}],"wp:term":[{"taxonomy":"category","embeddable":true,"href":"https:\/\/vendiauto.com\/blog\/wp-json\/wp\/v2\/categories?post=11354"},{"taxonomy":"post_tag","embeddable":true,"href":"https:\/\/vendiauto.com\/blog\/wp-json\/wp\/v2\/tags?post=11354"}],"curies":[{"name":"wp","href":"https:\/\/api.w.org\/{rel}","templated":true}]}}