{"id":11423,"date":"2015-01-16T11:07:24","date_gmt":"2015-01-16T10:07:24","guid":{"rendered":"http:\/\/blog.vendiauto.com\/?p=11423"},"modified":"2016-09-14T14:46:08","modified_gmt":"2016-09-14T13:46:08","slug":"nuova-bmw-serie-1-restyling-my2015","status":"publish","type":"post","link":"https:\/\/vendiauto.com\/blog\/nuova-bmw-serie-1-restyling-my2015-2015","title":{"rendered":"Nuova Bmw Serie 1 restyling MY2015"},"content":{"rendered":"\n<!-- Quick Adsense WordPress Plugin: http:\/\/quickadsense.com\/ -->\n<div style=\"float: none; margin:10px 0 10px 0; text-align:center;\">\n<!--leonative-->\r\n<!-- 5x1 -->\r\n<div id='div-gpt-ad-5x1-0' class='div-gpt-ad div-gpt-ad-inread'>\r\n<script type='text\/javascript'>\r\ngoogletag.cmd.push(function() { googletag.display('div-gpt-ad-5x1-0'); });\r\n<\/script>\r\n<\/div>\n<\/div>\n<p><a href=\"https:\/\/vendiauto.com\/blog\/wp-content\/uploads\/2015\/01\/cq5dam.web_.650.600.jpeg\"><img loading=\"lazy\" class=\"alignnone wp-image-11424\" src=\"https:\/\/vendiauto.com\/blog\/wp-content\/uploads\/2015\/01\/cq5dam.web_.650.600.jpeg\" alt=\"cq5dam.web.650.600\" width=\"540\" height=\"291\" srcset=\"https:\/\/vendiauto.com\/blog\/wp-content\/uploads\/2015\/01\/cq5dam.web_.650.600.jpeg 625w, https:\/\/vendiauto.com\/blog\/wp-content\/uploads\/2015\/01\/cq5dam.web_.650.600-300x161.jpeg 300w\" sizes=\"(max-width: 540px) 100vw, 540px\" \/><\/a><\/p>\n<p>A distanza di tre anni e mezzo dal lancio, la Bmw Serie 1 si rif\u00e0 il trucco e diventa pi\u00f9 bella! Sono state difatti appena pubblicate le prime foto del restyling di met\u00e0 carriera della pi\u00f9 compatta delle Bmw. La seconda generazione di Serie 1 \u00e8 stata criticata talvolta per alcuni elementi di design che non sono stati sempre convincenti.<\/p>\n<p><!--more--><\/p>\n<p>Gli elementi su cui il restyling ha agito profondamente sono i gruppi ottici sia anteriori che posteriori che, a dirla tutta, non sono mai stati giudicati in maniera troppo positiva fin dall&#8217;esordio. E cos\u00ec ecco che la compatta di Monaco ha adottato dei fari pi\u00f9 tradizionali ed in linea col family feeling attuale del marchio: davanti i fari sono pi\u00f9 lineari ed aggressivi sulla falsariga di quelli gi\u00e0 visti sulla nuova Serie 2, mentre dietro abbandonano la vecchia ed anonima forma quadrangolare per abbracciare la classica forma ad &#8220;L&#8221; delle ultime Bmw.<\/p>\n<p><a href=\"https:\/\/vendiauto.com\/blog\/wp-content\/uploads\/2015\/01\/cq5dam.web_.650.600-1.jpeg\"><img loading=\"lazy\" class=\"alignnone wp-image-11425\" src=\"https:\/\/vendiauto.com\/blog\/wp-content\/uploads\/2015\/01\/cq5dam.web_.650.600-1.jpeg\" alt=\"cq5dam.web.650.600 (1)\" width=\"540\" height=\"312\" srcset=\"https:\/\/vendiauto.com\/blog\/wp-content\/uploads\/2015\/01\/cq5dam.web_.650.600-1.jpeg 641w, https:\/\/vendiauto.com\/blog\/wp-content\/uploads\/2015\/01\/cq5dam.web_.650.600-1-300x173.jpeg 300w\" sizes=\"(max-width: 540px) 100vw, 540px\" \/><\/a><\/p>\n<p>Con l&#8217;occasione anche i paraurti anteriori e posteriori sono stati leggermente ritoccati per essere meglio integrati ai nuovi fari. Ma la rinnovata Serie 1 non ha solo ricevuto benefici stilistici: il restyling ha portato anche novit\u00e0 tecniche sotto il cofano. Prime fra tutte l&#8217;adozione di nuove unit\u00e0 propulsive, sia benzina che diesel, a tre cilindri: la nuova gamma di motori TwinPower Turbo in regola con la normativa Euro 6 comprende i nuovi 1,5 litri benzina da 109 cv e il 1,5 litri diesel da 116 cv.<\/p>\n<p><a href=\"https:\/\/vendiauto.com\/blog\/wp-content\/uploads\/2015\/01\/cq5dam.web_.650.600-2.jpeg\"><img loading=\"lazy\" class=\"alignnone wp-image-11426\" src=\"https:\/\/vendiauto.com\/blog\/wp-content\/uploads\/2015\/01\/cq5dam.web_.650.600-2.jpeg\" alt=\"cq5dam.web.650.600 (2)\" width=\"540\" height=\"379\" srcset=\"https:\/\/vendiauto.com\/blog\/wp-content\/uploads\/2015\/01\/cq5dam.web_.650.600-2.jpeg 585w, https:\/\/vendiauto.com\/blog\/wp-content\/uploads\/2015\/01\/cq5dam.web_.650.600-2-300x210.jpeg 300w\" sizes=\"(max-width: 540px) 100vw, 540px\" \/><\/a><\/p>\n<p>Completano gli aggiornamenti una nuova plancia e una nuova dotazione di base che ora comprende climatizzatore automatico, sensore pioggia e display da 6,5&#8243; integrato nella nuova plancia.<\/p>\n<p>&nbsp;<\/p>\n\n<div style=\"font-size: 0px; height: 0px; line-height: 0px; margin: 0; padding: 0; clear: both;\"><\/div><!-- Begin Yuzo --><div class='yuzo_related_post style-1'  data-version='5.12.88'><!-- without result --><div class='yuzo_clearfixed yuzo__title yuzo__title'><h2>Potrebbe anche Interessarti <\/h2><\/div>\n\t\t\t\t\t\t  <div class=\"relatedthumb \" style=\"width:125px;float:left;overflow:hidden;\">  \n\t\t\t\t\t\t\t  \n\t\t\t\t\t\t\t  <a  href=\"https:\/\/vendiauto.com\/blog\/cascada-la-nuova-cabriolet-di-opel-2012\"  >\n\t\t\t\t\t\t\t\t\t  <div class=\"yuzo-img-wrap \" style=\"width: 125px;height:90px;\">\n\t\t\t\t\t\t\t\t\t\t\n\t\t\t\t\t\t\t\t\t\t<div class=\"yuzo-img\" style=\"background:url('https:\/\/vendiauto.com\/blog\/wp-content\/uploads\/2012\/10\/opel-cascada-150x150.jpg') 50% 50% no-repeat;width: 125px;height:90px;margin-bottom: 5px;background-size: cover; \"><\/div>\n\t\t\t\t\t\t\t\t\t  <\/div>\n\t\t\t\t\t\t\t\t\t  \n\t\t\t\t\t\t\t\t   <span class=\"yuzo__text--title\" style=\"font-size:13px;\">Cascada: la nuova cabriolet di Opel<\/span>\n\t\t\t\t\t\t\t  \n\t\t\t\t\t\t\t  \n\t\t\t\t\t\t\t  <\/a>\n\n\t\t\t\t\t\t  <\/div>\n\t\t\t\t\t\t  <div class=\"relatedthumb \" style=\"width:125px;float:left;overflow:hidden;\">  \n\t\t\t\t\t\t\t  \n\t\t\t\t\t\t\t  <a  href=\"https:\/\/vendiauto.com\/blog\/roding-roadster-23-al-top-marques-monaco-2013-2013\"  >\n\t\t\t\t\t\t\t\t\t  <div class=\"yuzo-img-wrap \" style=\"width: 125px;height:90px;\">\n\t\t\t\t\t\t\t\t\t\t\n\t\t\t\t\t\t\t\t\t\t<div class=\"yuzo-img\" style=\"background:url('https:\/\/vendiauto.com\/blog\/wp-content\/uploads\/2013\/05\/roding-roadster-23-live-photos_100384867_m-150x150.jpg') 50% 50% no-repeat;width: 125px;height:90px;margin-bottom: 5px;background-size: cover; \"><\/div>\n\t\t\t\t\t\t\t\t\t  <\/div>\n\t\t\t\t\t\t\t\t\t  \n\t\t\t\t\t\t\t\t   <span class=\"yuzo__text--title\" style=\"font-size:13px;\">Roding Roadster 23 al Top Marques Monaco 2013<\/span>\n\t\t\t\t\t\t\t  \n\t\t\t\t\t\t\t  \n\t\t\t\t\t\t\t  <\/a>\n\n\t\t\t\t\t\t  <\/div>\n\t\t\t\t\t\t  <div class=\"relatedthumb \" style=\"width:125px;float:left;overflow:hidden;\">  \n\t\t\t\t\t\t\t  \n\t\t\t\t\t\t\t  <a  href=\"https:\/\/vendiauto.com\/blog\/motor-show-di-bologna-al-via-la-37esima-edizione-2012\"  >\n\t\t\t\t\t\t\t\t\t  <div class=\"yuzo-img-wrap \" style=\"width: 125px;height:90px;\">\n\t\t\t\t\t\t\t\t\t\t\n\t\t\t\t\t\t\t\t\t\t<div class=\"yuzo-img\" style=\"background:url('https:\/\/vendiauto.com\/blog\/wp-content\/uploads\/2012\/12\/LOGO_oriz2012scritte-1-150x150.jpg') 50% 50% no-repeat;width: 125px;height:90px;margin-bottom: 5px;background-size: cover; \"><\/div>\n\t\t\t\t\t\t\t\t\t  <\/div>\n\t\t\t\t\t\t\t\t\t  \n\t\t\t\t\t\t\t\t   <span class=\"yuzo__text--title\" style=\"font-size:13px;\">Motor Show di Bologna: al via la 37esima edizione<\/span>\n\t\t\t\t\t\t\t  \n\t\t\t\t\t\t\t  \n\t\t\t\t\t\t\t  <\/a>\n\n\t\t\t\t\t\t  <\/div>\n\t\t\t\t\t\t  <div class=\"relatedthumb \" style=\"width:125px;float:left;overflow:hidden;\">  \n\t\t\t\t\t\t\t  \n\t\t\t\t\t\t\t  <a  href=\"https:\/\/vendiauto.com\/blog\/make-it-your-race-2012-chiuse-le-selezioni-del-talent-show-dellabarth-2012\"  >\n\t\t\t\t\t\t\t\t\t  <div class=\"yuzo-img-wrap \" style=\"width: 125px;height:90px;\">\n\t\t\t\t\t\t\t\t\t\t\n\t\t\t\t\t\t\t\t\t\t<div class=\"yuzo-img\" style=\"background:url('https:\/\/vendiauto.com\/blog\/wp-content\/uploads\/2012\/05\/MakeItYourRace_02-1-150x150.jpg') 50% 50% no-repeat;width: 125px;height:90px;margin-bottom: 5px;background-size: cover; \"><\/div>\n\t\t\t\t\t\t\t\t\t  <\/div>\n\t\t\t\t\t\t\t\t\t  \n\t\t\t\t\t\t\t\t   <span class=\"yuzo__text--title\" style=\"font-size:13px;\">\u201cMake it your race 2012\u201d: chiuse le selezioni del ...<\/span>\n\t\t\t\t\t\t\t  \n\t\t\t\t\t\t\t  \n\t\t\t\t\t\t\t  <\/a>\n\n\t\t\t\t\t\t  <\/div>\n<\/div> <script>\n\t\t\t\t\t\t  jQuery(document).ready(function( $ ){\n\t\t\t\t\t\t\t\/\/jQuery('.yuzo_related_post').equalizer({ overflow : 'relatedthumb' });\n\t\t\t\t\t\t\tjQuery('.yuzo_related_post .yuzo_wraps').equalizer({ columns : '> div' });\n\t\t\t\t\t\t   })\n\t\t\t\t\t\t  <\/script> <!-- End Yuzo :) -->","protected":false},"excerpt":{"rendered":"<p>A distanza di tre anni e mezzo dal lancio, la Bmw Serie 1 si rif\u00e0 il trucco e diventa pi\u00f9 bella! Sono state difatti appena pubblicate le prime foto del restyling di met\u00e0 carriera della pi\u00f9 compatta delle Bmw. La seconda generazione di Serie 1 \u00e8 stata criticata talvolta per alcuni elementi di design che [&hellip;]<\/p>\n","protected":false},"author":3,"featured_media":11424,"comment_status":"open","ping_status":"open","sticky":false,"template":"","format":"standard","meta":[],"categories":[2110],"tags":[81,627],"_links":{"self":[{"href":"https:\/\/vendiauto.com\/blog\/wp-json\/wp\/v2\/posts\/11423"}],"collection":[{"href":"https:\/\/vendiauto.com\/blog\/wp-json\/wp\/v2\/posts"}],"about":[{"href":"https:\/\/vendiauto.com\/blog\/wp-json\/wp\/v2\/types\/post"}],"author":[{"embeddable":true,"href":"https:\/\/vendiauto.com\/blog\/wp-json\/wp\/v2\/users\/3"}],"replies":[{"embeddable":true,"href":"https:\/\/vendiauto.com\/blog\/wp-json\/wp\/v2\/comments?post=11423"}],"version-history":[{"count":1,"href":"https:\/\/vendiauto.com\/blog\/wp-json\/wp\/v2\/posts\/11423\/revisions"}],"predecessor-version":[{"id":11427,"href":"https:\/\/vendiauto.com\/blog\/wp-json\/wp\/v2\/posts\/11423\/revisions\/11427"}],"wp:featuredmedia":[{"embeddable":true,"href":"https:\/\/vendiauto.com\/blog\/wp-json\/wp\/v2\/media\/11424"}],"wp:attachment":[{"href":"https:\/\/vendiauto.com\/blog\/wp-json\/wp\/v2\/media?parent=11423"}],"wp:term":[{"taxonomy":"category","embeddable":true,"href":"https:\/\/vendiauto.com\/blog\/wp-json\/wp\/v2\/categories?post=11423"},{"taxonomy":"post_tag","embeddable":true,"href":"https:\/\/vendiauto.com\/blog\/wp-json\/wp\/v2\/tags?post=11423"}],"curies":[{"name":"wp","href":"https:\/\/api.w.org\/{rel}","templated":true}]}}