{"id":11433,"date":"2015-01-20T10:25:46","date_gmt":"2015-01-20T09:25:46","guid":{"rendered":"http:\/\/blog.vendiauto.com\/?p=11433"},"modified":"2016-09-14T14:46:05","modified_gmt":"2016-09-14T13:46:05","slug":"bentornata-honda-nsx","status":"publish","type":"post","link":"https:\/\/vendiauto.com\/blog\/bentornata-honda-nsx-2015","title":{"rendered":"Bentornata Honda NSX!"},"content":{"rendered":"\n<!-- Quick Adsense WordPress Plugin: http:\/\/quickadsense.com\/ -->\n<div style=\"float: none; margin:10px 0 10px 0; text-align:center;\">\n<!--leonative-->\r\n<!-- 5x1 -->\r\n<div id='div-gpt-ad-5x1-0' class='div-gpt-ad div-gpt-ad-inread'>\r\n<script type='text\/javascript'>\r\ngoogletag.cmd.push(function() { googletag.display('div-gpt-ad-5x1-0'); });\r\n<\/script>\r\n<\/div>\n<\/div>\n<p><a href=\"https:\/\/vendiauto.com\/blog\/wp-content\/uploads\/2015\/01\/cq5dam.web_.650.600-21.jpeg\"><img loading=\"lazy\" class=\"alignnone wp-image-11434\" src=\"https:\/\/vendiauto.com\/blog\/wp-content\/uploads\/2015\/01\/cq5dam.web_.650.600-21.jpeg\" alt=\"cq5dam.web.650.600 (2)\" width=\"540\" height=\"305\" srcset=\"https:\/\/vendiauto.com\/blog\/wp-content\/uploads\/2015\/01\/cq5dam.web_.650.600-21.jpeg 491w, https:\/\/vendiauto.com\/blog\/wp-content\/uploads\/2015\/01\/cq5dam.web_.650.600-21-300x169.jpeg 300w\" sizes=\"(max-width: 540px) 100vw, 540px\" \/><\/a><\/p>\n<p>C&#8217;erano gli anni &#8217;90 e c&#8217;era lei, la anti Ferrari del sol levante: la Honda NSX. Tre lettere che incutevano timore e rispetto per la supercar venuta dall&#8217;oriente e testata direttamente da Ayrton Senna negli anni d&#8217;oro del connubio McLaren-Honda.<\/p>\n<p><!--more--><\/p>\n<p>Nel 2015 per qualche caso strano del destino la storia si ripete con la scuderia McLaren di\u00a0Formula 1 che ritorna ad essere motorizzata dal colosso nipponico che, contestualmente, presenta al mondo intero la nuova NSX. Teatro della presentazione \u00e8 stato il Salone dell&#8217;auto di Detroit. Finalmente dopo tantissime foto spie, segno dell&#8217;interesse mostrato per la supercar giapponese, \u00e8 finalmente arrivato il momento tanto atteso: la seconda generazione di NSX \u00e8 stata presentata e, come negli anni &#8217;90, punta ad essere un valido riferimento per le vetture ad alte prestazioni.<\/p>\n<p><a href=\"https:\/\/vendiauto.com\/blog\/wp-content\/uploads\/2015\/01\/cq5dam.web_.650.600-3.jpeg\"><img loading=\"lazy\" class=\"alignnone wp-image-11435\" src=\"https:\/\/vendiauto.com\/blog\/wp-content\/uploads\/2015\/01\/cq5dam.web_.650.600-3.jpeg\" alt=\"cq5dam.web.650.600 (3)\" width=\"540\" height=\"405\" srcset=\"https:\/\/vendiauto.com\/blog\/wp-content\/uploads\/2015\/01\/cq5dam.web_.650.600-3.jpeg 483w, https:\/\/vendiauto.com\/blog\/wp-content\/uploads\/2015\/01\/cq5dam.web_.650.600-3-300x224.jpeg 300w\" sizes=\"(max-width: 540px) 100vw, 540px\" \/><\/a><\/p>\n<p>Tecnologia la parola d&#8217;ordine della nuova nata: il cuore della NSX \u00e8 un V6 biturbo montato in posizione centrale-posteriore (come l&#8217;antenata) coadiuvato da ben tre motori elettrici di cui due servono per distribuire la coppia all&#8217;asse anteriore ed uno per dare pi\u00f9 potenza a quelle posteriori. La potenza verr\u00e0 scaricata a terra tramite un cambio a doppia frizione e nove rapporti. Il corpo vettura \u00e8 un perfetto mix di solidit\u00e0 e leggerezza garantite da materiali quali fibra di carbonio e alluminio.<\/p>\n<p><a href=\"https:\/\/vendiauto.com\/blog\/wp-content\/uploads\/2015\/01\/cq5dam.web_.650.600-4.jpeg\"><img loading=\"lazy\" class=\"alignnone wp-image-11436\" src=\"https:\/\/vendiauto.com\/blog\/wp-content\/uploads\/2015\/01\/cq5dam.web_.650.600-4.jpeg\" alt=\"cq5dam.web.650.600 (4)\" width=\"540\" height=\"231\" srcset=\"https:\/\/vendiauto.com\/blog\/wp-content\/uploads\/2015\/01\/cq5dam.web_.650.600-4.jpeg 647w, https:\/\/vendiauto.com\/blog\/wp-content\/uploads\/2015\/01\/cq5dam.web_.650.600-4-300x128.jpeg 300w\" sizes=\"(max-width: 540px) 100vw, 540px\" \/><\/a><\/p>\n<p>Altri dettagli tecnici Honda non ne ha diramati, limitandosi a confermare che sar\u00e0 la sportiva col baricentro pi\u00f9 basso in assoluto grazie alla particolare dislocazione degli organi meccanici. Sicuramente ne sapremo di pi\u00f9 a breve, nel frattempo gustatevi le prime immagini ed il nuovo design della supercar giapponese.<\/p>\n\n<div style=\"font-size: 0px; height: 0px; line-height: 0px; margin: 0; padding: 0; clear: both;\"><\/div><!-- Begin Yuzo --><div class='yuzo_related_post style-1'  data-version='5.12.88'><!-- without result --><div class='yuzo_clearfixed yuzo__title yuzo__title'><h2>Potrebbe anche Interessarti <\/h2><\/div>\n\t\t\t\t\t\t  <div class=\"relatedthumb \" style=\"width:125px;float:left;overflow:hidden;\">  \n\t\t\t\t\t\t\t  \n\t\t\t\t\t\t\t  <a  href=\"https:\/\/vendiauto.com\/blog\/incidenti-stradali-il-rapporto-aci-istat-2012\"  >\n\t\t\t\t\t\t\t\t\t  <div class=\"yuzo-img-wrap \" style=\"width: 125px;height:90px;\">\n\t\t\t\t\t\t\t\t\t\t\n\t\t\t\t\t\t\t\t\t\t<div class=\"yuzo-img\" style=\"background:url('https:\/\/vendiauto.com\/blog\/wp-content\/uploads\/2012\/11\/incidenti-stradali-2011-150x150.jpg') 50% 50% no-repeat;width: 125px;height:90px;margin-bottom: 5px;background-size: cover; \"><\/div>\n\t\t\t\t\t\t\t\t\t  <\/div>\n\t\t\t\t\t\t\t\t\t  \n\t\t\t\t\t\t\t\t   <span class=\"yuzo__text--title\" style=\"font-size:13px;\">Incidenti stradali il rapporto Aci-Istat<\/span>\n\t\t\t\t\t\t\t  \n\t\t\t\t\t\t\t  \n\t\t\t\t\t\t\t  <\/a>\n\n\t\t\t\t\t\t  <\/div>\n\t\t\t\t\t\t  <div class=\"relatedthumb \" style=\"width:125px;float:left;overflow:hidden;\">  \n\t\t\t\t\t\t\t  \n\t\t\t\t\t\t\t  <a  href=\"https:\/\/vendiauto.com\/blog\/al-via-ledizione-2011-del-concorso-deleganza-di-villa-deste-2011\"  >\n\t\t\t\t\t\t\t\t\t  <div class=\"yuzo-img-wrap \" style=\"width: 125px;height:90px;\">\n\t\t\t\t\t\t\t\t\t\t\n\t\t\t\t\t\t\t\t\t\t<div class=\"yuzo-img\" style=\"background:url('https:\/\/vendiauto.com\/blog\/wp-content\/uploads\/2011\/05\/2009-Concorso-dEleganza-Villa-dEste-crowd-670x447-150x150.jpg') 50% 50% no-repeat;width: 125px;height:90px;margin-bottom: 5px;background-size: cover; \"><\/div>\n\t\t\t\t\t\t\t\t\t  <\/div>\n\t\t\t\t\t\t\t\t\t  \n\t\t\t\t\t\t\t\t   <span class=\"yuzo__text--title\" style=\"font-size:13px;\">Al via l\u2019edizione 2011 del Concorso d\u2019...<\/span>\n\t\t\t\t\t\t\t  \n\t\t\t\t\t\t\t  \n\t\t\t\t\t\t\t  <\/a>\n\n\t\t\t\t\t\t  <\/div>\n\t\t\t\t\t\t  <div class=\"relatedthumb \" style=\"width:125px;float:left;overflow:hidden;\">  \n\t\t\t\t\t\t\t  \n\t\t\t\t\t\t\t  <a  href=\"https:\/\/vendiauto.com\/blog\/a-breve-la-nuova-porsche-911-gt3-rs-4-0-2011\"  >\n\t\t\t\t\t\t\t\t\t  <div class=\"yuzo-img-wrap \" style=\"width: 125px;height:90px;\">\n\t\t\t\t\t\t\t\t\t\t\n\t\t\t\t\t\t\t\t\t\t<div class=\"yuzo-img\" style=\"background:url('https:\/\/vendiauto.com\/blog\/wp-content\/uploads\/2011\/04\/Porsche911GT3RS4_0_02-150x150.jpg') 50% 50% no-repeat;width: 125px;height:90px;margin-bottom: 5px;background-size: cover; \"><\/div>\n\t\t\t\t\t\t\t\t\t  <\/div>\n\t\t\t\t\t\t\t\t\t  \n\t\t\t\t\t\t\t\t   <span class=\"yuzo__text--title\" style=\"font-size:13px;\">A breve la nuova Porsche 911 GT3 RS 4.0<\/span>\n\t\t\t\t\t\t\t  \n\t\t\t\t\t\t\t  \n\t\t\t\t\t\t\t  <\/a>\n\n\t\t\t\t\t\t  <\/div>\n\t\t\t\t\t\t  <div class=\"relatedthumb \" style=\"width:125px;float:left;overflow:hidden;\">  \n\t\t\t\t\t\t\t  \n\t\t\t\t\t\t\t  <a  href=\"https:\/\/vendiauto.com\/blog\/prima-immagine-della-nuova-fiat-500x-2014\"  >\n\t\t\t\t\t\t\t\t\t  <div class=\"yuzo-img-wrap \" style=\"width: 125px;height:90px;\">\n\t\t\t\t\t\t\t\t\t\t\n\t\t\t\t\t\t\t\t\t\t<div class=\"yuzo-img\" style=\"background:url('https:\/\/vendiauto.com\/blog\/wp-content\/uploads\/2014\/09\/14107967508581-150x150.jpg') 50% 50% no-repeat;width: 125px;height:90px;margin-bottom: 5px;background-size: cover; \"><\/div>\n\t\t\t\t\t\t\t\t\t  <\/div>\n\t\t\t\t\t\t\t\t\t  \n\t\t\t\t\t\t\t\t   <span class=\"yuzo__text--title\" style=\"font-size:13px;\">Prima immagine della nuova Fiat 500X!<\/span>\n\t\t\t\t\t\t\t  \n\t\t\t\t\t\t\t  \n\t\t\t\t\t\t\t  <\/a>\n\n\t\t\t\t\t\t  <\/div>\n<\/div> <script>\n\t\t\t\t\t\t  jQuery(document).ready(function( $ ){\n\t\t\t\t\t\t\t\/\/jQuery('.yuzo_related_post').equalizer({ overflow : 'relatedthumb' });\n\t\t\t\t\t\t\tjQuery('.yuzo_related_post .yuzo_wraps').equalizer({ columns : '> div' });\n\t\t\t\t\t\t   })\n\t\t\t\t\t\t  <\/script> <!-- End Yuzo :) -->","protected":false},"excerpt":{"rendered":"<p>C&#8217;erano gli anni &#8217;90 e c&#8217;era lei, la anti Ferrari del sol levante: la Honda NSX. Tre lettere che incutevano timore e rispetto per la supercar venuta dall&#8217;oriente e testata direttamente da Ayrton Senna negli anni d&#8217;oro del connubio McLaren-Honda. Potrebbe anche Interessarti Chevrolet Corvette 2014: il ritorno della Stingray Volvo S60: confermato il primato [&hellip;]<\/p>\n","protected":false},"author":3,"featured_media":11434,"comment_status":"open","ping_status":"open","sticky":false,"template":"","format":"standard","meta":[],"categories":[2110],"tags":[113,114,1990],"_links":{"self":[{"href":"https:\/\/vendiauto.com\/blog\/wp-json\/wp\/v2\/posts\/11433"}],"collection":[{"href":"https:\/\/vendiauto.com\/blog\/wp-json\/wp\/v2\/posts"}],"about":[{"href":"https:\/\/vendiauto.com\/blog\/wp-json\/wp\/v2\/types\/post"}],"author":[{"embeddable":true,"href":"https:\/\/vendiauto.com\/blog\/wp-json\/wp\/v2\/users\/3"}],"replies":[{"embeddable":true,"href":"https:\/\/vendiauto.com\/blog\/wp-json\/wp\/v2\/comments?post=11433"}],"version-history":[{"count":1,"href":"https:\/\/vendiauto.com\/blog\/wp-json\/wp\/v2\/posts\/11433\/revisions"}],"predecessor-version":[{"id":11437,"href":"https:\/\/vendiauto.com\/blog\/wp-json\/wp\/v2\/posts\/11433\/revisions\/11437"}],"wp:featuredmedia":[{"embeddable":true,"href":"https:\/\/vendiauto.com\/blog\/wp-json\/wp\/v2\/media\/11434"}],"wp:attachment":[{"href":"https:\/\/vendiauto.com\/blog\/wp-json\/wp\/v2\/media?parent=11433"}],"wp:term":[{"taxonomy":"category","embeddable":true,"href":"https:\/\/vendiauto.com\/blog\/wp-json\/wp\/v2\/categories?post=11433"},{"taxonomy":"post_tag","embeddable":true,"href":"https:\/\/vendiauto.com\/blog\/wp-json\/wp\/v2\/tags?post=11433"}],"curies":[{"name":"wp","href":"https:\/\/api.w.org\/{rel}","templated":true}]}}