{"id":11438,"date":"2015-01-22T12:49:49","date_gmt":"2015-01-22T11:49:49","guid":{"rendered":"http:\/\/blog.vendiauto.com\/?p=11438"},"modified":"2016-09-14T14:46:03","modified_gmt":"2016-09-14T13:46:03","slug":"la-ford-mustang-sbarca-ufficialmente-in-europa","status":"publish","type":"post","link":"https:\/\/vendiauto.com\/blog\/la-ford-mustang-sbarca-ufficialmente-in-europa-2015","title":{"rendered":"La Ford Mustang sbarca ufficialmente in Europa!"},"content":{"rendered":"\n<!-- Quick Adsense WordPress Plugin: http:\/\/quickadsense.com\/ -->\n<div style=\"float: none; margin:10px 0 10px 0; text-align:center;\">\n<!--leonative-->\r\n<!-- 5x1 -->\r\n<div id='div-gpt-ad-5x1-0' class='div-gpt-ad div-gpt-ad-inread'>\r\n<script type='text\/javascript'>\r\ngoogletag.cmd.push(function() { googletag.display('div-gpt-ad-5x1-0'); });\r\n<\/script>\r\n<\/div>\n<\/div>\n<p><a href=\"https:\/\/vendiauto.com\/blog\/wp-content\/uploads\/2015\/01\/2015-ford-mustang-gt-front-silver.jpg\"><img loading=\"lazy\" class=\"alignnone wp-image-11440\" src=\"https:\/\/vendiauto.com\/blog\/wp-content\/uploads\/2015\/01\/2015-ford-mustang-gt-front-silver.jpg\" alt=\"2015-ford-mustang-gt-front-silver\" width=\"540\" height=\"342\" srcset=\"https:\/\/vendiauto.com\/blog\/wp-content\/uploads\/2015\/01\/2015-ford-mustang-gt-front-silver.jpg 750w, https:\/\/vendiauto.com\/blog\/wp-content\/uploads\/2015\/01\/2015-ford-mustang-gt-front-silver-300x190.jpg 300w\" sizes=\"(max-width: 540px) 100vw, 540px\" \/><\/a><\/p>\n<p>Probabilmente con lo sbarco ufficiale nel listino italiano, la nuova Ford Mustang diventer\u00e0 ancor pi\u00f9 un&#8217;icona di quanto non lo sia gi\u00e0. Fino ad oggi coloro che volevano mettere in garage la cavallina pi\u00f9 famosa d&#8217;oltre oceano dovevano rivolgersi esclusivamente ad importatori paralleli che provvedevano a prendere la vettura in America per poi portarla in Europa. Da oggi, come detto, tutto questo non sar\u00e0 pi\u00f9 necessario.<!--more--><\/p>\n<p>Finalmente, \u00e8 proprio il caso di dirlo, Ford ha deciso di vendere ufficialmente anche in Italia la sua &#8220;muscle car&#8221; per eccellenza attraverso le sue concessionarie. Il primo passo di questa nuova avventura italiana per la sportiva americana \u00e8 l&#8217;inserimento, come detto, nel listino ufficiale italiano e la possibilit\u00e0 di <a href=\"http:\/\/www.ford.it\/Auto\/NewMustang\" target=\"_blank\">configurarla<\/a> a proprio piacimento scegliendo colori, motori e optional. Al momento sono due le versioni disponibili: coup\u00e8 e cabrio che secondo la denominazione ufficiale si chiameranno rispettivamente Fastback e Convertible alle quali sar\u00e0 possibile abbinare il motore 2.3 ecoboost da 314 cv o il 5.0 V8 da 430 cv. Ad entrambi i motori sar\u00e0 possibile abbinare il cambio manuale o automatico, entrambi a sei marce. I clienti potranno scegliere anche tra dieci tinte pastello, metallizzate e perlescenti.<\/p>\n<p><a href=\"https:\/\/vendiauto.com\/blog\/wp-content\/uploads\/2015\/01\/2015-ford-mustang-dash.jpg\"><img loading=\"lazy\" class=\"alignnone wp-image-11441\" src=\"https:\/\/vendiauto.com\/blog\/wp-content\/uploads\/2015\/01\/2015-ford-mustang-dash-1024x682.jpg\" alt=\"2015-ford-mustang-dash\" width=\"540\" height=\"360\" srcset=\"https:\/\/vendiauto.com\/blog\/wp-content\/uploads\/2015\/01\/2015-ford-mustang-dash-1024x682.jpg 1024w, https:\/\/vendiauto.com\/blog\/wp-content\/uploads\/2015\/01\/2015-ford-mustang-dash-300x200.jpg 300w, https:\/\/vendiauto.com\/blog\/wp-content\/uploads\/2015\/01\/2015-ford-mustang-dash-900x600.jpg 900w, https:\/\/vendiauto.com\/blog\/wp-content\/uploads\/2015\/01\/2015-ford-mustang-dash.jpg 2040w\" sizes=\"(max-width: 540px) 100vw, 540px\" \/><\/a><\/p>\n<p>Le Mustang destinate al mercato europeo saranno pi\u00f9 accessoriate di quelle americane: avranno infatti di serie il Performance Pack che permetter\u00e0 di avere uno sterzo pi\u00f9 diretto e delle sospensioni pi\u00f9 sportive per essere pi\u00f9 in linea coi gusti europei. Inoltre l&#8217;equipaggiamento di serie europeo preveder\u00e0 anche interni in pelle, cerchi in lega da 19&#8243;, retro camera per i parcheggi e fari posteriori a led. Prezzi a partire da 36.000 euro (iva inclusa, ipt esclusa) per la Fastback 2.3 ecoboost: niente male per una sportiva da pi\u00f9 di 300 cv che \u00e8 diventata un pezzo di storia delle quattro ruote, vero?<\/p>\n\n<div style=\"font-size: 0px; height: 0px; line-height: 0px; margin: 0; padding: 0; clear: both;\"><\/div><!-- Begin Yuzo --><div class='yuzo_related_post style-1'  data-version='5.12.88'><!-- without result --><div class='yuzo_clearfixed yuzo__title yuzo__title'><h2>Potrebbe anche Interessarti <\/h2><\/div>\n\t\t\t\t\t\t  <div class=\"relatedthumb \" style=\"width:125px;float:left;overflow:hidden;\">  \n\t\t\t\t\t\t\t  \n\t\t\t\t\t\t\t  <a  href=\"https:\/\/vendiauto.com\/blog\/buon-compleanno-elise-2015\"  >\n\t\t\t\t\t\t\t\t\t  <div class=\"yuzo-img-wrap \" style=\"width: 125px;height:90px;\">\n\t\t\t\t\t\t\t\t\t\t\n\t\t\t\t\t\t\t\t\t\t<div class=\"yuzo-img\" style=\"background:url('https:\/\/vendiauto.com\/blog\/wp-content\/uploads\/2015\/03\/lotus-elise-s-club-680x449-150x150.jpg') 50% 50% no-repeat;width: 125px;height:90px;margin-bottom: 5px;background-size: cover; \"><\/div>\n\t\t\t\t\t\t\t\t\t  <\/div>\n\t\t\t\t\t\t\t\t\t  \n\t\t\t\t\t\t\t\t   <span class=\"yuzo__text--title\" style=\"font-size:13px;\">Buon compleanno Elise!<\/span>\n\t\t\t\t\t\t\t  \n\t\t\t\t\t\t\t  \n\t\t\t\t\t\t\t  <\/a>\n\n\t\t\t\t\t\t  <\/div>\n\t\t\t\t\t\t  <div class=\"relatedthumb \" style=\"width:125px;float:left;overflow:hidden;\">  \n\t\t\t\t\t\t\t  \n\t\t\t\t\t\t\t  <a  href=\"https:\/\/vendiauto.com\/blog\/10-strategie-per-trovare-nuovi-clienti-2015\"  >\n\t\t\t\t\t\t\t\t\t  <div class=\"yuzo-img-wrap \" style=\"width: 125px;height:90px;\">\n\t\t\t\t\t\t\t\t\t\t\n\t\t\t\t\t\t\t\t\t\t<div class=\"yuzo-img\" style=\"background:url('https:\/\/vendiauto.com\/blog\/wp-content\/uploads\/2015\/06\/ricerca_clienti-150x150.jpg') 50% 50% no-repeat;width: 125px;height:90px;margin-bottom: 5px;background-size: cover; \"><\/div>\n\t\t\t\t\t\t\t\t\t  <\/div>\n\t\t\t\t\t\t\t\t\t  \n\t\t\t\t\t\t\t\t   <span class=\"yuzo__text--title\" style=\"font-size:13px;\">10 strategie per trovare nuovi clienti<\/span>\n\t\t\t\t\t\t\t  \n\t\t\t\t\t\t\t  \n\t\t\t\t\t\t\t  <\/a>\n\n\t\t\t\t\t\t  <\/div>\n\t\t\t\t\t\t  <div class=\"relatedthumb \" style=\"width:125px;float:left;overflow:hidden;\">  \n\t\t\t\t\t\t\t  \n\t\t\t\t\t\t\t  <a  href=\"https:\/\/vendiauto.com\/blog\/porsche-arriva-la-panamera-platinum-edition-esclusiva-2012\"  >\n\t\t\t\t\t\t\t\t\t  <div class=\"yuzo-img-wrap \" style=\"width: 125px;height:90px;\">\n\t\t\t\t\t\t\t\t\t\t\n\t\t\t\t\t\t\t\t\t\t<div class=\"yuzo-img\" style=\"background:url('https:\/\/vendiauto.com\/blog\/wp-content\/uploads\/2012\/10\/PM-140_4-150x150.jpg') 50% 50% no-repeat;width: 125px;height:90px;margin-bottom: 5px;background-size: cover; \"><\/div>\n\t\t\t\t\t\t\t\t\t  <\/div>\n\t\t\t\t\t\t\t\t\t  \n\t\t\t\t\t\t\t\t   <span class=\"yuzo__text--title\" style=\"font-size:13px;\">Porsche arriva la Panamera Platinum Edition: esclu...<\/span>\n\t\t\t\t\t\t\t  \n\t\t\t\t\t\t\t  \n\t\t\t\t\t\t\t  <\/a>\n\n\t\t\t\t\t\t  <\/div>\n\t\t\t\t\t\t  <div class=\"relatedthumb \" style=\"width:125px;float:left;overflow:hidden;\">  \n\t\t\t\t\t\t\t  \n\t\t\t\t\t\t\t  <a  href=\"https:\/\/vendiauto.com\/blog\/nuovo-teaser-del-futuro-crossover-nissan-2014\"  >\n\t\t\t\t\t\t\t\t\t  <div class=\"yuzo-img-wrap \" style=\"width: 125px;height:90px;\">\n\t\t\t\t\t\t\t\t\t\t\n\t\t\t\t\t\t\t\t\t\t<div class=\"yuzo-img\" style=\"background:url('https:\/\/vendiauto.com\/blog\/wp-content\/uploads\/2014\/10\/crossover-nissan-01-150x150.jpg') 50% 50% no-repeat;width: 125px;height:90px;margin-bottom: 5px;background-size: cover; \"><\/div>\n\t\t\t\t\t\t\t\t\t  <\/div>\n\t\t\t\t\t\t\t\t\t  \n\t\t\t\t\t\t\t\t   <span class=\"yuzo__text--title\" style=\"font-size:13px;\">Nuovo teaser del futuro crossover Nissan<\/span>\n\t\t\t\t\t\t\t  \n\t\t\t\t\t\t\t  \n\t\t\t\t\t\t\t  <\/a>\n\n\t\t\t\t\t\t  <\/div>\n<\/div> <script>\n\t\t\t\t\t\t  jQuery(document).ready(function( $ ){\n\t\t\t\t\t\t\t\/\/jQuery('.yuzo_related_post').equalizer({ overflow : 'relatedthumb' });\n\t\t\t\t\t\t\tjQuery('.yuzo_related_post .yuzo_wraps').equalizer({ columns : '> div' });\n\t\t\t\t\t\t   })\n\t\t\t\t\t\t  <\/script> <!-- End Yuzo :) -->","protected":false},"excerpt":{"rendered":"<p>Probabilmente con lo sbarco ufficiale nel listino italiano, la nuova Ford Mustang diventer\u00e0 ancor pi\u00f9 un&#8217;icona di quanto non lo sia gi\u00e0. Fino ad oggi coloro che volevano mettere in garage la cavallina pi\u00f9 famosa d&#8217;oltre oceano dovevano rivolgersi esclusivamente ad importatori paralleli che provvedevano a prendere la vettura in America per poi portarla in [&hellip;]<\/p>\n","protected":false},"author":3,"featured_media":11440,"comment_status":"open","ping_status":"open","sticky":false,"template":"","format":"standard","meta":[],"categories":[2110],"tags":[1994,1824],"_links":{"self":[{"href":"https:\/\/vendiauto.com\/blog\/wp-json\/wp\/v2\/posts\/11438"}],"collection":[{"href":"https:\/\/vendiauto.com\/blog\/wp-json\/wp\/v2\/posts"}],"about":[{"href":"https:\/\/vendiauto.com\/blog\/wp-json\/wp\/v2\/types\/post"}],"author":[{"embeddable":true,"href":"https:\/\/vendiauto.com\/blog\/wp-json\/wp\/v2\/users\/3"}],"replies":[{"embeddable":true,"href":"https:\/\/vendiauto.com\/blog\/wp-json\/wp\/v2\/comments?post=11438"}],"version-history":[{"count":2,"href":"https:\/\/vendiauto.com\/blog\/wp-json\/wp\/v2\/posts\/11438\/revisions"}],"predecessor-version":[{"id":11442,"href":"https:\/\/vendiauto.com\/blog\/wp-json\/wp\/v2\/posts\/11438\/revisions\/11442"}],"wp:featuredmedia":[{"embeddable":true,"href":"https:\/\/vendiauto.com\/blog\/wp-json\/wp\/v2\/media\/11440"}],"wp:attachment":[{"href":"https:\/\/vendiauto.com\/blog\/wp-json\/wp\/v2\/media?parent=11438"}],"wp:term":[{"taxonomy":"category","embeddable":true,"href":"https:\/\/vendiauto.com\/blog\/wp-json\/wp\/v2\/categories?post=11438"},{"taxonomy":"post_tag","embeddable":true,"href":"https:\/\/vendiauto.com\/blog\/wp-json\/wp\/v2\/tags?post=11438"}],"curies":[{"name":"wp","href":"https:\/\/api.w.org\/{rel}","templated":true}]}}