{"id":11443,"date":"2015-01-25T00:26:34","date_gmt":"2015-01-24T23:26:34","guid":{"rendered":"http:\/\/blog.vendiauto.com\/?p=11443"},"modified":"2016-09-14T15:37:09","modified_gmt":"2016-09-14T14:37:09","slug":"il-montecarlo-racing-team-alla-conquista-del-mondiale-fia-alternative-energies-cup-2015-con-unalfa-romeo","status":"publish","type":"post","link":"https:\/\/vendiauto.com\/blog\/il-montecarlo-racing-team-alla-conquista-del-mondiale-fia-alternative-energies-cup-2015-con-unalfa-romeo-2015","title":{"rendered":"Il Montecarlo Racing Team alla conquista del mondiale &#8220;FIA Alternative Energies Cup 2015&#8221; con un&#8217;Alfa Romeo!"},"content":{"rendered":"\n<!-- Quick Adsense WordPress Plugin: http:\/\/quickadsense.com\/ -->\n<div style=\"float: none; margin:10px 0 10px 0; text-align:center;\">\n<!--leonative-->\r\n<!-- 5x1 -->\r\n<div id='div-gpt-ad-5x1-0' class='div-gpt-ad div-gpt-ad-inread'>\r\n<script type='text\/javascript'>\r\ngoogletag.cmd.push(function() { googletag.display('div-gpt-ad-5x1-0'); });\r\n<\/script>\r\n<\/div>\n<\/div>\n<p><a href=\"https:\/\/vendiauto.com\/blog\/wp-content\/uploads\/2015\/01\/securedownload-11.jpg\"><img loading=\"lazy\" class=\"alignnone wp-image-11451\" src=\"https:\/\/vendiauto.com\/blog\/wp-content\/uploads\/2015\/01\/securedownload-11-1024x682.jpg\" alt=\"\" width=\"540\" height=\"360\" srcset=\"https:\/\/vendiauto.com\/blog\/wp-content\/uploads\/2015\/01\/securedownload-11-1024x682.jpg 1024w, https:\/\/vendiauto.com\/blog\/wp-content\/uploads\/2015\/01\/securedownload-11-300x200.jpg 300w, https:\/\/vendiauto.com\/blog\/wp-content\/uploads\/2015\/01\/securedownload-11-900x600.jpg 900w\" sizes=\"(max-width: 540px) 100vw, 540px\" \/><\/a><br \/>\nGiornata importante per il Montecarlo Engineering Racing Team felice di festeggiare il nuovo pilota Massimo Liverani, protagonista dell\u2019evento \u201cCampioni dell\u2019automobilismo 2014\u201d tenutosi a Verona nella giornata di sabato 24 Gennaio 2015. L\u2019evento ha premiato il neo pilota del team Monegasco, Massimo Liverani, che nel 2014 ha vinto il suo quarto titolo consecutivo nel Campionato Energie Alternative. La premiazione \u00e8 stata il contesto giusto per presentare ufficialmente il nuovo equipaggio che difender\u00e0 di fatto i colori bianco e rosso del Principato di Monaco nel Campionato Energie Alternative 2015.<\/p>\n<p><!--more--><br \/>\nIl \u201cFIA Alternative Energies Cup\u201d \u00e8 il campionato mondiale organizzato dalla Federazione Internazionale dell\u2019Automobile riservato ai veicoli omologati per la circolazione stradale ed alimentati tramite fonti di energia alternativa. La partecipazione al mondiale FIA delle energie alternative rispecchia la volont\u00e0 del Principato di Monaco, il cui Principe Alberto II ha da sempre manifestato sensibilit\u00e0 nei confronti dell\u2019ambiente e dell\u2019ecosostenibilit\u00e0, come testimoniato dalla sua Fondazione, la Fondation Prince Albert II. L\u2019auto che parteciper\u00e0 al Campionato Energie Alternative 2015 sotto i colori del Montecarlo Engineering Racing Team fondato da Fulvio Maria Ballabio, ed in collaborazione con l\u2019Alfa Racing Club, sar\u00e0 un\u2019Alfa Romeo GTV 2.0 V6 dotata di un sistema di alimentazione bi-fuel a GPL e superetanolo arricchito ad idrogeno e preparata dalla 4GAS di Massimiliano Sorghi. La volont\u00e0 di correre con la GTV non \u00e8 stata una scelta casuale: \u00e8 difatti un omaggio all\u2019Alfa Romeo in quanto \u00e8 stata l\u2019ultima auto dell\u2019epoca Fiat ad essere costruita nella storica fabbrica di Arese nel 1995 e di cui quest\u2019anno ricorre il 20\u00b0 anniversario.<\/p>\n<div id=\"attachment_11444\" style=\"width: 550px\" class=\"wp-caption alignnone\"><a href=\"https:\/\/vendiauto.com\/blog\/wp-content\/uploads\/2015\/01\/securedownload-3.jpg\"><img aria-describedby=\"caption-attachment-11444\" loading=\"lazy\" class=\"wp-image-11444\" src=\"https:\/\/vendiauto.com\/blog\/wp-content\/uploads\/2015\/01\/securedownload-3-1024x682.jpg\" alt=\"securedownload (3)\" width=\"540\" height=\"360\" srcset=\"https:\/\/vendiauto.com\/blog\/wp-content\/uploads\/2015\/01\/securedownload-3-1024x682.jpg 1024w, https:\/\/vendiauto.com\/blog\/wp-content\/uploads\/2015\/01\/securedownload-3-300x200.jpg 300w, https:\/\/vendiauto.com\/blog\/wp-content\/uploads\/2015\/01\/securedownload-3-900x600.jpg 900w\" sizes=\"(max-width: 540px) 100vw, 540px\" \/><\/a><p id=\"caption-attachment-11444\" class=\"wp-caption-text\">Da sinistra Fulvio Ciervo,Valeria Strada ,Nanni Galli (pilota leggendario Alfa Romeo ed ex Ferrari F 1 e padrino del Team), Massimo Liverani e Fulvio Maria Ballabio.<\/p><\/div>\n<p>Il Montecarlo Engineering Racing Team schierer\u00e0 quindi il gi\u00e0 citato e pluricampione Massimo Liverani che sar\u00e0 affiancato dall\u2019ex campione mondiale Fulvio Ciervo e dalla campionessa italiana in carica Valeria Strada, anche lei premiata a Verona nel ruolo di navigatrice. Grazie alla vittoria di Massimo Liverani nel campionato 2014, l\u2019Alfa Romeo GTV avr\u00e0 l\u2019onore di portare sulle fiancate un buon auspicante numero 1 e debutter\u00e0 in gara il prossimo 31 Gennaio all\u2019 EcoSnow Rally di San Martino di Castrozza.<br \/>\nIl Montecarlo Engineering Racing Team coi colori del Principato di Monaco e dell\u2019Alfa Racing Club punter\u00e0 alla vittoria finale del campionato piloti tentando di conquistare con Massimo Liverani il quinto titolo consecutivo FIA Alternative Energies Cup 2015. Inoltre, il team Monegasco punter\u00e0 a regalare il mondiale marche all\u2019Alfa Romeo che, nel suo 105\u00b0 anno di storia, \u00e8 sempre pi\u00f9 sensibile con le sue automobili di serie, Mito e Giulietta alimentate a Gpl, al rispetto dell\u2019ambiente senza per\u00f2 sacrificarne la sportivit\u00e0.<\/p>\n\n<div style=\"font-size: 0px; height: 0px; line-height: 0px; margin: 0; padding: 0; clear: both;\"><\/div><!-- Begin Yuzo --><div class='yuzo_related_post style-1'  data-version='5.12.88'><!-- without result --><div class='yuzo_clearfixed yuzo__title yuzo__title'><h2>Potrebbe anche Interessarti <\/h2><\/div>\n\t\t\t\t\t\t  <div class=\"relatedthumb \" style=\"width:125px;float:left;overflow:hidden;\">  \n\t\t\t\t\t\t\t  \n\t\t\t\t\t\t\t  <a  href=\"https:\/\/vendiauto.com\/blog\/ecco-la-nuova-fiat-panda-4x4-2012\"  >\n\t\t\t\t\t\t\t\t\t  <div class=\"yuzo-img-wrap \" style=\"width: 125px;height:90px;\">\n\t\t\t\t\t\t\t\t\t\t\n\t\t\t\t\t\t\t\t\t\t<div class=\"yuzo-img\" style=\"background:url('https:\/\/vendiauto.com\/blog\/wp-content\/uploads\/2012\/09\/Panda4x4_01davanti-150x150.jpg') 50% 50% no-repeat;width: 125px;height:90px;margin-bottom: 5px;background-size: cover; \"><\/div>\n\t\t\t\t\t\t\t\t\t  <\/div>\n\t\t\t\t\t\t\t\t\t  \n\t\t\t\t\t\t\t\t   <span class=\"yuzo__text--title\" style=\"font-size:13px;\">Ecco la nuova Fiat Panda 4\u00d74!<\/span>\n\t\t\t\t\t\t\t  \n\t\t\t\t\t\t\t  \n\t\t\t\t\t\t\t  <\/a>\n\n\t\t\t\t\t\t  <\/div>\n\t\t\t\t\t\t  <div class=\"relatedthumb \" style=\"width:125px;float:left;overflow:hidden;\">  \n\t\t\t\t\t\t\t  \n\t\t\t\t\t\t\t  <a  href=\"https:\/\/vendiauto.com\/blog\/presentata-la-alfa-romeo-4c-spider-2015\"  >\n\t\t\t\t\t\t\t\t\t  <div class=\"yuzo-img-wrap \" style=\"width: 125px;height:90px;\">\n\t\t\t\t\t\t\t\t\t\t\n\t\t\t\t\t\t\t\t\t\t<div class=\"yuzo-img\" style=\"background:url('https:\/\/vendiauto.com\/blog\/wp-content\/uploads\/2015\/01\/cq5dam.web_.650.6001-150x150.jpeg') 50% 50% no-repeat;width: 125px;height:90px;margin-bottom: 5px;background-size: cover; \"><\/div>\n\t\t\t\t\t\t\t\t\t  <\/div>\n\t\t\t\t\t\t\t\t\t  \n\t\t\t\t\t\t\t\t   <span class=\"yuzo__text--title\" style=\"font-size:13px;\">Presentata la Alfa Romeo 4C Spider!<\/span>\n\t\t\t\t\t\t\t  \n\t\t\t\t\t\t\t  \n\t\t\t\t\t\t\t  <\/a>\n\n\t\t\t\t\t\t  <\/div>\n\t\t\t\t\t\t  <div class=\"relatedthumb \" style=\"width:125px;float:left;overflow:hidden;\">  \n\t\t\t\t\t\t\t  \n\t\t\t\t\t\t\t  <a  href=\"https:\/\/vendiauto.com\/blog\/la-nuova-baby-maserati-si-chiamera-levante-2012\"  >\n\t\t\t\t\t\t\t\t\t  <div class=\"yuzo-img-wrap \" style=\"width: 125px;height:90px;\">\n\t\t\t\t\t\t\t\t\t\t\n\t\t\t\t\t\t\t\t\t\t<div class=\"yuzo-img\" style=\"background:url('https:\/\/vendiauto.com\/blog\/wp-content\/uploads\/2012\/08\/maserati-150x150.jpg') 50% 50% no-repeat;width: 125px;height:90px;margin-bottom: 5px;background-size: cover; \"><\/div>\n\t\t\t\t\t\t\t\t\t  <\/div>\n\t\t\t\t\t\t\t\t\t  \n\t\t\t\t\t\t\t\t   <span class=\"yuzo__text--title\" style=\"font-size:13px;\">La nuova baby Maserati si chiamer\u00e0 Levante?<\/span>\n\t\t\t\t\t\t\t  \n\t\t\t\t\t\t\t  \n\t\t\t\t\t\t\t  <\/a>\n\n\t\t\t\t\t\t  <\/div>\n\t\t\t\t\t\t  <div class=\"relatedthumb \" style=\"width:125px;float:left;overflow:hidden;\">  \n\t\t\t\t\t\t\t  \n\t\t\t\t\t\t\t  <a  href=\"https:\/\/vendiauto.com\/blog\/nuova-ferrari-458-speciale-2013\"  >\n\t\t\t\t\t\t\t\t\t  <div class=\"yuzo-img-wrap \" style=\"width: 125px;height:90px;\">\n\t\t\t\t\t\t\t\t\t\t\n\t\t\t\t\t\t\t\t\t\t<div class=\"yuzo-img\" style=\"background:url('https:\/\/vendiauto.com\/blog\/wp-content\/uploads\/2013\/09\/ferrari-458-speciale-vendiautoblog-150x150.jpg') 50% 50% no-repeat;width: 125px;height:90px;margin-bottom: 5px;background-size: cover; \"><\/div>\n\t\t\t\t\t\t\t\t\t  <\/div>\n\t\t\t\t\t\t\t\t\t  \n\t\t\t\t\t\t\t\t   <span class=\"yuzo__text--title\" style=\"font-size:13px;\">Nuova Ferrari 458 Speciale<\/span>\n\t\t\t\t\t\t\t  \n\t\t\t\t\t\t\t  \n\t\t\t\t\t\t\t  <\/a>\n\n\t\t\t\t\t\t  <\/div>\n<\/div> <script>\n\t\t\t\t\t\t  jQuery(document).ready(function( $ ){\n\t\t\t\t\t\t\t\/\/jQuery('.yuzo_related_post').equalizer({ overflow : 'relatedthumb' });\n\t\t\t\t\t\t\tjQuery('.yuzo_related_post .yuzo_wraps').equalizer({ columns : '> div' });\n\t\t\t\t\t\t   })\n\t\t\t\t\t\t  <\/script> <!-- End Yuzo :) -->","protected":false},"excerpt":{"rendered":"<p>Giornata importante per il Montecarlo Engineering Racing Team felice di festeggiare il nuovo pilota Massimo Liverani, protagonista dell\u2019evento \u201cCampioni dell\u2019automobilismo 2014\u201d tenutosi a Verona nella giornata di sabato 24 Gennaio 2015. L\u2019evento ha premiato il neo pilota del team Monegasco, Massimo Liverani, che nel 2014 ha vinto il suo quarto titolo consecutivo nel Campionato Energie [&hellip;]<\/p>\n","protected":false},"author":3,"featured_media":11444,"comment_status":"open","ping_status":"open","sticky":false,"template":"","format":"standard","meta":[],"categories":[2110],"tags":[20,1701,1995],"_links":{"self":[{"href":"https:\/\/vendiauto.com\/blog\/wp-json\/wp\/v2\/posts\/11443"}],"collection":[{"href":"https:\/\/vendiauto.com\/blog\/wp-json\/wp\/v2\/posts"}],"about":[{"href":"https:\/\/vendiauto.com\/blog\/wp-json\/wp\/v2\/types\/post"}],"author":[{"embeddable":true,"href":"https:\/\/vendiauto.com\/blog\/wp-json\/wp\/v2\/users\/3"}],"replies":[{"embeddable":true,"href":"https:\/\/vendiauto.com\/blog\/wp-json\/wp\/v2\/comments?post=11443"}],"version-history":[{"count":3,"href":"https:\/\/vendiauto.com\/blog\/wp-json\/wp\/v2\/posts\/11443\/revisions"}],"predecessor-version":[{"id":11454,"href":"https:\/\/vendiauto.com\/blog\/wp-json\/wp\/v2\/posts\/11443\/revisions\/11454"}],"wp:featuredmedia":[{"embeddable":true,"href":"https:\/\/vendiauto.com\/blog\/wp-json\/wp\/v2\/media\/11444"}],"wp:attachment":[{"href":"https:\/\/vendiauto.com\/blog\/wp-json\/wp\/v2\/media?parent=11443"}],"wp:term":[{"taxonomy":"category","embeddable":true,"href":"https:\/\/vendiauto.com\/blog\/wp-json\/wp\/v2\/categories?post=11443"},{"taxonomy":"post_tag","embeddable":true,"href":"https:\/\/vendiauto.com\/blog\/wp-json\/wp\/v2\/tags?post=11443"}],"curies":[{"name":"wp","href":"https:\/\/api.w.org\/{rel}","templated":true}]}}