{"id":11597,"date":"2015-03-31T10:41:14","date_gmt":"2015-03-31T09:41:14","guid":{"rendered":"http:\/\/blog.vendiauto.com\/?p=11597"},"modified":"2016-09-14T15:07:22","modified_gmt":"2016-09-14T14:07:22","slug":"ecco-la-nuova-mclaren-570s","status":"publish","type":"post","link":"https:\/\/vendiauto.com\/blog\/ecco-la-nuova-mclaren-570s-2015","title":{"rendered":"Ecco la nuova McLaren 570S!"},"content":{"rendered":"\n<!-- Quick Adsense WordPress Plugin: http:\/\/quickadsense.com\/ -->\n<div style=\"float: none; margin:10px 0 10px 0; text-align:center;\">\n<!--leonative-->\r\n<!-- 5x1 -->\r\n<div id='div-gpt-ad-5x1-0' class='div-gpt-ad div-gpt-ad-inread'>\r\n<script type='text\/javascript'>\r\ngoogletag.cmd.push(function() { googletag.display('div-gpt-ad-5x1-0'); });\r\n<\/script>\r\n<\/div>\n<\/div>\n<p><a href=\"https:\/\/vendiauto.com\/blog\/wp-content\/uploads\/2015\/03\/04_mclaren570s_nylaunch.jpg\"><img loading=\"lazy\" class=\"alignnone wp-image-11598\" src=\"https:\/\/vendiauto.com\/blog\/wp-content\/uploads\/2015\/03\/04_mclaren570s_nylaunch-1024x764.jpg\" alt=\"04_mclaren570s_nylaunch\" width=\"540\" height=\"403\" srcset=\"https:\/\/vendiauto.com\/blog\/wp-content\/uploads\/2015\/03\/04_mclaren570s_nylaunch-1024x764.jpg 1024w, https:\/\/vendiauto.com\/blog\/wp-content\/uploads\/2015\/03\/04_mclaren570s_nylaunch-300x224.jpg 300w, https:\/\/vendiauto.com\/blog\/wp-content\/uploads\/2015\/03\/04_mclaren570s_nylaunch-900x672.jpg 900w\" sizes=\"(max-width: 540px) 100vw, 540px\" \/><\/a><\/p>\n<p>Novit\u00e0 in McLaren: se in Formula 1 le cose ancora non vanno come dovrebbero, sul fronte delle supercar stradali la casa di Woking sta crescendo a vista d&#8217;occhio. In occasione dell&#8217;imminente Salone di New York dal 3 al 12 aprile 2015, la McLaren presenter\u00e0 al pubblico la nuova 570S che sar\u00e0 la versione di ingresso alla gamma sempre pi\u00f9 articolata del costruttore inglese.<\/p>\n<p><!--more-->Il nome 570S secondo la nuova terminologia utilizzata dalla McLaren indica il numero di cavalli sprigionati dal motore V8 3.8 biturbo, peraltro gi\u00e0 conosciuto sulle supercar inglesi. La nuova 570S punta ad essere un punto di riferimento tra le vetture &#8220;compatte&#8221; da utilizzare su strada ma certamente anche su pista con caratteristiche di prim&#8217;ordine: telaio in carbonio, peso contenuto in 1.313 kg, sospensioni raffinate e progettate ex novo per assicurare ottime doti di guida sia in strada che in pista, ed aerodinamica particolarmente curata con sprazzi di soluzioni accattivanti tipo il montante posteriore &#8220;poggiato&#8221; ed il lunotto ricurvo per facilitare il passaggio dell&#8217;aria alle alte velocit\u00e0. Diramate anche le prestazioni della nuova 570S:\u00a00-100 km\/h in 3,2 secondi, 0-200 km\/h in 9,5 secondi e velocit\u00e0 massima di 328 km\/h&#8230;decisamente niente male per una vettura entry level!!<\/p>\n\n<div style=\"font-size: 0px; height: 0px; line-height: 0px; margin: 0; padding: 0; clear: both;\"><\/div><!-- Begin Yuzo --><div class='yuzo_related_post style-1'  data-version='5.12.88'><!-- without result --><div class='yuzo_clearfixed yuzo__title yuzo__title'><h2>Potrebbe anche Interessarti <\/h2><\/div>\n\t\t\t\t\t\t  <div class=\"relatedthumb \" style=\"width:125px;float:left;overflow:hidden;\">  \n\t\t\t\t\t\t\t  \n\t\t\t\t\t\t\t  <a  href=\"https:\/\/vendiauto.com\/blog\/quali-sono-le-10-auto-piu-potenti-2015\"  >\n\t\t\t\t\t\t\t\t\t  <div class=\"yuzo-img-wrap \" style=\"width: 125px;height:90px;\">\n\t\t\t\t\t\t\t\t\t\t\n\t\t\t\t\t\t\t\t\t\t<div class=\"yuzo-img\" style=\"background:url('https:\/\/vendiauto.com\/blog\/wp-content\/uploads\/2015\/05\/supercar_potenza-150x150.jpg') 50% 50% no-repeat;width: 125px;height:90px;margin-bottom: 5px;background-size: cover; \"><\/div>\n\t\t\t\t\t\t\t\t\t  <\/div>\n\t\t\t\t\t\t\t\t\t  \n\t\t\t\t\t\t\t\t   <span class=\"yuzo__text--title\" style=\"font-size:13px;\">Quali sono le 10 auto pi\u00f9 potenti<\/span>\n\t\t\t\t\t\t\t  \n\t\t\t\t\t\t\t  \n\t\t\t\t\t\t\t  <\/a>\n\n\t\t\t\t\t\t  <\/div>\n\t\t\t\t\t\t  <div class=\"relatedthumb \" style=\"width:125px;float:left;overflow:hidden;\">  \n\t\t\t\t\t\t\t  \n\t\t\t\t\t\t\t  <a  href=\"https:\/\/vendiauto.com\/blog\/2557-2012\"  >\n\t\t\t\t\t\t\t\t\t  <div class=\"yuzo-img-wrap \" style=\"width: 125px;height:90px;\">\n\t\t\t\t\t\t\t\t\t\t\n\t\t\t\t\t\t\t\t\t\t<div class=\"yuzo-img\" style=\"background:url('https:\/\/vendiauto.com\/blog\/wp-content\/uploads\/2012\/01\/auto-elettrica-parigi-150x150.jpg') 50% 50% no-repeat;width: 125px;height:90px;margin-bottom: 5px;background-size: cover; \"><\/div>\n\t\t\t\t\t\t\t\t\t  <\/div>\n\t\t\t\t\t\t\t\t\t  \n\t\t\t\t\t\t\t\t   <span class=\"yuzo__text--title\" style=\"font-size:13px;\">Grande successo per il noleggio di auto elettriche...<\/span>\n\t\t\t\t\t\t\t  \n\t\t\t\t\t\t\t  \n\t\t\t\t\t\t\t  <\/a>\n\n\t\t\t\t\t\t  <\/div>\n\t\t\t\t\t\t  <div class=\"relatedthumb \" style=\"width:125px;float:left;overflow:hidden;\">  \n\t\t\t\t\t\t\t  \n\t\t\t\t\t\t\t  <a  href=\"https:\/\/vendiauto.com\/blog\/range-rover-sport-my-2013-2012\"  >\n\t\t\t\t\t\t\t\t\t  <div class=\"yuzo-img-wrap \" style=\"width: 125px;height:90px;\">\n\t\t\t\t\t\t\t\t\t\t\n\t\t\t\t\t\t\t\t\t\t<div class=\"yuzo-img\" style=\"background:url('https:\/\/vendiauto.com\/blog\/wp-content\/uploads\/2012\/05\/RANGE-ROVER-SPORT-MY-2013-150x150.jpg') 50% 50% no-repeat;width: 125px;height:90px;margin-bottom: 5px;background-size: cover; \"><\/div>\n\t\t\t\t\t\t\t\t\t  <\/div>\n\t\t\t\t\t\t\t\t\t  \n\t\t\t\t\t\t\t\t   <span class=\"yuzo__text--title\" style=\"font-size:13px;\">RANGE ROVER SPORT MY 2013<\/span>\n\t\t\t\t\t\t\t  \n\t\t\t\t\t\t\t  \n\t\t\t\t\t\t\t  <\/a>\n\n\t\t\t\t\t\t  <\/div>\n\t\t\t\t\t\t  <div class=\"relatedthumb \" style=\"width:125px;float:left;overflow:hidden;\">  \n\t\t\t\t\t\t\t  \n\t\t\t\t\t\t\t  <a  href=\"https:\/\/vendiauto.com\/blog\/lice-bucket-challenge-sbarca-nel-mondo-automotive-2014\"  >\n\t\t\t\t\t\t\t\t\t  <div class=\"yuzo-img-wrap \" style=\"width: 125px;height:90px;\">\n\t\t\t\t\t\t\t\t\t\t\n\t\t\t\t\t\t\t\t\t\t<div class=\"yuzo-img\" style=\"background:url('https:\/\/vendiauto.com\/blog\/wp-content\/uploads\/2014\/08\/Ice-Bucket-Challenge-600x335-1-150x150.jpg') 50% 50% no-repeat;width: 125px;height:90px;margin-bottom: 5px;background-size: cover; \"><\/div>\n\t\t\t\t\t\t\t\t\t  <\/div>\n\t\t\t\t\t\t\t\t\t  \n\t\t\t\t\t\t\t\t   <span class=\"yuzo__text--title\" style=\"font-size:13px;\">L\u2019Ice Bucket Challenge sbarca nel mondo auto...<\/span>\n\t\t\t\t\t\t\t  \n\t\t\t\t\t\t\t  \n\t\t\t\t\t\t\t  <\/a>\n\n\t\t\t\t\t\t  <\/div>\n<\/div> <script>\n\t\t\t\t\t\t  jQuery(document).ready(function( $ ){\n\t\t\t\t\t\t\t\/\/jQuery('.yuzo_related_post').equalizer({ overflow : 'relatedthumb' });\n\t\t\t\t\t\t\tjQuery('.yuzo_related_post .yuzo_wraps').equalizer({ columns : '> div' });\n\t\t\t\t\t\t   })\n\t\t\t\t\t\t  <\/script> <!-- End Yuzo :) -->","protected":false},"excerpt":{"rendered":"<p>Novit\u00e0 in McLaren: se in Formula 1 le cose ancora non vanno come dovrebbero, sul fronte delle supercar stradali la casa di Woking sta crescendo a vista d&#8217;occhio. In occasione dell&#8217;imminente Salone di New York dal 3 al 12 aprile 2015, la McLaren presenter\u00e0 al pubblico la nuova 570S che sar\u00e0 la versione di ingresso [&hellip;]<\/p>\n","protected":false},"author":3,"featured_media":11598,"comment_status":"open","ping_status":"open","sticky":false,"template":"","format":"standard","meta":[],"categories":[2110],"tags":[2010,101],"_links":{"self":[{"href":"https:\/\/vendiauto.com\/blog\/wp-json\/wp\/v2\/posts\/11597"}],"collection":[{"href":"https:\/\/vendiauto.com\/blog\/wp-json\/wp\/v2\/posts"}],"about":[{"href":"https:\/\/vendiauto.com\/blog\/wp-json\/wp\/v2\/types\/post"}],"author":[{"embeddable":true,"href":"https:\/\/vendiauto.com\/blog\/wp-json\/wp\/v2\/users\/3"}],"replies":[{"embeddable":true,"href":"https:\/\/vendiauto.com\/blog\/wp-json\/wp\/v2\/comments?post=11597"}],"version-history":[{"count":1,"href":"https:\/\/vendiauto.com\/blog\/wp-json\/wp\/v2\/posts\/11597\/revisions"}],"predecessor-version":[{"id":11599,"href":"https:\/\/vendiauto.com\/blog\/wp-json\/wp\/v2\/posts\/11597\/revisions\/11599"}],"wp:featuredmedia":[{"embeddable":true,"href":"https:\/\/vendiauto.com\/blog\/wp-json\/wp\/v2\/media\/11598"}],"wp:attachment":[{"href":"https:\/\/vendiauto.com\/blog\/wp-json\/wp\/v2\/media?parent=11597"}],"wp:term":[{"taxonomy":"category","embeddable":true,"href":"https:\/\/vendiauto.com\/blog\/wp-json\/wp\/v2\/categories?post=11597"},{"taxonomy":"post_tag","embeddable":true,"href":"https:\/\/vendiauto.com\/blog\/wp-json\/wp\/v2\/tags?post=11597"}],"curies":[{"name":"wp","href":"https:\/\/api.w.org\/{rel}","templated":true}]}}