{"id":1289,"date":"2011-01-30T14:00:58","date_gmt":"2011-01-30T14:00:58","guid":{"rendered":"http:\/\/www.vendiauto.com\/blog\/?p=1289"},"modified":"2016-09-14T14:58:22","modified_gmt":"2016-09-14T13:58:22","slug":"nuova-toyota-ft-86-ii","status":"publish","type":"post","link":"https:\/\/vendiauto.com\/blog\/nuova-toyota-ft-86-ii-2011","title":{"rendered":"Nuova Toyota FT-86 II"},"content":{"rendered":"\n<!-- Quick Adsense WordPress Plugin: http:\/\/quickadsense.com\/ -->\n<div style=\"float: none; margin:10px 0 10px 0; text-align:center;\">\n<!--leonative-->\r\n<!-- 5x1 -->\r\n<div id='div-gpt-ad-5x1-0' class='div-gpt-ad div-gpt-ad-inread'>\r\n<script type='text\/javascript'>\r\ngoogletag.cmd.push(function() { googletag.display('div-gpt-ad-5x1-0'); });\r\n<\/script>\r\n<\/div>\n<\/div>\n<p><a href=\"http:\/\/www.vendiauto.com\/blog\/wp-content\/uploads\/2011\/01\/Toyota-FT-86-Concept-4-500x333.jpg\"><img loading=\"lazy\" class=\"aligncenter size-full wp-image-1290\" src=\"http:\/\/www.vendiauto.com\/blog\/wp-content\/uploads\/2011\/01\/Toyota-FT-86-Concept-4-500x333.jpg\" alt=\"\" width=\"500\" height=\"333\" srcset=\"https:\/\/vendiauto.com\/blog\/wp-content\/uploads\/2011\/01\/Toyota-FT-86-Concept-4-500x333.jpg 500w, https:\/\/vendiauto.com\/blog\/wp-content\/uploads\/2011\/01\/Toyota-FT-86-Concept-4-500x333-300x199.jpg 300w\" sizes=\"(max-width: 500px) 100vw, 500px\" \/><\/a><\/p>\n<p>Se amate le coup\u00e8 compatte con un bel motore, una linea aggressiva, la trazione posteriore e un prezzo ragionevole probabilmente sarete tra i primi clienti della nuova coup\u00e8 Toyota. Finalmente la vettura dovrebbe essere presentata a breve dopo continui rinvii. Infatti il primo prototipo della coup\u00e8 giapponese denominato FT-86<\/p>\n<p><!--more--> fu presentato per la prima volta al Salone di Tokyo alla fine del 2009, quando fu annunciata la partnership con Subaru per la creazione di una coup\u00e8 compatta a trazione posteriore e dai costi decisamente buoni. L\u2019idea piacque molto soprattutto per la sinergia che si cre\u00f2 tra Toyota (che mise a disposizione la trazione posteriore) e Subaru (che port\u00f2 in dote il suo motore 2 litri 4 cilindri boxer).<\/p>\n<p>Tuttavia l\u2019operazione ebbe diversi rinvii, senza per\u00f2 essere mai abbandonata da Toyota che finalmente sta per rilanciarla. E cos\u00ec al prossimo Salone di Ginevra di Marzo Toyota presenter\u00e0 la FT-86 II , evoluzione della originaria FT-86, con la quale, si legge in un comunicato stampa, \u201c<em>Toyota intende fornire le prime indicazioni relative al design finale della sua prossima automobile sportiva<\/em>\u201d.<\/p>\n\n<div style=\"font-size: 0px; height: 0px; line-height: 0px; margin: 0; padding: 0; clear: both;\"><\/div><!-- Begin Yuzo --><div class='yuzo_related_post style-1'  data-version='5.12.88'><!-- without result --><div class='yuzo_clearfixed yuzo__title yuzo__title'><h2>Potrebbe anche Interessarti <\/h2><\/div>\n\t\t\t\t\t\t  <div class=\"relatedthumb \" style=\"width:125px;float:left;overflow:hidden;\">  \n\t\t\t\t\t\t\t  \n\t\t\t\t\t\t\t  <a  href=\"https:\/\/vendiauto.com\/blog\/kia-sorrento-il-restyling-del-suv-2012\"  >\n\t\t\t\t\t\t\t\t\t  <div class=\"yuzo-img-wrap \" style=\"width: 125px;height:90px;\">\n\t\t\t\t\t\t\t\t\t\t\n\t\t\t\t\t\t\t\t\t\t<div class=\"yuzo-img\" style=\"background:url('https:\/\/vendiauto.com\/blog\/wp-content\/uploads\/2012\/06\/kia-sorento-levoluzione-del-suv-refreshed-kia-sorento-front-quarter-europe-spec-150x150.jpg') 50% 50% no-repeat;width: 125px;height:90px;margin-bottom: 5px;background-size: cover; \"><\/div>\n\t\t\t\t\t\t\t\t\t  <\/div>\n\t\t\t\t\t\t\t\t\t  \n\t\t\t\t\t\t\t\t   <span class=\"yuzo__text--title\" style=\"font-size:13px;\">Kia Sorrento: il restyling del Suv<\/span>\n\t\t\t\t\t\t\t  \n\t\t\t\t\t\t\t  \n\t\t\t\t\t\t\t  <\/a>\n\n\t\t\t\t\t\t  <\/div>\n\t\t\t\t\t\t  <div class=\"relatedthumb \" style=\"width:125px;float:left;overflow:hidden;\">  \n\t\t\t\t\t\t\t  \n\t\t\t\t\t\t\t  <a  href=\"https:\/\/vendiauto.com\/blog\/nuova-ferrari-458-spider-2011\"  >\n\t\t\t\t\t\t\t\t\t  <div class=\"yuzo-img-wrap \" style=\"width: 125px;height:90px;\">\n\t\t\t\t\t\t\t\t\t\t\n\t\t\t\t\t\t\t\t\t\t<div class=\"yuzo-img\" style=\"background:url('https:\/\/vendiauto.com\/blog\/wp-content\/uploads\/2011\/09\/ferrari-458-spider-31-150x150.jpg') 50% 50% no-repeat;width: 125px;height:90px;margin-bottom: 5px;background-size: cover; \"><\/div>\n\t\t\t\t\t\t\t\t\t  <\/div>\n\t\t\t\t\t\t\t\t\t  \n\t\t\t\t\t\t\t\t   <span class=\"yuzo__text--title\" style=\"font-size:13px;\">Nuova Ferrari 458 Spider<\/span>\n\t\t\t\t\t\t\t  \n\t\t\t\t\t\t\t  \n\t\t\t\t\t\t\t  <\/a>\n\n\t\t\t\t\t\t  <\/div>\n\t\t\t\t\t\t  <div class=\"relatedthumb \" style=\"width:125px;float:left;overflow:hidden;\">  \n\t\t\t\t\t\t\t  \n\t\t\t\t\t\t\t  <a  href=\"https:\/\/vendiauto.com\/blog\/le-poste-svedesi-scelgono-ancora-con-fiat-fiorino-2012\"  >\n\t\t\t\t\t\t\t\t\t  <div class=\"yuzo-img-wrap \" style=\"width: 125px;height:90px;\">\n\t\t\t\t\t\t\t\t\t\t\n\t\t\t\t\t\t\t\t\t\t<div class=\"yuzo-img\" style=\"background:url('https:\/\/vendiauto.com\/blog\/wp-content\/uploads\/2012\/03\/Poste-svedesiFIORINOFIAT-150x150.jpg') 50% 50% no-repeat;width: 125px;height:90px;margin-bottom: 5px;background-size: cover; \"><\/div>\n\t\t\t\t\t\t\t\t\t  <\/div>\n\t\t\t\t\t\t\t\t\t  \n\t\t\t\t\t\t\t\t   <span class=\"yuzo__text--title\" style=\"font-size:13px;\">Le Poste Svedesi scelgono ancora Fiat Fiorino<\/span>\n\t\t\t\t\t\t\t  \n\t\t\t\t\t\t\t  \n\t\t\t\t\t\t\t  <\/a>\n\n\t\t\t\t\t\t  <\/div>\n\t\t\t\t\t\t  <div class=\"relatedthumb \" style=\"width:125px;float:left;overflow:hidden;\">  \n\t\t\t\t\t\t\t  \n\t\t\t\t\t\t\t  <a  href=\"https:\/\/vendiauto.com\/blog\/nuova-range-rover-il-debutto-italiano-a-roma-e-milano-2012\"  >\n\t\t\t\t\t\t\t\t\t  <div class=\"yuzo-img-wrap \" style=\"width: 125px;height:90px;\">\n\t\t\t\t\t\t\t\t\t\t\n\t\t\t\t\t\t\t\t\t\t<div class=\"yuzo-img\" style=\"background:url('https:\/\/vendiauto.com\/blog\/wp-content\/uploads\/2012\/10\/New_Range_RoverBYO-1-150x150.jpg') 50% 50% no-repeat;width: 125px;height:90px;margin-bottom: 5px;background-size: cover; \"><\/div>\n\t\t\t\t\t\t\t\t\t  <\/div>\n\t\t\t\t\t\t\t\t\t  \n\t\t\t\t\t\t\t\t   <span class=\"yuzo__text--title\" style=\"font-size:13px;\">Nuova Range Rover: il debutto italiano a Roma e Mi...<\/span>\n\t\t\t\t\t\t\t  \n\t\t\t\t\t\t\t  \n\t\t\t\t\t\t\t  <\/a>\n\n\t\t\t\t\t\t  <\/div>\n<\/div> <script>\n\t\t\t\t\t\t  jQuery(document).ready(function( $ ){\n\t\t\t\t\t\t\t\/\/jQuery('.yuzo_related_post').equalizer({ overflow : 'relatedthumb' });\n\t\t\t\t\t\t\tjQuery('.yuzo_related_post .yuzo_wraps').equalizer({ columns : '> div' });\n\t\t\t\t\t\t   })\n\t\t\t\t\t\t  <\/script> <!-- End Yuzo :) -->","protected":false},"excerpt":{"rendered":"<p>Se amate le coup\u00e8 compatte con un bel motore, una linea aggressiva, la trazione posteriore e un prezzo ragionevole probabilmente sarete tra i primi clienti della nuova coup\u00e8 Toyota. Finalmente la vettura dovrebbe essere presentata a breve dopo continui rinvii. Infatti il primo prototipo della coup\u00e8 giapponese denominato FT-86 Potrebbe anche Interessarti Nuova Toyota Auris [&hellip;]<\/p>\n","protected":false},"author":3,"featured_media":0,"comment_status":"open","ping_status":"open","sticky":false,"template":"","format":"standard","meta":[],"categories":[2110],"tags":[326,327,160],"_links":{"self":[{"href":"https:\/\/vendiauto.com\/blog\/wp-json\/wp\/v2\/posts\/1289"}],"collection":[{"href":"https:\/\/vendiauto.com\/blog\/wp-json\/wp\/v2\/posts"}],"about":[{"href":"https:\/\/vendiauto.com\/blog\/wp-json\/wp\/v2\/types\/post"}],"author":[{"embeddable":true,"href":"https:\/\/vendiauto.com\/blog\/wp-json\/wp\/v2\/users\/3"}],"replies":[{"embeddable":true,"href":"https:\/\/vendiauto.com\/blog\/wp-json\/wp\/v2\/comments?post=1289"}],"version-history":[{"count":1,"href":"https:\/\/vendiauto.com\/blog\/wp-json\/wp\/v2\/posts\/1289\/revisions"}],"predecessor-version":[{"id":12630,"href":"https:\/\/vendiauto.com\/blog\/wp-json\/wp\/v2\/posts\/1289\/revisions\/12630"}],"wp:attachment":[{"href":"https:\/\/vendiauto.com\/blog\/wp-json\/wp\/v2\/media?parent=1289"}],"wp:term":[{"taxonomy":"category","embeddable":true,"href":"https:\/\/vendiauto.com\/blog\/wp-json\/wp\/v2\/categories?post=1289"},{"taxonomy":"post_tag","embeddable":true,"href":"https:\/\/vendiauto.com\/blog\/wp-json\/wp\/v2\/tags?post=1289"}],"curies":[{"name":"wp","href":"https:\/\/api.w.org\/{rel}","templated":true}]}}