{"id":1538,"date":"2011-02-20T15:25:12","date_gmt":"2011-02-20T15:25:12","guid":{"rendered":"http:\/\/www.vendiauto.com\/blog\/?p=1538"},"modified":"2016-09-14T14:57:46","modified_gmt":"2016-09-14T13:57:46","slug":"una-rolls-royce-elettrica-al-salone-di-ginevra","status":"publish","type":"post","link":"https:\/\/vendiauto.com\/blog\/una-rolls-royce-elettrica-al-salone-di-ginevra-2011","title":{"rendered":"Una Rolls Royce elettrica al Salone di Ginevra?"},"content":{"rendered":"\n<!-- Quick Adsense WordPress Plugin: http:\/\/quickadsense.com\/ -->\n<div style=\"float: none; margin:10px 0 10px 0; text-align:center;\">\n<!--leonative-->\r\n<!-- 5x1 -->\r\n<div id='div-gpt-ad-5x1-0' class='div-gpt-ad div-gpt-ad-inread'>\r\n<script type='text\/javascript'>\r\ngoogletag.cmd.push(function() { googletag.display('div-gpt-ad-5x1-0'); });\r\n<\/script>\r\n<\/div>\n<\/div>\n<p style=\"text-align: center;\"><a href=\"http:\/\/www.vendiauto.com\/blog\/wp-content\/uploads\/2011\/02\/54.jpg\"><img loading=\"lazy\" class=\"aligncenter size-full wp-image-1539\" style=\"border: 1px solid black;\" src=\"http:\/\/www.vendiauto.com\/blog\/wp-content\/uploads\/2011\/02\/54.jpg\" alt=\"\" width=\"560\" height=\"420\" srcset=\"https:\/\/vendiauto.com\/blog\/wp-content\/uploads\/2011\/02\/54.jpg 800w, https:\/\/vendiauto.com\/blog\/wp-content\/uploads\/2011\/02\/54-300x225.jpg 300w\" sizes=\"(max-width: 560px) 100vw, 560px\" \/><\/a><\/p>\n<p>Vi sareste mai immaginati una Rolls Royce elettrica? Se la risposta \u00e8 no, allora farete bene a ricredervi! E se ne volete la prova, la Rolls Royce elettrica sar\u00e0 portata a Ginevra in occasione dell&#8217;imminente Salone.<\/p>\n<p><!--more-->A tal proposito queste le parole di Torsten Muller Otvos, amministratore delegato della lussuosa casa inglese: \u201cAbbiamo progettato la prima vettura elettrica posizionata nel segmento extra-lusso e con la 102EX iniziamo a percorrere la strada delle alimentazioni alternative\u201d. Questo significa che al momento non ci sar\u00e0 una produzione in serie della 102EX, questo il nome in codice del prototipo elettrico, ma si tratter\u00e0 pi\u00f9 che altro di uno studio.<\/p>\n<p>Lo stesso amministratore delegato di Rolls Royce ha infatti confermato che la 102EX, realizzata su base Phantom, \u00e8 ad oggi\u00a0un esemplare unico equipaggiato con un pacchetto di batterie e relativo motore elettrico. Questo prototipo, continua lo stesso amministratore, verr\u00e0 utilizzato solamente quale auto di rappresentanza per raccogliere dati ed informazioni e ed eventualmente per sollecitare la fantasia di potenziali acquirenti interessati ad un futuro acquisto.<\/p>\n\n<div style=\"font-size: 0px; height: 0px; line-height: 0px; margin: 0; padding: 0; clear: both;\"><\/div><!-- Begin Yuzo --><div class='yuzo_related_post style-1'  data-version='5.12.88'><!-- without result --><div class='yuzo_clearfixed yuzo__title yuzo__title'><h2>Potrebbe anche Interessarti <\/h2><\/div>\n\t\t\t\t\t\t  <div class=\"relatedthumb \" style=\"width:125px;float:left;overflow:hidden;\">  \n\t\t\t\t\t\t\t  \n\t\t\t\t\t\t\t  <a  href=\"https:\/\/vendiauto.com\/blog\/fiat-500l-in-anteprima-alla-fiera-del-levante-di-bari-2012\"  >\n\t\t\t\t\t\t\t\t\t  <div class=\"yuzo-img-wrap \" style=\"width: 125px;height:90px;\">\n\t\t\t\t\t\t\t\t\t\t\n\t\t\t\t\t\t\t\t\t\t<div class=\"yuzo-img\" style=\"background:url('http:\/\/www.vendiauto.com\/blog\/wp-content\/uploads\/2012\/08\/fiat-500l-05-293699_0x410.jpg') 50% 50% no-repeat;width: 125px;height:90px;margin-bottom: 5px;background-size: cover; \"><\/div>\n\t\t\t\t\t\t\t\t\t  <\/div>\n\t\t\t\t\t\t\t\t\t  \n\t\t\t\t\t\t\t\t   <span class=\"yuzo__text--title\" style=\"font-size:13px;\">Fiat 500L in anteprima alla Fiera del Levante di B...<\/span>\n\t\t\t\t\t\t\t  \n\t\t\t\t\t\t\t  \n\t\t\t\t\t\t\t  <\/a>\n\n\t\t\t\t\t\t  <\/div>\n\t\t\t\t\t\t  <div class=\"relatedthumb \" style=\"width:125px;float:left;overflow:hidden;\">  \n\t\t\t\t\t\t\t  \n\t\t\t\t\t\t\t  <a  href=\"https:\/\/vendiauto.com\/blog\/addio-al-nurburgring-2010\"  >\n\t\t\t\t\t\t\t\t\t  <div class=\"yuzo-img-wrap \" style=\"width: 125px;height:90px;\">\n\t\t\t\t\t\t\t\t\t\t\n\t\t\t\t\t\t\t\t\t\t<div class=\"yuzo-img\" style=\"background:url('https:\/\/vendiauto.com\/blog\/wp-content\/uploads\/2010\/12\/nurburgring-150x150.jpg') 50% 50% no-repeat;width: 125px;height:90px;margin-bottom: 5px;background-size: cover; \"><\/div>\n\t\t\t\t\t\t\t\t\t  <\/div>\n\t\t\t\t\t\t\t\t\t  \n\t\t\t\t\t\t\t\t   <span class=\"yuzo__text--title\" style=\"font-size:13px;\">Addio al Nurburgring??<\/span>\n\t\t\t\t\t\t\t  \n\t\t\t\t\t\t\t  \n\t\t\t\t\t\t\t  <\/a>\n\n\t\t\t\t\t\t  <\/div>\n\t\t\t\t\t\t  <div class=\"relatedthumb \" style=\"width:125px;float:left;overflow:hidden;\">  \n\t\t\t\t\t\t\t  \n\t\t\t\t\t\t\t  <a  href=\"https:\/\/vendiauto.com\/blog\/pininfarina-cambiano-al-salone-di-ginevra-la-nuova-concept-car-2012\"  >\n\t\t\t\t\t\t\t\t\t  <div class=\"yuzo-img-wrap \" style=\"width: 125px;height:90px;\">\n\t\t\t\t\t\t\t\t\t\t\n\t\t\t\t\t\t\t\t\t\t<div class=\"yuzo-img\" style=\"background:url('https:\/\/vendiauto.com\/blog\/wp-content\/uploads\/2012\/01\/PININFARINA-CAMBIANO-150x150.jpg') 50% 50% no-repeat;width: 125px;height:90px;margin-bottom: 5px;background-size: cover; \"><\/div>\n\t\t\t\t\t\t\t\t\t  <\/div>\n\t\t\t\t\t\t\t\t\t  \n\t\t\t\t\t\t\t\t   <span class=\"yuzo__text--title\" style=\"font-size:13px;\">Pininfarina Cambiano, al Salone di Ginevra la nuov...<\/span>\n\t\t\t\t\t\t\t  \n\t\t\t\t\t\t\t  \n\t\t\t\t\t\t\t  <\/a>\n\n\t\t\t\t\t\t  <\/div>\n\t\t\t\t\t\t  <div class=\"relatedthumb \" style=\"width:125px;float:left;overflow:hidden;\">  \n\t\t\t\t\t\t\t  \n\t\t\t\t\t\t\t  <a  href=\"https:\/\/vendiauto.com\/blog\/e-nata-la-nuova-monte-carlo-automobile-carlo-chiti-stradale-90-2014\"  >\n\t\t\t\t\t\t\t\t\t  <div class=\"yuzo-img-wrap \" style=\"width: 125px;height:90px;\">\n\t\t\t\t\t\t\t\t\t\t\n\t\t\t\t\t\t\t\t\t\t<div class=\"yuzo-img\" style=\"background:url('https:\/\/vendiauto.com\/blog\/wp-content\/uploads\/2014\/12\/10836478_841229249274738_1526372250_n-150x150.jpg') 50% 50% no-repeat;width: 125px;height:90px;margin-bottom: 5px;background-size: cover; \"><\/div>\n\t\t\t\t\t\t\t\t\t  <\/div>\n\t\t\t\t\t\t\t\t\t  \n\t\t\t\t\t\t\t\t   <span class=\"yuzo__text--title\" style=\"font-size:13px;\">E\u2019 nata la nuova Monte Carlo Automobile &#82...<\/span>\n\t\t\t\t\t\t\t  \n\t\t\t\t\t\t\t  \n\t\t\t\t\t\t\t  <\/a>\n\n\t\t\t\t\t\t  <\/div>\n<\/div> <script>\n\t\t\t\t\t\t  jQuery(document).ready(function( $ ){\n\t\t\t\t\t\t\t\/\/jQuery('.yuzo_related_post').equalizer({ overflow : 'relatedthumb' });\n\t\t\t\t\t\t\tjQuery('.yuzo_related_post .yuzo_wraps').equalizer({ columns : '> div' });\n\t\t\t\t\t\t   })\n\t\t\t\t\t\t  <\/script> <!-- End Yuzo :) -->","protected":false},"excerpt":{"rendered":"<p>Vi sareste mai immaginati una Rolls Royce elettrica? Se la risposta \u00e8 no, allora farete bene a ricredervi! E se ne volete la prova, la Rolls Royce elettrica sar\u00e0 portata a Ginevra in occasione dell&#8217;imminente Salone. Potrebbe anche Interessarti Fiat Panda 4\u00d74: anteprima mondiale al Salone &#8230; Fiat Professional al Salone Internazionale di Hann&#8230; Fiat [&hellip;]<\/p>\n","protected":false},"author":3,"featured_media":0,"comment_status":"open","ping_status":"open","sticky":false,"template":"","format":"standard","meta":[],"categories":[2110],"tags":[2099,408,214],"_links":{"self":[{"href":"https:\/\/vendiauto.com\/blog\/wp-json\/wp\/v2\/posts\/1538"}],"collection":[{"href":"https:\/\/vendiauto.com\/blog\/wp-json\/wp\/v2\/posts"}],"about":[{"href":"https:\/\/vendiauto.com\/blog\/wp-json\/wp\/v2\/types\/post"}],"author":[{"embeddable":true,"href":"https:\/\/vendiauto.com\/blog\/wp-json\/wp\/v2\/users\/3"}],"replies":[{"embeddable":true,"href":"https:\/\/vendiauto.com\/blog\/wp-json\/wp\/v2\/comments?post=1538"}],"version-history":[{"count":1,"href":"https:\/\/vendiauto.com\/blog\/wp-json\/wp\/v2\/posts\/1538\/revisions"}],"predecessor-version":[{"id":12616,"href":"https:\/\/vendiauto.com\/blog\/wp-json\/wp\/v2\/posts\/1538\/revisions\/12616"}],"wp:attachment":[{"href":"https:\/\/vendiauto.com\/blog\/wp-json\/wp\/v2\/media?parent=1538"}],"wp:term":[{"taxonomy":"category","embeddable":true,"href":"https:\/\/vendiauto.com\/blog\/wp-json\/wp\/v2\/categories?post=1538"},{"taxonomy":"post_tag","embeddable":true,"href":"https:\/\/vendiauto.com\/blog\/wp-json\/wp\/v2\/tags?post=1538"}],"curies":[{"name":"wp","href":"https:\/\/api.w.org\/{rel}","templated":true}]}}