{"id":2017,"date":"2011-04-20T08:14:58","date_gmt":"2011-04-20T08:14:58","guid":{"rendered":"http:\/\/www.vendiauto.com\/blog\/?p=2017"},"modified":"2016-09-14T14:56:21","modified_gmt":"2016-09-14T13:56:21","slug":"mercedes-classe-a-concept-2011","status":"publish","type":"post","link":"https:\/\/vendiauto.com\/blog\/mercedes-classe-a-concept-2011-2011","title":{"rendered":"Mercedes Classe A concept 2011"},"content":{"rendered":"\n<!-- Quick Adsense WordPress Plugin: http:\/\/quickadsense.com\/ -->\n<div style=\"float: none; margin:10px 0 10px 0; text-align:center;\">\n<!--leonative-->\r\n<!-- 5x1 -->\r\n<div id='div-gpt-ad-5x1-0' class='div-gpt-ad div-gpt-ad-inread'>\r\n<script type='text\/javascript'>\r\ngoogletag.cmd.push(function() { googletag.display('div-gpt-ad-5x1-0'); });\r\n<\/script>\r\n<\/div>\n<\/div>\n<p style=\"text-align: center;\"><img loading=\"lazy\" class=\"aligncenter size-full wp-image-2018\" style=\"border: 1px solid black;\" src=\"http:\/\/www.vendiauto.com\/blog\/wp-content\/uploads\/2011\/04\/338958_5298_big_mercedes-classe-a-concept-091.jpg\" alt=\"\" width=\"525\" height=\"350\" srcset=\"https:\/\/vendiauto.com\/blog\/wp-content\/uploads\/2011\/04\/338958_5298_big_mercedes-classe-a-concept-091.jpg 750w, https:\/\/vendiauto.com\/blog\/wp-content\/uploads\/2011\/04\/338958_5298_big_mercedes-classe-a-concept-091-300x200.jpg 300w\" sizes=\"(max-width: 525px) 100vw, 525px\" \/><\/p>\n<p>Al Salone di Shanghai Mercedes ha presentato il prototipo della nuova Classe A, che anticipa molto verosimilmente la linea della futura classe A che sar\u00e0 commercializzata l&#8217;anno prossimo.<\/p>\n<p><!--more--><\/p>\n<p>Gi\u00e0 al primo sguardo si pu\u00f2 notare come la nuova classe A sia completamente diversa dalla serie attuale: si \u00e8 passati da una forma da monovolume ad una da sportiva, dal muso corto e inclinato ad uno lungo e affilato, da un abitacolo alto ad uno basso come su una sportiva.<\/p>\n<p>Il numero uno di Mercedes, Dieter Zetsche al riguardo ha affermato: &#8220;<em>rispetto all&#8217;odierna Classe A, la nuova \u00e8\u00a0una vera rivoluzione. Anticipare le nuove tendenze \u00e8 sempre stato uno dei fattori chiave per il successo. Entro la fine di questo decennio il mercato delle compatte premium a livello globale passer\u00e0 dalle 5,8 milioni di vetture alle 7,7<\/em>&#8220;. E aggiunge che: &#8220;l<em>a Classe A concept \u00e8 la prova pi\u00f9 evidente di come stiamo ringiovanendo il dna della Mercedes<\/em>&#8220;.<\/p>\n<p>Dall&#8217;anno prossimo Audi A3 e Bmw serie 1 avranno un avversario in pi\u00f9&#8230;<\/p>\n\n<div style=\"font-size: 0px; height: 0px; line-height: 0px; margin: 0; padding: 0; clear: both;\"><\/div><!-- Begin Yuzo --><div class='yuzo_related_post style-1'  data-version='5.12.88'><!-- without result --><div class='yuzo_clearfixed yuzo__title yuzo__title'><h2>Potrebbe anche Interessarti <\/h2><\/div>\n\t\t\t\t\t\t  <div class=\"relatedthumb \" style=\"width:125px;float:left;overflow:hidden;\">  \n\t\t\t\t\t\t\t  \n\t\t\t\t\t\t\t  <a  href=\"https:\/\/vendiauto.com\/blog\/nel-2011-general-motors-e-il-primo-costruttore-al-mondo-per-vetture-vendute-2012\"  >\n\t\t\t\t\t\t\t\t\t  <div class=\"yuzo-img-wrap \" style=\"width: 125px;height:90px;\">\n\t\t\t\t\t\t\t\t\t\t\n\t\t\t\t\t\t\t\t\t\t<div class=\"yuzo-img\" style=\"background:url('https:\/\/vendiauto.com\/blog\/wp-content\/uploads\/2012\/01\/general-motors-us-flag-150x150.jpg') 50% 50% no-repeat;width: 125px;height:90px;margin-bottom: 5px;background-size: cover; \"><\/div>\n\t\t\t\t\t\t\t\t\t  <\/div>\n\t\t\t\t\t\t\t\t\t  \n\t\t\t\t\t\t\t\t   <span class=\"yuzo__text--title\" style=\"font-size:13px;\">Nel 2011 General Motors \u00e8 il primo costruttore al ...<\/span>\n\t\t\t\t\t\t\t  \n\t\t\t\t\t\t\t  \n\t\t\t\t\t\t\t  <\/a>\n\n\t\t\t\t\t\t  <\/div>\n\t\t\t\t\t\t  <div class=\"relatedthumb \" style=\"width:125px;float:left;overflow:hidden;\">  \n\t\t\t\t\t\t\t  \n\t\t\t\t\t\t\t  <a  href=\"https:\/\/vendiauto.com\/blog\/ferrari-le-foto-della-laferrari-aperta-2016\"  >\n\t\t\t\t\t\t\t\t\t  <div class=\"yuzo-img-wrap \" style=\"width: 125px;height:90px;\">\n\t\t\t\t\t\t\t\t\t\t\n\t\t\t\t\t\t\t\t\t\t<div class=\"yuzo-img\" style=\"background:url('https:\/\/vendiauto.com\/blog\/wp-content\/uploads\/2016\/07\/La-FERRARI-Aperta-panoramica-150x150.jpg') 50% 50% no-repeat;width: 125px;height:90px;margin-bottom: 5px;background-size: cover; \"><\/div>\n\t\t\t\t\t\t\t\t\t  <\/div>\n\t\t\t\t\t\t\t\t\t  \n\t\t\t\t\t\t\t\t   <span class=\"yuzo__text--title\" style=\"font-size:13px;\">Ferrari: le foto della LaFerrari Aperta<\/span>\n\t\t\t\t\t\t\t  \n\t\t\t\t\t\t\t  \n\t\t\t\t\t\t\t  <\/a>\n\n\t\t\t\t\t\t  <\/div>\n\t\t\t\t\t\t  <div class=\"relatedthumb \" style=\"width:125px;float:left;overflow:hidden;\">  \n\t\t\t\t\t\t\t  \n\t\t\t\t\t\t\t  <a  href=\"https:\/\/vendiauto.com\/blog\/lotus-evora-s-2010\"  >\n\t\t\t\t\t\t\t\t\t  <div class=\"yuzo-img-wrap \" style=\"width: 125px;height:90px;\">\n\t\t\t\t\t\t\t\t\t\t\n\t\t\t\t\t\t\t\t\t\t<div class=\"yuzo-img\" style=\"background:url('https:\/\/vendiauto.com\/blog\/wp-content\/uploads\/2010\/08\/lotus-evora_main_msp-150x150.jpg') 50% 50% no-repeat;width: 125px;height:90px;margin-bottom: 5px;background-size: cover; \"><\/div>\n\t\t\t\t\t\t\t\t\t  <\/div>\n\t\t\t\t\t\t\t\t\t  \n\t\t\t\t\t\t\t\t   <span class=\"yuzo__text--title\" style=\"font-size:13px;\">Lotus Evora S<\/span>\n\t\t\t\t\t\t\t  \n\t\t\t\t\t\t\t  \n\t\t\t\t\t\t\t  <\/a>\n\n\t\t\t\t\t\t  <\/div>\n\t\t\t\t\t\t  <div class=\"relatedthumb \" style=\"width:125px;float:left;overflow:hidden;\">  \n\t\t\t\t\t\t\t  \n\t\t\t\t\t\t\t  <a  href=\"https:\/\/vendiauto.com\/blog\/mini-united-2012-2012\"  >\n\t\t\t\t\t\t\t\t\t  <div class=\"yuzo-img-wrap \" style=\"width: 125px;height:90px;\">\n\t\t\t\t\t\t\t\t\t\t\n\t\t\t\t\t\t\t\t\t\t<div class=\"yuzo-img\" style=\"background:url('https:\/\/vendiauto.com\/blog\/wp-content\/uploads\/2012\/05\/Foto0447-150x150.jpg') 50% 50% no-repeat;width: 125px;height:90px;margin-bottom: 5px;background-size: cover; \"><\/div>\n\t\t\t\t\t\t\t\t\t  <\/div>\n\t\t\t\t\t\t\t\t\t  \n\t\t\t\t\t\t\t\t   <span class=\"yuzo__text--title\" style=\"font-size:13px;\">Mini United 2012<\/span>\n\t\t\t\t\t\t\t  \n\t\t\t\t\t\t\t  \n\t\t\t\t\t\t\t  <\/a>\n\n\t\t\t\t\t\t  <\/div>\n<\/div> <script>\n\t\t\t\t\t\t  jQuery(document).ready(function( $ ){\n\t\t\t\t\t\t\t\/\/jQuery('.yuzo_related_post').equalizer({ overflow : 'relatedthumb' });\n\t\t\t\t\t\t\tjQuery('.yuzo_related_post .yuzo_wraps').equalizer({ columns : '> div' });\n\t\t\t\t\t\t   })\n\t\t\t\t\t\t  <\/script> <!-- End Yuzo :) -->","protected":false},"excerpt":{"rendered":"<p>Al Salone di Shanghai Mercedes ha presentato il prototipo della nuova Classe A, che anticipa molto verosimilmente la linea della futura classe A che sar\u00e0 commercializzata l&#8217;anno prossimo. Potrebbe anche Interessarti KITT: la Supercar futuristica pi\u00f9 amata delle seri&#8230; Volkswagen, a Ginevra con la nuova Golf GTI Cabrio&#8230; La LAND ROVER conquista il palcoscenico di [&hellip;]<\/p>\n","protected":false},"author":3,"featured_media":0,"comment_status":"open","ping_status":"open","sticky":false,"template":"","format":"standard","meta":[],"categories":[2110],"tags":[71,470],"_links":{"self":[{"href":"https:\/\/vendiauto.com\/blog\/wp-json\/wp\/v2\/posts\/2017"}],"collection":[{"href":"https:\/\/vendiauto.com\/blog\/wp-json\/wp\/v2\/posts"}],"about":[{"href":"https:\/\/vendiauto.com\/blog\/wp-json\/wp\/v2\/types\/post"}],"author":[{"embeddable":true,"href":"https:\/\/vendiauto.com\/blog\/wp-json\/wp\/v2\/users\/3"}],"replies":[{"embeddable":true,"href":"https:\/\/vendiauto.com\/blog\/wp-json\/wp\/v2\/comments?post=2017"}],"version-history":[{"count":1,"href":"https:\/\/vendiauto.com\/blog\/wp-json\/wp\/v2\/posts\/2017\/revisions"}],"predecessor-version":[{"id":12578,"href":"https:\/\/vendiauto.com\/blog\/wp-json\/wp\/v2\/posts\/2017\/revisions\/12578"}],"wp:attachment":[{"href":"https:\/\/vendiauto.com\/blog\/wp-json\/wp\/v2\/media?parent=2017"}],"wp:term":[{"taxonomy":"category","embeddable":true,"href":"https:\/\/vendiauto.com\/blog\/wp-json\/wp\/v2\/categories?post=2017"},{"taxonomy":"post_tag","embeddable":true,"href":"https:\/\/vendiauto.com\/blog\/wp-json\/wp\/v2\/tags?post=2017"}],"curies":[{"name":"wp","href":"https:\/\/api.w.org\/{rel}","templated":true}]}}