{"id":2140,"date":"2011-05-20T07:33:09","date_gmt":"2011-05-20T07:33:09","guid":{"rendered":"http:\/\/www.vendiauto.com\/blog\/?p=2140"},"modified":"2016-09-14T15:41:15","modified_gmt":"2016-09-14T14:41:15","slug":"al-via-ledizione-2011-del-concorso-deleganza-di-villa-deste","status":"publish","type":"post","link":"https:\/\/vendiauto.com\/blog\/al-via-ledizione-2011-del-concorso-deleganza-di-villa-deste-2011","title":{"rendered":"Al via l&#8217;edizione 2011 del Concorso d&#8217;eleganza di Villa d&#8217;Este"},"content":{"rendered":"\n<!-- Quick Adsense WordPress Plugin: http:\/\/quickadsense.com\/ -->\n<div style=\"float: none; margin:10px 0 10px 0; text-align:center;\">\n<!--leonative-->\r\n<!-- 5x1 -->\r\n<div id='div-gpt-ad-5x1-0' class='div-gpt-ad div-gpt-ad-inread'>\r\n<script type='text\/javascript'>\r\ngoogletag.cmd.push(function() { googletag.display('div-gpt-ad-5x1-0'); });\r\n<\/script>\r\n<\/div>\n<\/div>\n<p style=\"text-align: center;\"><img loading=\"lazy\" class=\"aligncenter size-full wp-image-2144\" style=\"border: 1px solid black;\" src=\"http:\/\/www.vendiauto.com\/blog\/wp-content\/uploads\/2011\/05\/2009-Concorso-dEleganza-Villa-dEste-crowd-670x447.jpg\" alt=\"\" width=\"536\" height=\"358\" srcset=\"https:\/\/vendiauto.com\/blog\/wp-content\/uploads\/2011\/05\/2009-Concorso-dEleganza-Villa-dEste-crowd-670x447.jpg 670w, https:\/\/vendiauto.com\/blog\/wp-content\/uploads\/2011\/05\/2009-Concorso-dEleganza-Villa-dEste-crowd-670x447-300x200.jpg 300w\" sizes=\"(max-width: 536px) 100vw, 536px\" \/><\/p>\n<p>A partire da oggi e per tutto questo fine settimana si terr\u00e0 sulle rive del lago di Como e pi\u00f9 precisamente presso Cernobbio l&#8217;edizione 2011 del celebre Concorso d&#8217;Eleganza di Villa d&#8217;Este. L&#8217;edizione 2011 permetter\u00e0 agli amanti delle quattro ruote di osservare da vicino meravigliose auto d&#8217;epoca e incredibili prototipi nell&#8217;incantevole cornice di Villa d&#8217;Este.<\/p>\n<p><!--more-->Il concorso d&#8217;eleganza iniziato\u00a0nel 1929\u00a0\u00e8 giunto fino ai giorni d&#8217;oggi ed \u00e8 diventato uno dei concorsi pi\u00f9 seguiti a livello mondiale. Quest&#8217;anno sul giardino di Villa d&#8217;Este sfileranno ben 50 automobili che gareggeranno tra di loro rappresentando nove categorie di automobili: &#8220;A cielo chiuso&#8221; (Rolls-Royce Phantom II, Bugatti 57 Ventoux), &#8220;A cielo aperto&#8221;, &#8220;Chic anni 50&#8221;, &#8220;Piccole auto, grandi prestazioni&#8221; (Abarth e Porsche), &#8220;Swinging Sixties&#8221; (Aston Martin, Ferrari, Maserati e Lamborghini), &#8220;Nascita delle supercar&#8221;(Jaguar E Type in primis\u00a0che festegger\u00e0 i suoi 50 anni), &#8220;Creativit\u00e0 sorprendente&#8221;, &#8220;I miti delle corse del dopoguerra&#8221; (\u00a0Ferrari 375 MM, Alfa Romeo TZ2, Ford GT40 e Maserati 63) e\u00a0&#8220;Concept car e prototipi 2011&#8221; (Ferrari Superamerica 45, Audi Quattro Concept e Mercedes Concept Shooting Brake).<\/p>\n<p>Oltre ai premi assegnati per ogni categoria, la giuria assegner\u00e0 anche il riconoscimento pi\u00f9 ambito denominato\u00a0&#8220;Best in show&#8221;. Inoltre ad assegnare un prestigioso riconoscimento \u00e8 chiamato anche il pubblico\u00a0che, attraverso un\u00a0voto, sceglier\u00e0 la propria preferita.<\/p>\n<p>Inoltre quest&#8217;anno, e per la prima volta da quando esiste il concorso, il pubblico potr\u00e0 ammirare anche ben 40 motociclette ammesse ad un parallelo concorso d&#8217;eleganza assieme alle auto.<\/p>\n<p>Non c&#8217;\u00e8 che dire: l&#8217;edizione 2011 del concorso d&#8217;eleganza sar\u00e0 ancora pi\u00f9 ricca di fascino ed interessante&#8230;la tradizione continua!<\/p>\n\n<div style=\"font-size: 0px; height: 0px; line-height: 0px; margin: 0; padding: 0; clear: both;\"><\/div><!-- Begin Yuzo --><div class='yuzo_related_post style-1'  data-version='5.12.88'><!-- without result --><div class='yuzo_clearfixed yuzo__title yuzo__title'><h2>Potrebbe anche Interessarti <\/h2><\/div>\n\t\t\t\t\t\t  <div class=\"relatedthumb \" style=\"width:125px;float:left;overflow:hidden;\">  \n\t\t\t\t\t\t\t  \n\t\t\t\t\t\t\t  <a  href=\"https:\/\/vendiauto.com\/blog\/colori-auto-piu-scelti-nel-2010-2010\"  >\n\t\t\t\t\t\t\t\t\t  <div class=\"yuzo-img-wrap \" style=\"width: 125px;height:90px;\">\n\t\t\t\t\t\t\t\t\t\t\n\t\t\t\t\t\t\t\t\t\t<div class=\"yuzo-img\" style=\"background:url('https:\/\/vendiauto.com\/blog\/wp-content\/uploads\/2010\/12\/150a0_01-dupont-1291735386-150x150.jpg') 50% 50% no-repeat;width: 125px;height:90px;margin-bottom: 5px;background-size: cover; \"><\/div>\n\t\t\t\t\t\t\t\t\t  <\/div>\n\t\t\t\t\t\t\t\t\t  \n\t\t\t\t\t\t\t\t   <span class=\"yuzo__text--title\" style=\"font-size:13px;\">Colori auto pi\u00f9 scelti nel 2010<\/span>\n\t\t\t\t\t\t\t  \n\t\t\t\t\t\t\t  \n\t\t\t\t\t\t\t  <\/a>\n\n\t\t\t\t\t\t  <\/div>\n\t\t\t\t\t\t  <div class=\"relatedthumb \" style=\"width:125px;float:left;overflow:hidden;\">  \n\t\t\t\t\t\t\t  \n\t\t\t\t\t\t\t  <a  href=\"https:\/\/vendiauto.com\/blog\/mopar-partecipa-all82-salone-internazionale-di-ginevra-2012\"  >\n\t\t\t\t\t\t\t\t\t  <div class=\"yuzo-img-wrap \" style=\"width: 125px;height:90px;\">\n\t\t\t\t\t\t\t\t\t\t\n\t\t\t\t\t\t\t\t\t\t<div class=\"yuzo-img\" style=\"background:url('https:\/\/vendiauto.com\/blog\/wp-content\/uploads\/2012\/03\/logoMopar-150x150.jpg') 50% 50% no-repeat;width: 125px;height:90px;margin-bottom: 5px;background-size: cover; \"><\/div>\n\t\t\t\t\t\t\t\t\t  <\/div>\n\t\t\t\t\t\t\t\t\t  \n\t\t\t\t\t\t\t\t   <span class=\"yuzo__text--title\" style=\"font-size:13px;\">Mopar\u00ae partecipa all\u201982\u00b0 Salone Internaziona...<\/span>\n\t\t\t\t\t\t\t  \n\t\t\t\t\t\t\t  \n\t\t\t\t\t\t\t  <\/a>\n\n\t\t\t\t\t\t  <\/div>\n\t\t\t\t\t\t  <div class=\"relatedthumb \" style=\"width:125px;float:left;overflow:hidden;\">  \n\t\t\t\t\t\t\t  \n\t\t\t\t\t\t\t  <a  href=\"https:\/\/vendiauto.com\/blog\/presentazione-land-rover-lrx-2010\"  >\n\t\t\t\t\t\t\t\t\t  <div class=\"yuzo-img-wrap \" style=\"width: 125px;height:90px;\">\n\t\t\t\t\t\t\t\t\t\t\n\t\t\t\t\t\t\t\t\t\t<div class=\"yuzo-img\" style=\"background:url('https:\/\/vendiauto.com\/blog\/wp-content\/uploads\/2010\/07\/163_news080403_01z+tata_land_rover_lrx+front_view-150x150.jpg') 50% 50% no-repeat;width: 125px;height:90px;margin-bottom: 5px;background-size: cover; \"><\/div>\n\t\t\t\t\t\t\t\t\t  <\/div>\n\t\t\t\t\t\t\t\t\t  \n\t\t\t\t\t\t\t\t   <span class=\"yuzo__text--title\" style=\"font-size:13px;\">Presentazione Land Rover LRX<\/span>\n\t\t\t\t\t\t\t  \n\t\t\t\t\t\t\t  \n\t\t\t\t\t\t\t  <\/a>\n\n\t\t\t\t\t\t  <\/div>\n\t\t\t\t\t\t  <div class=\"relatedthumb \" style=\"width:125px;float:left;overflow:hidden;\">  \n\t\t\t\t\t\t\t  \n\t\t\t\t\t\t\t  <a  href=\"https:\/\/vendiauto.com\/blog\/carburante-come-risparmiare-per-il-week-end-di-ferragosto-2014\"  >\n\t\t\t\t\t\t\t\t\t  <div class=\"yuzo-img-wrap \" style=\"width: 125px;height:90px;\">\n\t\t\t\t\t\t\t\t\t\t\n\t\t\t\t\t\t\t\t\t\t<div class=\"yuzo-img\" style=\"background:url('https:\/\/vendiauto.com\/blog\/wp-content\/uploads\/2014\/08\/Distributori-benzina-come-cambiano-i-cartelloni.-Prezzi-piu-chiari-e-visibili-su-internet-150x150.jpg') 50% 50% no-repeat;width: 125px;height:90px;margin-bottom: 5px;background-size: cover; \"><\/div>\n\t\t\t\t\t\t\t\t\t  <\/div>\n\t\t\t\t\t\t\t\t\t  \n\t\t\t\t\t\t\t\t   <span class=\"yuzo__text--title\" style=\"font-size:13px;\">Benzina, Diesel, gpl e metano: come risparmiare pe...<\/span>\n\t\t\t\t\t\t\t  \n\t\t\t\t\t\t\t  \n\t\t\t\t\t\t\t  <\/a>\n\n\t\t\t\t\t\t  <\/div>\n<\/div> <script>\n\t\t\t\t\t\t  jQuery(document).ready(function( $ ){\n\t\t\t\t\t\t\t\/\/jQuery('.yuzo_related_post').equalizer({ overflow : 'relatedthumb' });\n\t\t\t\t\t\t\tjQuery('.yuzo_related_post .yuzo_wraps').equalizer({ columns : '> div' });\n\t\t\t\t\t\t   })\n\t\t\t\t\t\t  <\/script> <!-- End Yuzo :) -->","protected":false},"excerpt":{"rendered":"<p>A partire da oggi e per tutto questo fine settimana si terr\u00e0 sulle rive del lago di Como e pi\u00f9 precisamente presso Cernobbio l&#8217;edizione 2011 del celebre Concorso d&#8217;Eleganza di Villa d&#8217;Este. L&#8217;edizione 2011 permetter\u00e0 agli amanti delle quattro ruote di osservare da vicino meravigliose auto d&#8217;epoca e incredibili prototipi nell&#8217;incantevole cornice di Villa d&#8217;Este. [&hellip;]<\/p>\n","protected":false},"author":3,"featured_media":0,"comment_status":"open","ping_status":"open","sticky":false,"template":"","format":"standard","meta":[],"categories":[2110],"tags":[21,547],"_links":{"self":[{"href":"https:\/\/vendiauto.com\/blog\/wp-json\/wp\/v2\/posts\/2140"}],"collection":[{"href":"https:\/\/vendiauto.com\/blog\/wp-json\/wp\/v2\/posts"}],"about":[{"href":"https:\/\/vendiauto.com\/blog\/wp-json\/wp\/v2\/types\/post"}],"author":[{"embeddable":true,"href":"https:\/\/vendiauto.com\/blog\/wp-json\/wp\/v2\/users\/3"}],"replies":[{"embeddable":true,"href":"https:\/\/vendiauto.com\/blog\/wp-json\/wp\/v2\/comments?post=2140"}],"version-history":[{"count":1,"href":"https:\/\/vendiauto.com\/blog\/wp-json\/wp\/v2\/posts\/2140\/revisions"}],"predecessor-version":[{"id":12879,"href":"https:\/\/vendiauto.com\/blog\/wp-json\/wp\/v2\/posts\/2140\/revisions\/12879"}],"wp:attachment":[{"href":"https:\/\/vendiauto.com\/blog\/wp-json\/wp\/v2\/media?parent=2140"}],"wp:term":[{"taxonomy":"category","embeddable":true,"href":"https:\/\/vendiauto.com\/blog\/wp-json\/wp\/v2\/categories?post=2140"},{"taxonomy":"post_tag","embeddable":true,"href":"https:\/\/vendiauto.com\/blog\/wp-json\/wp\/v2\/tags?post=2140"}],"curies":[{"name":"wp","href":"https:\/\/api.w.org\/{rel}","templated":true}]}}