{"id":2148,"date":"2011-05-21T11:13:23","date_gmt":"2011-05-21T11:13:23","guid":{"rendered":"http:\/\/www.vendiauto.com\/blog\/?p=2148"},"modified":"2016-09-14T14:55:52","modified_gmt":"2016-09-14T13:55:52","slug":"produzione-in-vista-per-la-mini-rocketman","status":"publish","type":"post","link":"https:\/\/vendiauto.com\/blog\/produzione-in-vista-per-la-mini-rocketman-2011","title":{"rendered":"Produzione in vista per la Mini Rocketman?"},"content":{"rendered":"\n<!-- Quick Adsense WordPress Plugin: http:\/\/quickadsense.com\/ -->\n<div style=\"float: none; margin:10px 0 10px 0; text-align:center;\">\n<!--leonative-->\r\n<!-- 5x1 -->\r\n<div id='div-gpt-ad-5x1-0' class='div-gpt-ad div-gpt-ad-inread'>\r\n<script type='text\/javascript'>\r\ngoogletag.cmd.push(function() { googletag.display('div-gpt-ad-5x1-0'); });\r\n<\/script>\r\n<\/div>\n<\/div>\n<p style=\"text-align: center;\"><img loading=\"lazy\" class=\"aligncenter size-full wp-image-2149\" style=\"border: 1px solid black;\" src=\"http:\/\/www.vendiauto.com\/blog\/wp-content\/uploads\/2011\/05\/MINI_Rocketman_Concept_02.jpg\" alt=\"\" width=\"527\" height=\"373\" srcset=\"https:\/\/vendiauto.com\/blog\/wp-content\/uploads\/2011\/05\/MINI_Rocketman_Concept_02.jpg 586w, https:\/\/vendiauto.com\/blog\/wp-content\/uploads\/2011\/05\/MINI_Rocketman_Concept_02-300x211.jpg 300w\" sizes=\"(max-width: 527px) 100vw, 527px\" \/><\/p>\n<p>La Mini Rocketman, interessante prototipo presentato da Mini allo scorso Salone di Ginevra, molto probabilmente diverr\u00e0 realt\u00e0. Infatti secondo le ultime voci la Mini starebbe pensando seriamente ad una vettura ancora pi\u00f9 compatta della sua Mini One e a quanto pare la Rocketman sarebbe la scelta giusta.<\/p>\n<p><!--more--><\/p>\n<p>Ricordiamo che la Rocketman vista a Ginevra proponeva un design subito riconoscibile come Mini abbinato ad uno studio degli interni particolarmente ardito: sul modello di serie tutto questo dovrebbe essere confermato, ossia il design generale con elementi\u00a0tipici delle Mini\u00a0e degli interni molto modulabili con una configurazione di base di tre posti pi\u00f9 uno di fortuna e comunque variabili a seconda delle esigenze degli occupanti.<\/p>\n<p>Tutto questo in meno di 3,5 metri di lunghezza a tutto vantaggio della mobilit\u00e0 urbana. Probabilmente in quest&#8217;ottica la Mini Rocketman potrebbe anche essere dotata di un motore completamente elettrico, ma ad oggi \u00e8 ancora presto per esserne certi.<\/p>\n\n<div style=\"font-size: 0px; height: 0px; line-height: 0px; margin: 0; padding: 0; clear: both;\"><\/div><!-- Begin Yuzo --><div class='yuzo_related_post style-1'  data-version='5.12.88'><!-- without result --><div class='yuzo_clearfixed yuzo__title yuzo__title'><h2>Potrebbe anche Interessarti <\/h2><\/div>\n\t\t\t\t\t\t  <div class=\"relatedthumb \" style=\"width:125px;float:left;overflow:hidden;\">  \n\t\t\t\t\t\t\t  \n\t\t\t\t\t\t\t  <a  href=\"https:\/\/vendiauto.com\/blog\/kia-arriva-la-nuova-sportage-r-awd-2012\"  >\n\t\t\t\t\t\t\t\t\t  <div class=\"yuzo-img-wrap \" style=\"width: 125px;height:90px;\">\n\t\t\t\t\t\t\t\t\t\t\n\t\t\t\t\t\t\t\t\t\t<div class=\"yuzo-img\" style=\"background:url('https:\/\/vendiauto.com\/blog\/wp-content\/uploads\/2012\/02\/kia-sportage-r-awd-150x150.jpg') 50% 50% no-repeat;width: 125px;height:90px;margin-bottom: 5px;background-size: cover; \"><\/div>\n\t\t\t\t\t\t\t\t\t  <\/div>\n\t\t\t\t\t\t\t\t\t  \n\t\t\t\t\t\t\t\t   <span class=\"yuzo__text--title\" style=\"font-size:13px;\">Kia: arriva la nuova Sportage R AWD<\/span>\n\t\t\t\t\t\t\t  \n\t\t\t\t\t\t\t  \n\t\t\t\t\t\t\t  <\/a>\n\n\t\t\t\t\t\t  <\/div>\n\t\t\t\t\t\t  <div class=\"relatedthumb \" style=\"width:125px;float:left;overflow:hidden;\">  \n\t\t\t\t\t\t\t  \n\t\t\t\t\t\t\t  <a  href=\"https:\/\/vendiauto.com\/blog\/audi-sq5-inizia-la-prevendita-2012\"  >\n\t\t\t\t\t\t\t\t\t  <div class=\"yuzo-img-wrap \" style=\"width: 125px;height:90px;\">\n\t\t\t\t\t\t\t\t\t\t\n\t\t\t\t\t\t\t\t\t\t<div class=\"yuzo-img\" style=\"background:url('https:\/\/vendiauto.com\/blog\/wp-content\/uploads\/2012\/11\/inizia-la-prevendita-della-audi-sq5-sq5120074-medium-1-150x150.jpg') 50% 50% no-repeat;width: 125px;height:90px;margin-bottom: 5px;background-size: cover; \"><\/div>\n\t\t\t\t\t\t\t\t\t  <\/div>\n\t\t\t\t\t\t\t\t\t  \n\t\t\t\t\t\t\t\t   <span class=\"yuzo__text--title\" style=\"font-size:13px;\">Audi SQ5: inizia la prevendita<\/span>\n\t\t\t\t\t\t\t  \n\t\t\t\t\t\t\t  \n\t\t\t\t\t\t\t  <\/a>\n\n\t\t\t\t\t\t  <\/div>\n\t\t\t\t\t\t  <div class=\"relatedthumb \" style=\"width:125px;float:left;overflow:hidden;\">  \n\t\t\t\t\t\t\t  \n\t\t\t\t\t\t\t  <a  href=\"https:\/\/vendiauto.com\/blog\/tutti-pazzi-per-android-car-2014\"  >\n\t\t\t\t\t\t\t\t\t  <div class=\"yuzo-img-wrap \" style=\"width: 125px;height:90px;\">\n\t\t\t\t\t\t\t\t\t\t\n\t\t\t\t\t\t\t\t\t\t<div class=\"yuzo-img\" style=\"background:url('https:\/\/vendiauto.com\/blog\/wp-content\/uploads\/2014\/07\/Android_car-150x150.jpg') 50% 50% no-repeat;width: 125px;height:90px;margin-bottom: 5px;background-size: cover; \"><\/div>\n\t\t\t\t\t\t\t\t\t  <\/div>\n\t\t\t\t\t\t\t\t\t  \n\t\t\t\t\t\t\t\t   <span class=\"yuzo__text--title\" style=\"font-size:13px;\">Tutti pazzi per Android Car<\/span>\n\t\t\t\t\t\t\t  \n\t\t\t\t\t\t\t  \n\t\t\t\t\t\t\t  <\/a>\n\n\t\t\t\t\t\t  <\/div>\n\t\t\t\t\t\t  <div class=\"relatedthumb \" style=\"width:125px;float:left;overflow:hidden;\">  \n\t\t\t\t\t\t\t  \n\t\t\t\t\t\t\t  <a  href=\"https:\/\/vendiauto.com\/blog\/nuova-renault-clio-lincarnazione-del-rinnovamento-del-design-2012\"  >\n\t\t\t\t\t\t\t\t\t  <div class=\"yuzo-img-wrap \" style=\"width: 125px;height:90px;\">\n\t\t\t\t\t\t\t\t\t\t\n\t\t\t\t\t\t\t\t\t\t<div class=\"yuzo-img\" style=\"background:url('https:\/\/vendiauto.com\/blog\/wp-content\/uploads\/2012\/07\/nuova-renault-clio-un-design-da-colpo-di-fulmine-un-concentrato-di-innovazioni-img-5768-copie-150x150.jpg') 50% 50% no-repeat;width: 125px;height:90px;margin-bottom: 5px;background-size: cover; \"><\/div>\n\t\t\t\t\t\t\t\t\t  <\/div>\n\t\t\t\t\t\t\t\t\t  \n\t\t\t\t\t\t\t\t   <span class=\"yuzo__text--title\" style=\"font-size:13px;\">Nuova Renault Clio, l\u2019incarnazione del rinnovament...<\/span>\n\t\t\t\t\t\t\t  \n\t\t\t\t\t\t\t  \n\t\t\t\t\t\t\t  <\/a>\n\n\t\t\t\t\t\t  <\/div>\n<\/div> <script>\n\t\t\t\t\t\t  jQuery(document).ready(function( $ ){\n\t\t\t\t\t\t\t\/\/jQuery('.yuzo_related_post').equalizer({ overflow : 'relatedthumb' });\n\t\t\t\t\t\t\tjQuery('.yuzo_related_post .yuzo_wraps').equalizer({ columns : '> div' });\n\t\t\t\t\t\t   })\n\t\t\t\t\t\t  <\/script> <!-- End Yuzo :) -->","protected":false},"excerpt":{"rendered":"<p>La Mini Rocketman, interessante prototipo presentato da Mini allo scorso Salone di Ginevra, molto probabilmente diverr\u00e0 realt\u00e0. Infatti secondo le ultime voci la Mini starebbe pensando seriamente ad una vettura ancora pi\u00f9 compatta della sua Mini One e a quanto pare la Rocketman sarebbe la scelta giusta. Potrebbe anche Interessarti Enel e Nissan insieme per [&hellip;]<\/p>\n","protected":false},"author":3,"featured_media":0,"comment_status":"open","ping_status":"open","sticky":false,"template":"","format":"standard","meta":[],"categories":[2110],"tags":[45,427,548],"_links":{"self":[{"href":"https:\/\/vendiauto.com\/blog\/wp-json\/wp\/v2\/posts\/2148"}],"collection":[{"href":"https:\/\/vendiauto.com\/blog\/wp-json\/wp\/v2\/posts"}],"about":[{"href":"https:\/\/vendiauto.com\/blog\/wp-json\/wp\/v2\/types\/post"}],"author":[{"embeddable":true,"href":"https:\/\/vendiauto.com\/blog\/wp-json\/wp\/v2\/users\/3"}],"replies":[{"embeddable":true,"href":"https:\/\/vendiauto.com\/blog\/wp-json\/wp\/v2\/comments?post=2148"}],"version-history":[{"count":1,"href":"https:\/\/vendiauto.com\/blog\/wp-json\/wp\/v2\/posts\/2148\/revisions"}],"predecessor-version":[{"id":12564,"href":"https:\/\/vendiauto.com\/blog\/wp-json\/wp\/v2\/posts\/2148\/revisions\/12564"}],"wp:attachment":[{"href":"https:\/\/vendiauto.com\/blog\/wp-json\/wp\/v2\/media?parent=2148"}],"wp:term":[{"taxonomy":"category","embeddable":true,"href":"https:\/\/vendiauto.com\/blog\/wp-json\/wp\/v2\/categories?post=2148"},{"taxonomy":"post_tag","embeddable":true,"href":"https:\/\/vendiauto.com\/blog\/wp-json\/wp\/v2\/tags?post=2148"}],"curies":[{"name":"wp","href":"https:\/\/api.w.org\/{rel}","templated":true}]}}