{"id":2151,"date":"2011-05-23T09:53:37","date_gmt":"2011-05-23T09:53:37","guid":{"rendered":"http:\/\/www.vendiauto.com\/blog\/?p=2151"},"modified":"2016-09-14T14:55:50","modified_gmt":"2016-09-14T13:55:50","slug":"due-nuove-record-series-per-la-mazda-mx5","status":"publish","type":"post","link":"https:\/\/vendiauto.com\/blog\/due-nuove-record-series-per-la-mazda-mx5-2011","title":{"rendered":"Due nuove Record Series per la Mazda MX5"},"content":{"rendered":"\n<!-- Quick Adsense WordPress Plugin: http:\/\/quickadsense.com\/ -->\n<div style=\"float: none; margin:10px 0 10px 0; text-align:center;\">\n<!--leonative-->\r\n<!-- 5x1 -->\r\n<div id='div-gpt-ad-5x1-0' class='div-gpt-ad div-gpt-ad-inread'>\r\n<script type='text\/javascript'>\r\ngoogletag.cmd.push(function() { googletag.display('div-gpt-ad-5x1-0'); });\r\n<\/script>\r\n<\/div>\n<\/div>\n<p style=\"text-align: center;\"><img loading=\"lazy\" class=\"aligncenter size-full wp-image-2152\" style=\"border: 1px solid black;\" src=\"http:\/\/www.vendiauto.com\/blog\/wp-content\/uploads\/2011\/05\/345686_5366_big_mazda_2.jpg\" alt=\"\" width=\"525\" height=\"350\" srcset=\"https:\/\/vendiauto.com\/blog\/wp-content\/uploads\/2011\/05\/345686_5366_big_mazda_2.jpg 750w, https:\/\/vendiauto.com\/blog\/wp-content\/uploads\/2011\/05\/345686_5366_big_mazda_2-300x200.jpg 300w\" sizes=\"(max-width: 525px) 100vw, 525px\" \/><\/p>\n<p>In poco pi\u00f9 di vent&#8217;anni la Mazda Mx 5 \u00e8 diventat\u00e0 la roadster pi\u00f9 venduta di sempre arrivando a vendere circa 900.000 unit\u00e0 in tutto il mondo. Per festeggiare questo importante traguardo Mazda ha lanciato sul mercato una serie speciale denominata Record Series.<\/p>\n<p><!--more--><\/p>\n<p>Ad essere prescisi le serie speciali sono due: la Record Series Black 1.8 e la Record Series White 2.0, dove il nome utilizzato indica la tinta metallizzata\u00a0 scelta per la carrozzeria, rispettivamente Sparling Black e Crystal White Pearl.<\/p>\n<p>La Black 1.8 \u00e8 la versione pi\u00f9 elegante e confortevole: \u00e8 dotata del motore 1.8 da 126cv ed \u00e8 un&#8217;edizione nata per il mercato europeo e in Italia ne arriveranno solo 120 unit\u00e0. Questa serie speciale si riconosce oltre che per \u00a0la vernice nera anche per gli interni a contrasto in pelle chiara e per le numerose cromature presenti all&#8217;esterno ed all&#8221;interno dell&#8217;abitacolo.<\/p>\n<p>La White 2.0 invece \u00e8 la versione pi\u00f9 sportiva: \u00e8 dotata del motore 2.0 da 160cv ed \u00e8 un&#8217;edizione speciale\u00a0riservata esclusivamente per il mercato italiano. Questa versione si riconosce immediatamente per gli interni con sedili sportivi Recaro in pelle nera a contrasto con la tinta esterna di colore bianco e per una serie di caratteristiche tecniche volte ad esaltare la sportivit\u00e0 di questo modello tra cui il differenziale a slittamento limitato, la barra duomi\u00a0per le sospensioni e\u00a0gli ammortizzatori Bilstein.<\/p>\n<p>A voi dunque la scelta per la versione pi\u00f9 elegante o pi\u00f9 sportiva di questo &#8220;pezzo di storia&#8221; dell&#8217;automobile.<\/p>\n\n<div style=\"font-size: 0px; height: 0px; line-height: 0px; margin: 0; padding: 0; clear: both;\"><\/div><!-- Begin Yuzo --><div class='yuzo_related_post style-1'  data-version='5.12.88'><!-- without result --><div class='yuzo_clearfixed yuzo__title yuzo__title'><h2>Potrebbe anche Interessarti <\/h2><\/div>\n\t\t\t\t\t\t  <div class=\"relatedthumb \" style=\"width:125px;float:left;overflow:hidden;\">  \n\t\t\t\t\t\t\t  \n\t\t\t\t\t\t\t  <a  href=\"https:\/\/vendiauto.com\/blog\/toyota-presenta-il-prototipo-me-we-2013\"  >\n\t\t\t\t\t\t\t\t\t  <div class=\"yuzo-img-wrap \" style=\"width: 125px;height:90px;\">\n\t\t\t\t\t\t\t\t\t\t\n\t\t\t\t\t\t\t\t\t\t<div class=\"yuzo-img\" style=\"background:url('https:\/\/vendiauto.com\/blog\/wp-content\/uploads\/2013\/04\/toyota_prototipo_me_we-150x150.jpg') 50% 50% no-repeat;width: 125px;height:90px;margin-bottom: 5px;background-size: cover; \"><\/div>\n\t\t\t\t\t\t\t\t\t  <\/div>\n\t\t\t\t\t\t\t\t\t  \n\t\t\t\t\t\t\t\t   <span class=\"yuzo__text--title\" style=\"font-size:13px;\">Toyota presenta il prototipo ME.WE<\/span>\n\t\t\t\t\t\t\t  \n\t\t\t\t\t\t\t  \n\t\t\t\t\t\t\t  <\/a>\n\n\t\t\t\t\t\t  <\/div>\n\t\t\t\t\t\t  <div class=\"relatedthumb \" style=\"width:125px;float:left;overflow:hidden;\">  \n\t\t\t\t\t\t\t  \n\t\t\t\t\t\t\t  <a  href=\"https:\/\/vendiauto.com\/blog\/in-arrivo-la-porsche-panamera-diesel-2011\"  >\n\t\t\t\t\t\t\t\t\t  <div class=\"yuzo-img-wrap \" style=\"width: 125px;height:90px;\">\n\t\t\t\t\t\t\t\t\t\t\n\t\t\t\t\t\t\t\t\t\t<div class=\"yuzo-img\" style=\"background:url('https:\/\/vendiauto.com\/blog\/wp-content\/uploads\/2011\/05\/Panamera-diesel-150x150.jpg') 50% 50% no-repeat;width: 125px;height:90px;margin-bottom: 5px;background-size: cover; \"><\/div>\n\t\t\t\t\t\t\t\t\t  <\/div>\n\t\t\t\t\t\t\t\t\t  \n\t\t\t\t\t\t\t\t   <span class=\"yuzo__text--title\" style=\"font-size:13px;\">In arrivo la Porsche Panamera Diesel<\/span>\n\t\t\t\t\t\t\t  \n\t\t\t\t\t\t\t  \n\t\t\t\t\t\t\t  <\/a>\n\n\t\t\t\t\t\t  <\/div>\n\t\t\t\t\t\t  <div class=\"relatedthumb \" style=\"width:125px;float:left;overflow:hidden;\">  \n\t\t\t\t\t\t\t  \n\t\t\t\t\t\t\t  <a  href=\"https:\/\/vendiauto.com\/blog\/alfa-giulietta-veloce-porte-aperte-il-26-e-27-gennaio-2013\"  >\n\t\t\t\t\t\t\t\t\t  <div class=\"yuzo-img-wrap \" style=\"width: 125px;height:90px;\">\n\t\t\t\t\t\t\t\t\t\t\n\t\t\t\t\t\t\t\t\t\t<div class=\"yuzo-img\" style=\"background:url('https:\/\/vendiauto.com\/blog\/wp-content\/uploads\/2013\/01\/Alfa_Romeo_giulietta_veloce-150x150.jpg') 50% 50% no-repeat;width: 125px;height:90px;margin-bottom: 5px;background-size: cover; \"><\/div>\n\t\t\t\t\t\t\t\t\t  <\/div>\n\t\t\t\t\t\t\t\t\t  \n\t\t\t\t\t\t\t\t   <span class=\"yuzo__text--title\" style=\"font-size:13px;\">Alfa Rome Giulietta \u2018Veloce\u2019: porte ap...<\/span>\n\t\t\t\t\t\t\t  \n\t\t\t\t\t\t\t  \n\t\t\t\t\t\t\t  <\/a>\n\n\t\t\t\t\t\t  <\/div>\n\t\t\t\t\t\t  <div class=\"relatedthumb \" style=\"width:125px;float:left;overflow:hidden;\">  \n\t\t\t\t\t\t\t  \n\t\t\t\t\t\t\t  <a  href=\"https:\/\/vendiauto.com\/blog\/446-2010\"  >\n\t\t\t\t\t\t\t\t\t  <div class=\"yuzo-img-wrap \" style=\"width: 125px;height:90px;\">\n\t\t\t\t\t\t\t\t\t\t\n\t\t\t\t\t\t\t\t\t\t<div class=\"yuzo-img\" style=\"background:url('https:\/\/vendiauto.com\/blog\/wp-content\/uploads\/2010\/06\/mercedes-classe-R-2010-150x150.jpg') 50% 50% no-repeat;width: 125px;height:90px;margin-bottom: 5px;background-size: cover; \"><\/div>\n\t\t\t\t\t\t\t\t\t  <\/div>\n\t\t\t\t\t\t\t\t\t  \n\t\t\t\t\t\t\t\t   <span class=\"yuzo__text--title\" style=\"font-size:13px;\">Mercedes Classe R 2010<\/span>\n\t\t\t\t\t\t\t  \n\t\t\t\t\t\t\t  \n\t\t\t\t\t\t\t  <\/a>\n\n\t\t\t\t\t\t  <\/div>\n<\/div> <script>\n\t\t\t\t\t\t  jQuery(document).ready(function( $ ){\n\t\t\t\t\t\t\t\/\/jQuery('.yuzo_related_post').equalizer({ overflow : 'relatedthumb' });\n\t\t\t\t\t\t\tjQuery('.yuzo_related_post .yuzo_wraps').equalizer({ columns : '> div' });\n\t\t\t\t\t\t   })\n\t\t\t\t\t\t  <\/script> <!-- End Yuzo :) -->","protected":false},"excerpt":{"rendered":"<p>In poco pi\u00f9 di vent&#8217;anni la Mazda Mx 5 \u00e8 diventat\u00e0 la roadster pi\u00f9 venduta di sempre arrivando a vendere circa 900.000 unit\u00e0 in tutto il mondo. Per festeggiare questo importante traguardo Mazda ha lanciato sul mercato una serie speciale denominata Record Series. Potrebbe anche Interessarti Toyota: arriva il sistema di fornitura energetica&#8230; Nuovo spot [&hellip;]<\/p>\n","protected":false},"author":3,"featured_media":0,"comment_status":"open","ping_status":"open","sticky":false,"template":"","format":"standard","meta":[],"categories":[2110],"tags":[107,549,550,143],"_links":{"self":[{"href":"https:\/\/vendiauto.com\/blog\/wp-json\/wp\/v2\/posts\/2151"}],"collection":[{"href":"https:\/\/vendiauto.com\/blog\/wp-json\/wp\/v2\/posts"}],"about":[{"href":"https:\/\/vendiauto.com\/blog\/wp-json\/wp\/v2\/types\/post"}],"author":[{"embeddable":true,"href":"https:\/\/vendiauto.com\/blog\/wp-json\/wp\/v2\/users\/3"}],"replies":[{"embeddable":true,"href":"https:\/\/vendiauto.com\/blog\/wp-json\/wp\/v2\/comments?post=2151"}],"version-history":[{"count":1,"href":"https:\/\/vendiauto.com\/blog\/wp-json\/wp\/v2\/posts\/2151\/revisions"}],"predecessor-version":[{"id":12563,"href":"https:\/\/vendiauto.com\/blog\/wp-json\/wp\/v2\/posts\/2151\/revisions\/12563"}],"wp:attachment":[{"href":"https:\/\/vendiauto.com\/blog\/wp-json\/wp\/v2\/media?parent=2151"}],"wp:term":[{"taxonomy":"category","embeddable":true,"href":"https:\/\/vendiauto.com\/blog\/wp-json\/wp\/v2\/categories?post=2151"},{"taxonomy":"post_tag","embeddable":true,"href":"https:\/\/vendiauto.com\/blog\/wp-json\/wp\/v2\/tags?post=2151"}],"curies":[{"name":"wp","href":"https:\/\/api.w.org\/{rel}","templated":true}]}}