{"id":2726,"date":"2012-01-10T19:08:34","date_gmt":"2012-01-10T19:08:34","guid":{"rendered":"http:\/\/www.vendiauto.com\/blog\/?p=2726"},"modified":"2016-09-14T11:46:38","modified_gmt":"2016-09-14T10:46:38","slug":"mokka-mini-suv-della-opel","status":"publish","type":"post","link":"https:\/\/vendiauto.com\/blog\/mokka-mini-suv-della-opel-2012","title":{"rendered":"Mokka, mini Suv della Opel"},"content":{"rendered":"\n<!-- Quick Adsense WordPress Plugin: http:\/\/quickadsense.com\/ -->\n<div style=\"float: none; margin:10px 0 10px 0; text-align:center;\">\n<!--leonative-->\r\n<!-- 5x1 -->\r\n<div id='div-gpt-ad-5x1-0' class='div-gpt-ad div-gpt-ad-inread'>\r\n<script type='text\/javascript'>\r\ngoogletag.cmd.push(function() { googletag.display('div-gpt-ad-5x1-0'); });\r\n<\/script>\r\n<\/div>\n<\/div>\n<p><img loading=\"lazy\" class=\"aligncenter  wp-image-2729\" style=\"border-image: initial; border-width: 1px; border-color: black; border-style: solid;\" title=\"Mokke-Suv-Opel\" src=\"http:\/\/www.vendiauto.com\/blog\/wp-content\/uploads\/2012\/01\/Mokke-Suv-Opel.jpg\" alt=\"\" width=\"530\" height=\"409\" \/>Si chiama Mokka ed \u00e8 il Suv compatto della Opel che sar\u00e0 presentato in anteprima al prossimo Salone di Ginevra e arriver\u00e0 nelle concessionarie alla fine di quest&#8217;anno.\u00a0I motori saranno due a \u00a0benzina (1.6 litri aspirato da 115 CV e un 1.4 turbo) e uno a gasolio, il 1.7 CDTI da 130 CVI. <!--more--> Le due unit\u00e0 pi\u00f9 potenti potranno anche essere abbinate al cambio automatico.\u00a0La vera novit\u00e0 sono le dimensioni: lunga 4,28 metri, \u00e8 omologata per cinque posti e ha una capacit\u00e0 di carico variabile da 533 a\u00a01.372 litri. La Mokka \u00e8 dotata di\u00a019 vani portaoggetti\u00a0e di un bagagliaio che nella configurazione massima arriva a\u00a01.372 litri. Nel paraurti posteriore \u00e8 anche integrato il portabici Flex-Fix che si estrae a cassetto per ospitare fino a 3 biciclette.\u00a0Tra le caratteristiche di serie che migliorano l&#8217;esperienza di guida su tutte le versioni vi sono il Controllo Elettronico della Stabilit\u00e0 (ESC), il Controllo della Trazione (TC), il sistema di assistenza alla partenza in salita Hill Start Assist (HSA) e il sistema di controllo della velocit\u00e0 in discesa Hill Descent Control (HDC )\u00a0 &#8211;\u00a0 che migliorano il comfort di guida e la sicurezza in salita o in discesa.<\/p>\n\n<div style=\"font-size: 0px; height: 0px; line-height: 0px; margin: 0; padding: 0; clear: both;\"><\/div><!-- Begin Yuzo --><div class='yuzo_related_post style-1'  data-version='5.12.88'><!-- without result --><div class='yuzo_clearfixed yuzo__title yuzo__title'><h2>Potrebbe anche Interessarti <\/h2><\/div>\n\t\t\t\t\t\t  <div class=\"relatedthumb \" style=\"width:125px;float:left;overflow:hidden;\">  \n\t\t\t\t\t\t\t  \n\t\t\t\t\t\t\t  <a  href=\"https:\/\/vendiauto.com\/blog\/kitt-lauto-di-supercar-rinasce-in-toscana-2014\"  >\n\t\t\t\t\t\t\t\t\t  <div class=\"yuzo-img-wrap \" style=\"width: 125px;height:90px;\">\n\t\t\t\t\t\t\t\t\t\t\n\t\t\t\t\t\t\t\t\t\t<div class=\"yuzo-img\" style=\"background:url('http:\/\/www.vendiauto.com\/blog\/wp-content\/uploads\/2012\/04\/kitt-supercar.jpg') 50% 50% no-repeat;width: 125px;height:90px;margin-bottom: 5px;background-size: cover; \"><\/div>\n\t\t\t\t\t\t\t\t\t  <\/div>\n\t\t\t\t\t\t\t\t\t  \n\t\t\t\t\t\t\t\t   <span class=\"yuzo__text--title\" style=\"font-size:13px;\">Kitt: l\u2019auto di Supercar rinasce in Toscana<\/span>\n\t\t\t\t\t\t\t  \n\t\t\t\t\t\t\t  \n\t\t\t\t\t\t\t  <\/a>\n\n\t\t\t\t\t\t  <\/div>\n\t\t\t\t\t\t  <div class=\"relatedthumb \" style=\"width:125px;float:left;overflow:hidden;\">  \n\t\t\t\t\t\t\t  \n\t\t\t\t\t\t\t  <a  href=\"https:\/\/vendiauto.com\/blog\/jaguar-e-land-rover-virtual-windscreen-il-futuro-e-qui-2014\"  >\n\t\t\t\t\t\t\t\t\t  <div class=\"yuzo-img-wrap \" style=\"width: 125px;height:90px;\">\n\t\t\t\t\t\t\t\t\t\t\n\t\t\t\t\t\t\t\t\t\t<div class=\"yuzo-img\" style=\"background:url('https:\/\/vendiauto.com\/blog\/wp-content\/uploads\/2014\/07\/Jaguar-Virtual-windscreen-2-150x150.jpg') 50% 50% no-repeat;width: 125px;height:90px;margin-bottom: 5px;background-size: cover; \"><\/div>\n\t\t\t\t\t\t\t\t\t  <\/div>\n\t\t\t\t\t\t\t\t\t  \n\t\t\t\t\t\t\t\t   <span class=\"yuzo__text--title\" style=\"font-size:13px;\">Jaguar e Land Rover Virtual Windscreen: il futuro ...<\/span>\n\t\t\t\t\t\t\t  \n\t\t\t\t\t\t\t  \n\t\t\t\t\t\t\t  <\/a>\n\n\t\t\t\t\t\t  <\/div>\n\t\t\t\t\t\t  <div class=\"relatedthumb \" style=\"width:125px;float:left;overflow:hidden;\">  \n\t\t\t\t\t\t\t  \n\t\t\t\t\t\t\t  <a  href=\"https:\/\/vendiauto.com\/blog\/fiat-debutta-a-torino-la-500l-2012\"  >\n\t\t\t\t\t\t\t\t\t  <div class=\"yuzo-img-wrap \" style=\"width: 125px;height:90px;\">\n\t\t\t\t\t\t\t\t\t\t\n\t\t\t\t\t\t\t\t\t\t<div class=\"yuzo-img\" style=\"background:url('https:\/\/vendiauto.com\/blog\/wp-content\/uploads\/2012\/07\/Fiat-500L1-150x150.jpg') 50% 50% no-repeat;width: 125px;height:90px;margin-bottom: 5px;background-size: cover; \"><\/div>\n\t\t\t\t\t\t\t\t\t  <\/div>\n\t\t\t\t\t\t\t\t\t  \n\t\t\t\t\t\t\t\t   <span class=\"yuzo__text--title\" style=\"font-size:13px;\">Fiat: debutta a Torino la 500L<\/span>\n\t\t\t\t\t\t\t  \n\t\t\t\t\t\t\t  \n\t\t\t\t\t\t\t  <\/a>\n\n\t\t\t\t\t\t  <\/div>\n\t\t\t\t\t\t  <div class=\"relatedthumb \" style=\"width:125px;float:left;overflow:hidden;\">  \n\t\t\t\t\t\t\t  \n\t\t\t\t\t\t\t  <a  href=\"https:\/\/vendiauto.com\/blog\/prima-immagine-della-nuova-fiat-500x-2014\"  >\n\t\t\t\t\t\t\t\t\t  <div class=\"yuzo-img-wrap \" style=\"width: 125px;height:90px;\">\n\t\t\t\t\t\t\t\t\t\t\n\t\t\t\t\t\t\t\t\t\t<div class=\"yuzo-img\" style=\"background:url('https:\/\/vendiauto.com\/blog\/wp-content\/uploads\/2014\/09\/14107967508581-150x150.jpg') 50% 50% no-repeat;width: 125px;height:90px;margin-bottom: 5px;background-size: cover; \"><\/div>\n\t\t\t\t\t\t\t\t\t  <\/div>\n\t\t\t\t\t\t\t\t\t  \n\t\t\t\t\t\t\t\t   <span class=\"yuzo__text--title\" style=\"font-size:13px;\">Prima immagine della nuova Fiat 500X!<\/span>\n\t\t\t\t\t\t\t  \n\t\t\t\t\t\t\t  \n\t\t\t\t\t\t\t  <\/a>\n\n\t\t\t\t\t\t  <\/div>\n<\/div> <script>\n\t\t\t\t\t\t  jQuery(document).ready(function( $ ){\n\t\t\t\t\t\t\t\/\/jQuery('.yuzo_related_post').equalizer({ overflow : 'relatedthumb' });\n\t\t\t\t\t\t\tjQuery('.yuzo_related_post .yuzo_wraps').equalizer({ columns : '> div' });\n\t\t\t\t\t\t   })\n\t\t\t\t\t\t  <\/script> <!-- End Yuzo :) -->","protected":false},"excerpt":{"rendered":"<p>Si chiama Mokka ed \u00e8 il Suv compatto della Opel che sar\u00e0 presentato in anteprima al prossimo Salone di Ginevra e arriver\u00e0 nelle concessionarie alla fine di quest&#8217;anno.\u00a0I motori saranno due a \u00a0benzina (1.6 litri aspirato da 115 CV e un 1.4 turbo) e uno a gasolio, il 1.7 CDTI da 130 CVI. Potrebbe anche [&hellip;]<\/p>\n","protected":false},"author":4,"featured_media":0,"comment_status":"closed","ping_status":"open","sticky":false,"template":"","format":"standard","meta":[],"categories":[2110],"tags":[659,658],"_links":{"self":[{"href":"https:\/\/vendiauto.com\/blog\/wp-json\/wp\/v2\/posts\/2726"}],"collection":[{"href":"https:\/\/vendiauto.com\/blog\/wp-json\/wp\/v2\/posts"}],"about":[{"href":"https:\/\/vendiauto.com\/blog\/wp-json\/wp\/v2\/types\/post"}],"author":[{"embeddable":true,"href":"https:\/\/vendiauto.com\/blog\/wp-json\/wp\/v2\/users\/4"}],"replies":[{"embeddable":true,"href":"https:\/\/vendiauto.com\/blog\/wp-json\/wp\/v2\/comments?post=2726"}],"version-history":[{"count":1,"href":"https:\/\/vendiauto.com\/blog\/wp-json\/wp\/v2\/posts\/2726\/revisions"}],"predecessor-version":[{"id":12207,"href":"https:\/\/vendiauto.com\/blog\/wp-json\/wp\/v2\/posts\/2726\/revisions\/12207"}],"wp:attachment":[{"href":"https:\/\/vendiauto.com\/blog\/wp-json\/wp\/v2\/media?parent=2726"}],"wp:term":[{"taxonomy":"category","embeddable":true,"href":"https:\/\/vendiauto.com\/blog\/wp-json\/wp\/v2\/categories?post=2726"},{"taxonomy":"post_tag","embeddable":true,"href":"https:\/\/vendiauto.com\/blog\/wp-json\/wp\/v2\/tags?post=2726"}],"curies":[{"name":"wp","href":"https:\/\/api.w.org\/{rel}","templated":true}]}}