{"id":2753,"date":"2012-01-11T13:00:42","date_gmt":"2012-01-11T13:00:42","guid":{"rendered":"http:\/\/www.vendiauto.com\/blog\/?p=2753"},"modified":"2016-09-14T14:54:26","modified_gmt":"2016-09-14T13:54:26","slug":"smart-for-us-il-mini-pick-up-elettrico-pensato-per-chi-ama-lambiente","status":"publish","type":"post","link":"https:\/\/vendiauto.com\/blog\/smart-for-us-il-mini-pick-up-elettrico-pensato-per-chi-ama-lambiente-2012","title":{"rendered":"Smart for-US- il mini pick up elettrico pensato per chi ama l&#8217;ambiente"},"content":{"rendered":"\n<!-- Quick Adsense WordPress Plugin: http:\/\/quickadsense.com\/ -->\n<div style=\"float: none; margin:10px 0 10px 0; text-align:center;\">\n<!--leonative-->\r\n<!-- 5x1 -->\r\n<div id='div-gpt-ad-5x1-0' class='div-gpt-ad div-gpt-ad-inread'>\r\n<script type='text\/javascript'>\r\ngoogletag.cmd.push(function() { googletag.display('div-gpt-ad-5x1-0'); });\r\n<\/script>\r\n<\/div>\n<\/div>\n<p style=\"text-align: center;\"><img loading=\"lazy\" class=\"aligncenter  wp-image-2766\" style=\"border-image: initial; border-width: 1px; border-color: black; border-style: solid;\" title=\"smart-for-us\" src=\"http:\/\/www.vendiauto.com\/blog\/wp-content\/uploads\/2012\/01\/smart-for-us.jpg\" alt=\"\" width=\"532\" height=\"385\" srcset=\"https:\/\/vendiauto.com\/blog\/wp-content\/uploads\/2012\/01\/smart-for-us.jpg 665w, https:\/\/vendiauto.com\/blog\/wp-content\/uploads\/2012\/01\/smart-for-us-300x216.jpg 300w\" sizes=\"(max-width: 532px) 100vw, 532px\" \/><\/p>\n<p>Mercedes ha presentato al Salone di Detroit un concept-car di una Smart elettrica in formato pick up cittadino; si tratta di un&#8217;auto pensata per un target giovanile, dinamico e attento alla cura dell&#8217;ambiente: la <strong>Smart for-US<\/strong>.<br \/>\nDimensioni: 3.547 mm di lunghezza, 1.506 di larghezza e 1.701 di altezza<br \/>\nAlimentazione: elettrica<!--more--><br \/>\nVelocit\u00e0 massima di\u00a0oltre 120 km orari<\/p>\n<p>Design tipicamente Smart ma pi\u00f9 rigoroso e robusto<br \/>\nSportello di carico sulla coda azionabile elettricamente<br \/>\nNel vano di carico si trovano due spazi in cui inserire le ruote anteriori delle smart ebike (con le quali ci si pu\u00f2 spostare in citt\u00e0 a zero emissioni locali), e al centro \u00e8 posizionata una speciale stazione per caricare le batterie delle ebike durante il trasporto in auto<br \/>\nGruppi ottici anteriori e posteriori a forma di rombo e indicatori di\u00a0direzione con una serie di LED a barra<\/p>\n<p><strong>Interni:<\/strong><br \/>\nSedili tipicamente smart con rivestimenti personalizzabili<br \/>\nAbitacolo caratterizzato da superfici lisce alternate ad elementi funzionali tecnici \u00a0in alluminio<br \/>\nElementi di comando e visualizzazione \u00a0rivolti verso il guidatore<br \/>\nIl tradizionale specchietto retrovisore interno lascia spazio ad uno smartphone, posizionato in alto: grazie ad una videocamera integrata il guidatore pu\u00f2 controllare cosa accade dietro la sua auto<\/p>\n<p>Probabilmente Smart for-US sar\u00e0 prodotta partire dal 2014.<\/p>\n<p style=\"text-align: center;\"><img loading=\"lazy\" class=\"aligncenter  wp-image-2768\" style=\"border-image: initial; border-width: 1px; border-color: black; border-style: solid;\" title=\"smartforus1\" src=\"http:\/\/www.vendiauto.com\/blog\/wp-content\/uploads\/2012\/01\/smartforus1.jpg\" alt=\"\" width=\"532\" height=\"385\" srcset=\"https:\/\/vendiauto.com\/blog\/wp-content\/uploads\/2012\/01\/smartforus1.jpg 665w, https:\/\/vendiauto.com\/blog\/wp-content\/uploads\/2012\/01\/smartforus1-300x216.jpg 300w\" sizes=\"(max-width: 532px) 100vw, 532px\" \/><\/p>\n<p><img loading=\"lazy\" class=\"aligncenter  wp-image-2769\" style=\"border-image: initial; border-width: 1px; border-color: black; border-style: solid;\" title=\"smartforus2\" src=\"http:\/\/www.vendiauto.com\/blog\/wp-content\/uploads\/2012\/01\/smartforus2.jpg\" alt=\"\" width=\"532\" height=\"385\" srcset=\"https:\/\/vendiauto.com\/blog\/wp-content\/uploads\/2012\/01\/smartforus2.jpg 665w, https:\/\/vendiauto.com\/blog\/wp-content\/uploads\/2012\/01\/smartforus2-300x216.jpg 300w\" sizes=\"(max-width: 532px) 100vw, 532px\" \/><\/p>\n<p><img loading=\"lazy\" class=\"aligncenter  wp-image-2770\" style=\"border-image: initial; border-width: 1px; border-color: black; border-style: solid;\" title=\"Smart-For-Us3\" src=\"http:\/\/www.vendiauto.com\/blog\/wp-content\/uploads\/2012\/01\/Smart-For-Us3.jpg\" alt=\"\" width=\"532\" height=\"375\" srcset=\"https:\/\/vendiauto.com\/blog\/wp-content\/uploads\/2012\/01\/Smart-For-Us3.jpg 665w, https:\/\/vendiauto.com\/blog\/wp-content\/uploads\/2012\/01\/Smart-For-Us3-300x211.jpg 300w\" sizes=\"(max-width: 532px) 100vw, 532px\" \/><\/p>\n\n<div style=\"font-size: 0px; height: 0px; line-height: 0px; margin: 0; padding: 0; clear: both;\"><\/div><!-- Begin Yuzo --><div class='yuzo_related_post style-1'  data-version='5.12.88'><!-- without result --><div class='yuzo_clearfixed yuzo__title yuzo__title'><h2>Potrebbe anche Interessarti <\/h2><\/div>\n\t\t\t\t\t\t  <div class=\"relatedthumb \" style=\"width:125px;float:left;overflow:hidden;\">  \n\t\t\t\t\t\t\t  \n\t\t\t\t\t\t\t  <a  href=\"https:\/\/vendiauto.com\/blog\/fiat-sorprende-tutti-con-la-fcc4-2014\"  >\n\t\t\t\t\t\t\t\t\t  <div class=\"yuzo-img-wrap \" style=\"width: 125px;height:90px;\">\n\t\t\t\t\t\t\t\t\t\t\n\t\t\t\t\t\t\t\t\t\t<div class=\"yuzo-img\" style=\"background:url('https:\/\/vendiauto.com\/blog\/wp-content\/uploads\/2014\/10\/cq5dam.web_.650.600-14-150x150.jpeg') 50% 50% no-repeat;width: 125px;height:90px;margin-bottom: 5px;background-size: cover; \"><\/div>\n\t\t\t\t\t\t\t\t\t  <\/div>\n\t\t\t\t\t\t\t\t\t  \n\t\t\t\t\t\t\t\t   <span class=\"yuzo__text--title\" style=\"font-size:13px;\">Fiat sorprende tutti con la FCC4!<\/span>\n\t\t\t\t\t\t\t  \n\t\t\t\t\t\t\t  \n\t\t\t\t\t\t\t  <\/a>\n\n\t\t\t\t\t\t  <\/div>\n\t\t\t\t\t\t  <div class=\"relatedthumb \" style=\"width:125px;float:left;overflow:hidden;\">  \n\t\t\t\t\t\t\t  \n\t\t\t\t\t\t\t  <a  href=\"https:\/\/vendiauto.com\/blog\/consegnata-in-italia-la-prima-opel-ampera-2012\"  >\n\t\t\t\t\t\t\t\t\t  <div class=\"yuzo-img-wrap \" style=\"width: 125px;height:90px;\">\n\t\t\t\t\t\t\t\t\t\t\n\t\t\t\t\t\t\t\t\t\t<div class=\"yuzo-img\" style=\"background:url('https:\/\/vendiauto.com\/blog\/wp-content\/uploads\/2012\/03\/opel-ampera-consegnata-la-prima-opel-ampera-in-italia-a-leaseplan-270534-150x150.jpg') 50% 50% no-repeat;width: 125px;height:90px;margin-bottom: 5px;background-size: cover; \"><\/div>\n\t\t\t\t\t\t\t\t\t  <\/div>\n\t\t\t\t\t\t\t\t\t  \n\t\t\t\t\t\t\t\t   <span class=\"yuzo__text--title\" style=\"font-size:13px;\">Consegnata in Italia la prima Opel AMPERA<\/span>\n\t\t\t\t\t\t\t  \n\t\t\t\t\t\t\t  \n\t\t\t\t\t\t\t  <\/a>\n\n\t\t\t\t\t\t  <\/div>\n\t\t\t\t\t\t  <div class=\"relatedthumb \" style=\"width:125px;float:left;overflow:hidden;\">  \n\t\t\t\t\t\t\t  \n\t\t\t\t\t\t\t  <a  href=\"https:\/\/vendiauto.com\/blog\/jeep-sponsor-della-mostra-dedicata-alle-elezioni-presidenziali-statunitensi-2012\"  >\n\t\t\t\t\t\t\t\t\t  <div class=\"yuzo-img-wrap \" style=\"width: 125px;height:90px;\">\n\t\t\t\t\t\t\t\t\t\t\n\t\t\t\t\t\t\t\t\t\t<div class=\"yuzo-img\" style=\"background:url('https:\/\/vendiauto.com\/blog\/wp-content\/uploads\/2012\/09\/Jeep-Mostra-For-Presidente-USA-150x150.jpg') 50% 50% no-repeat;width: 125px;height:90px;margin-bottom: 5px;background-size: cover; \"><\/div>\n\t\t\t\t\t\t\t\t\t  <\/div>\n\t\t\t\t\t\t\t\t\t  \n\t\t\t\t\t\t\t\t   <span class=\"yuzo__text--title\" style=\"font-size:13px;\">Jeep sponsor della mostra dedicata alle elezioni p...<\/span>\n\t\t\t\t\t\t\t  \n\t\t\t\t\t\t\t  \n\t\t\t\t\t\t\t  <\/a>\n\n\t\t\t\t\t\t  <\/div>\n\t\t\t\t\t\t  <div class=\"relatedthumb \" style=\"width:125px;float:left;overflow:hidden;\">  \n\t\t\t\t\t\t\t  \n\t\t\t\t\t\t\t  <a  href=\"https:\/\/vendiauto.com\/blog\/la-fca-al-super-bowl-con-3-spot-2014\"  >\n\t\t\t\t\t\t\t\t\t  <div class=\"yuzo-img-wrap \" style=\"width: 125px;height:90px;\">\n\t\t\t\t\t\t\t\t\t\t\n\t\t\t\t\t\t\t\t\t\t<div class=\"yuzo-img\" style=\"background:url('https:\/\/vendiauto.com\/blog\/wp-content\/uploads\/2014\/02\/FCA-Maserati-Ghibli-Super-Bowl1-150x150.jpg') 50% 50% no-repeat;width: 125px;height:90px;margin-bottom: 5px;background-size: cover; \"><\/div>\n\t\t\t\t\t\t\t\t\t  <\/div>\n\t\t\t\t\t\t\t\t\t  \n\t\t\t\t\t\t\t\t   <span class=\"yuzo__text--title\" style=\"font-size:13px;\">La FCA al Super Bowl con 3 spot<\/span>\n\t\t\t\t\t\t\t  \n\t\t\t\t\t\t\t  \n\t\t\t\t\t\t\t  <\/a>\n\n\t\t\t\t\t\t  <\/div>\n<\/div> <script>\n\t\t\t\t\t\t  jQuery(document).ready(function( $ ){\n\t\t\t\t\t\t\t\/\/jQuery('.yuzo_related_post').equalizer({ overflow : 'relatedthumb' });\n\t\t\t\t\t\t\tjQuery('.yuzo_related_post .yuzo_wraps').equalizer({ columns : '> div' });\n\t\t\t\t\t\t   })\n\t\t\t\t\t\t  <\/script> <!-- End Yuzo :) -->","protected":false},"excerpt":{"rendered":"<p>Mercedes ha presentato al Salone di Detroit un concept-car di una Smart elettrica in formato pick up cittadino; si tratta di un&#8217;auto pensata per un target giovanile, dinamico e attento alla cura dell&#8217;ambiente: la Smart for-US. Dimensioni: 3.547 mm di lunghezza, 1.506 di larghezza e 1.701 di altezza Alimentazione: elettrica Potrebbe anche Interessarti Google progetta [&hellip;]<\/p>\n","protected":false},"author":2,"featured_media":0,"comment_status":"closed","ping_status":"open","sticky":false,"template":"","format":"standard","meta":[],"categories":[2110],"tags":[70,661],"_links":{"self":[{"href":"https:\/\/vendiauto.com\/blog\/wp-json\/wp\/v2\/posts\/2753"}],"collection":[{"href":"https:\/\/vendiauto.com\/blog\/wp-json\/wp\/v2\/posts"}],"about":[{"href":"https:\/\/vendiauto.com\/blog\/wp-json\/wp\/v2\/types\/post"}],"author":[{"embeddable":true,"href":"https:\/\/vendiauto.com\/blog\/wp-json\/wp\/v2\/users\/2"}],"replies":[{"embeddable":true,"href":"https:\/\/vendiauto.com\/blog\/wp-json\/wp\/v2\/comments?post=2753"}],"version-history":[{"count":1,"href":"https:\/\/vendiauto.com\/blog\/wp-json\/wp\/v2\/posts\/2753\/revisions"}],"predecessor-version":[{"id":12524,"href":"https:\/\/vendiauto.com\/blog\/wp-json\/wp\/v2\/posts\/2753\/revisions\/12524"}],"wp:attachment":[{"href":"https:\/\/vendiauto.com\/blog\/wp-json\/wp\/v2\/media?parent=2753"}],"wp:term":[{"taxonomy":"category","embeddable":true,"href":"https:\/\/vendiauto.com\/blog\/wp-json\/wp\/v2\/categories?post=2753"},{"taxonomy":"post_tag","embeddable":true,"href":"https:\/\/vendiauto.com\/blog\/wp-json\/wp\/v2\/tags?post=2753"}],"curies":[{"name":"wp","href":"https:\/\/api.w.org\/{rel}","templated":true}]}}