{"id":2995,"date":"2012-01-16T16:02:12","date_gmt":"2012-01-16T15:02:12","guid":{"rendered":"http:\/\/www.vendiauto.com\/blog\/?p=2995"},"modified":"2016-09-14T11:42:59","modified_gmt":"2016-09-14T10:42:59","slug":"prima-immagine-della-nuovissima-porsche-boxster","status":"publish","type":"post","link":"https:\/\/vendiauto.com\/blog\/prima-immagine-della-nuovissima-porsche-boxster-2012","title":{"rendered":"Prima immagine della nuovissima Porsche Boxster"},"content":{"rendered":"\n<!-- Quick Adsense WordPress Plugin: http:\/\/quickadsense.com\/ -->\n<div style=\"float: none; margin:10px 0 10px 0; text-align:center;\">\n<!--leonative-->\r\n<!-- 5x1 -->\r\n<div id='div-gpt-ad-5x1-0' class='div-gpt-ad div-gpt-ad-inread'>\r\n<script type='text\/javascript'>\r\ngoogletag.cmd.push(function() { googletag.display('div-gpt-ad-5x1-0'); });\r\n<\/script>\r\n<\/div>\n<\/div>\n<p><img loading=\"lazy\" class=\"alignnone  wp-image-2996\" style=\"border-image: initial; border-width: 1px; border-color: black; border-style: solid;\" src=\"http:\/\/www.vendiauto.com\/blog\/wp-content\/uploads\/2012\/01\/Porsche_Boxster_981_20.jpg\" alt=\"\" width=\"537\" height=\"284\" \/><\/p>\n<p>Porsche ha tolto i veli alla sua ultima nata: la nuova Boxster, numero di progetto 981, \u00e8 alla sua terza serie dal 1996, anno in cui fu presentata la prima serie.<\/p>\n<p><!--more-->La Boxster del 2012 si presenta pi\u00f9 grande della serie precedente, pi\u00f9 lunga e pi\u00f9 larga, ma con un peso inferiore grazie all\u2019ampio utilizzo di alluminio per il telaio e per alcune parti della carrozzeria come le portiere e i cofani. La linea rimane sempre fedele a se stessa, col risultato di essere una bella evoluzione rispetto al design della serie che va a sostituire, anche se non mancano alcuni spunti stilistici innovativi: un labbro aerodinamico a mo\u2019 di spoiler che ben si integra nella fanaleria posteriore, una presa d\u2019aria laterale di dimensioni generose davanti alle ruote posteriori e che viene accompagnata da una scalftura che interessa tutta la fiancata, una coppia di fari anteriori pi\u00f9 spigolosi rispetto ai tradizionali fari tondi della 911.<\/p>\n<p>Novit\u00e0 anche dal punto di vista motoristico: nel cofano posteriore della nuova nata di Stoccarda troviamo due unit\u00e0 propulsive: un2,7 litrida 265 cv di potenza e 280 nm di coppia che consente di accelerare da0 a100 km\/hin 5,7 secondi e un 3,4 da 315 cv e 360 nm che permette un\u2019accelerazione da 0 a 100 km\/hin appena 4,9 secondi.<\/p>\n<p>Per quanto riguarda la trasmissione \u00e8 possibile scegliere tra il classico 6 marce manuale o il velocissimo PDK automatico a doppia frizione e 7 rapporti. La nuova Boxster \u00e8 dotata di una capotte in tela a comando elettrico che si apre in circa 9 secondi anche in movimento fino a50 km\/h. In Germania la nuova Boxster 2,7 verr\u00e0 commercializzata ad un prezzo base pari a 48.291,00 euro, mentre per la versione S 3,4 il prezzo base sar\u00e0 di 59.120,00 euro.<\/p>\n<p>&nbsp;<\/p>\n\n<div style=\"font-size: 0px; height: 0px; line-height: 0px; margin: 0; padding: 0; clear: both;\"><\/div><!-- Begin Yuzo --><div class='yuzo_related_post style-1'  data-version='5.12.88'><!-- without result --><div class='yuzo_clearfixed yuzo__title yuzo__title'><h2>Potrebbe anche Interessarti <\/h2><\/div>\n\t\t\t\t\t\t  <div class=\"relatedthumb \" style=\"width:125px;float:left;overflow:hidden;\">  \n\t\t\t\t\t\t\t  \n\t\t\t\t\t\t\t  <a  href=\"https:\/\/vendiauto.com\/blog\/da-oggi-risparmiare-sullassicurazione-rc-auto-si-puo-2014\"  >\n\t\t\t\t\t\t\t\t\t  <div class=\"yuzo-img-wrap \" style=\"width: 125px;height:90px;\">\n\t\t\t\t\t\t\t\t\t\t\n\t\t\t\t\t\t\t\t\t\t<div class=\"yuzo-img\" style=\"background:url('https:\/\/vendiauto.com\/blog\/wp-content\/uploads\/2014\/07\/assicurazione-150x150.jpg') 50% 50% no-repeat;width: 125px;height:90px;margin-bottom: 5px;background-size: cover; \"><\/div>\n\t\t\t\t\t\t\t\t\t  <\/div>\n\t\t\t\t\t\t\t\t\t  \n\t\t\t\t\t\t\t\t   <span class=\"yuzo__text--title\" style=\"font-size:13px;\">Da oggi risparmiare sull\u2019assicurazione RC au...<\/span>\n\t\t\t\t\t\t\t  \n\t\t\t\t\t\t\t  \n\t\t\t\t\t\t\t  <\/a>\n\n\t\t\t\t\t\t  <\/div>\n\t\t\t\t\t\t  <div class=\"relatedthumb \" style=\"width:125px;float:left;overflow:hidden;\">  \n\t\t\t\t\t\t\t  \n\t\t\t\t\t\t\t  <a  href=\"https:\/\/vendiauto.com\/blog\/volkswagen-cina-2010\"  >\n\t\t\t\t\t\t\t\t\t  <div class=\"yuzo-img-wrap \" style=\"width: 125px;height:90px;\">\n\t\t\t\t\t\t\t\t\t\t\n\t\t\t\t\t\t\t\t\t\t<div class=\"yuzo-img\" style=\"background:url('https:\/\/vendiauto.com\/blog\/wp-content\/uploads\/2010\/06\/volkswagen_bora_hs_china-150x150.jpg') 50% 50% no-repeat;width: 125px;height:90px;margin-bottom: 5px;background-size: cover; \"><\/div>\n\t\t\t\t\t\t\t\t\t  <\/div>\n\t\t\t\t\t\t\t\t\t  \n\t\t\t\t\t\t\t\t   <span class=\"yuzo__text--title\" style=\"font-size:13px;\">Volkswagen: nuovi accordi con la Cina<\/span>\n\t\t\t\t\t\t\t  \n\t\t\t\t\t\t\t  \n\t\t\t\t\t\t\t  <\/a>\n\n\t\t\t\t\t\t  <\/div>\n\t\t\t\t\t\t  <div class=\"relatedthumb \" style=\"width:125px;float:left;overflow:hidden;\">  \n\t\t\t\t\t\t\t  \n\t\t\t\t\t\t\t  <a  href=\"https:\/\/vendiauto.com\/blog\/nissan-micra-elle-2012\"  >\n\t\t\t\t\t\t\t\t\t  <div class=\"yuzo-img-wrap \" style=\"width: 125px;height:90px;\">\n\t\t\t\t\t\t\t\t\t\t\n\t\t\t\t\t\t\t\t\t\t<div class=\"yuzo-img\" style=\"background:url('https:\/\/vendiauto.com\/blog\/wp-content\/uploads\/2012\/08\/Nissan-Micra-ELLE-150x150.jpg') 50% 50% no-repeat;width: 125px;height:90px;margin-bottom: 5px;background-size: cover; \"><\/div>\n\t\t\t\t\t\t\t\t\t  <\/div>\n\t\t\t\t\t\t\t\t\t  \n\t\t\t\t\t\t\t\t   <span class=\"yuzo__text--title\" style=\"font-size:13px;\">Nissan Micra ELLE<\/span>\n\t\t\t\t\t\t\t  \n\t\t\t\t\t\t\t  \n\t\t\t\t\t\t\t  <\/a>\n\n\t\t\t\t\t\t  <\/div>\n\t\t\t\t\t\t  <div class=\"relatedthumb \" style=\"width:125px;float:left;overflow:hidden;\">  \n\t\t\t\t\t\t\t  \n\t\t\t\t\t\t\t  <a  href=\"https:\/\/vendiauto.com\/blog\/lats-automobili-resta-in-italia-2014\"  >\n\t\t\t\t\t\t\t\t\t  <div class=\"yuzo-img-wrap \" style=\"width: 125px;height:90px;\">\n\t\t\t\t\t\t\t\t\t\t\n\t\t\t\t\t\t\t\t\t\t<div class=\"yuzo-img\" style=\"background:url('https:\/\/vendiauto.com\/blog\/wp-content\/uploads\/2014\/11\/ats-leggera_4-150x150.jpg') 50% 50% no-repeat;width: 125px;height:90px;margin-bottom: 5px;background-size: cover; \"><\/div>\n\t\t\t\t\t\t\t\t\t  <\/div>\n\t\t\t\t\t\t\t\t\t  \n\t\t\t\t\t\t\t\t   <span class=\"yuzo__text--title\" style=\"font-size:13px;\">L\u2019ATS-Automobili resta in Italia: ecco il co...<\/span>\n\t\t\t\t\t\t\t  \n\t\t\t\t\t\t\t  \n\t\t\t\t\t\t\t  <\/a>\n\n\t\t\t\t\t\t  <\/div>\n<\/div> <script>\n\t\t\t\t\t\t  jQuery(document).ready(function( $ ){\n\t\t\t\t\t\t\t\/\/jQuery('.yuzo_related_post').equalizer({ overflow : 'relatedthumb' });\n\t\t\t\t\t\t\tjQuery('.yuzo_related_post .yuzo_wraps').equalizer({ columns : '> div' });\n\t\t\t\t\t\t   })\n\t\t\t\t\t\t  <\/script> <!-- End Yuzo :) -->","protected":false},"excerpt":{"rendered":"<p>Porsche ha tolto i veli alla sua ultima nata: la nuova Boxster, numero di progetto 981, \u00e8 alla sua terza serie dal 1996, anno in cui fu presentata la prima serie. Potrebbe anche Interessarti Ecco la nuova Mercedes Classe B my2014 Ecoincentivi 2012 per le auto Adam: la nuova citycar di Opel! Lancia al Film [&hellip;]<\/p>\n","protected":false},"author":3,"featured_media":0,"comment_status":"open","ping_status":"open","sticky":false,"template":"","format":"standard","meta":[],"categories":[2110],"tags":[692],"_links":{"self":[{"href":"https:\/\/vendiauto.com\/blog\/wp-json\/wp\/v2\/posts\/2995"}],"collection":[{"href":"https:\/\/vendiauto.com\/blog\/wp-json\/wp\/v2\/posts"}],"about":[{"href":"https:\/\/vendiauto.com\/blog\/wp-json\/wp\/v2\/types\/post"}],"author":[{"embeddable":true,"href":"https:\/\/vendiauto.com\/blog\/wp-json\/wp\/v2\/users\/3"}],"replies":[{"embeddable":true,"href":"https:\/\/vendiauto.com\/blog\/wp-json\/wp\/v2\/comments?post=2995"}],"version-history":[{"count":1,"href":"https:\/\/vendiauto.com\/blog\/wp-json\/wp\/v2\/posts\/2995\/revisions"}],"predecessor-version":[{"id":12160,"href":"https:\/\/vendiauto.com\/blog\/wp-json\/wp\/v2\/posts\/2995\/revisions\/12160"}],"wp:attachment":[{"href":"https:\/\/vendiauto.com\/blog\/wp-json\/wp\/v2\/media?parent=2995"}],"wp:term":[{"taxonomy":"category","embeddable":true,"href":"https:\/\/vendiauto.com\/blog\/wp-json\/wp\/v2\/categories?post=2995"},{"taxonomy":"post_tag","embeddable":true,"href":"https:\/\/vendiauto.com\/blog\/wp-json\/wp\/v2\/tags?post=2995"}],"curies":[{"name":"wp","href":"https:\/\/api.w.org\/{rel}","templated":true}]}}