{"id":3274,"date":"2012-01-23T10:29:48","date_gmt":"2012-01-23T09:29:48","guid":{"rendered":"http:\/\/www.vendiauto.com\/blog\/?p=3274"},"modified":"2016-09-14T11:52:28","modified_gmt":"2016-09-14T10:52:28","slug":"general-motors-progetta-i-finestrini-interattivi","status":"publish","type":"post","link":"https:\/\/vendiauto.com\/blog\/general-motors-progetta-i-finestrini-interattivi-2012","title":{"rendered":"General Motors progetta i finestrini interattivi"},"content":{"rendered":"\n<!-- Quick Adsense WordPress Plugin: http:\/\/quickadsense.com\/ -->\n<div style=\"float: none; margin:10px 0 10px 0; text-align:center;\">\n<!--leonative-->\r\n<!-- 5x1 -->\r\n<div id='div-gpt-ad-5x1-0' class='div-gpt-ad div-gpt-ad-inread'>\r\n<script type='text\/javascript'>\r\ngoogletag.cmd.push(function() { googletag.display('div-gpt-ad-5x1-0'); });\r\n<\/script>\r\n<\/div>\n<\/div>\n<p style=\"text-align: center;\"><img loading=\"lazy\" class=\"aligncenter  wp-image-3289\" style=\"border-image: initial; border-width: 1px; border-color: black; border-style: solid;\" title=\"General Motors-finestrini interattivi\" src=\"http:\/\/www.vendiauto.com\/blog\/wp-content\/uploads\/2012\/01\/General-Motors-finestrini-interattivi.jpg\" alt=\"\" width=\"542\" height=\"350\" \/><\/p>\n<p style=\"text-align: justify;\">General Motors\u00a0ha presentato un nuovo progetto studiato per rendere pi\u00f9 divertente il viaggio in auto dal sedile posteriore. Il progetto \u00e8 stato realizzato con la collaborazione degli studenti dell&#8217;universit\u00e0 israeliana Bezalel Academy of Art and Design ed \u00e8 denominato\u00a0Windows of Opportunity\u00a0(WOO).<!--more--> Con Windows of Opportunity i finestrini laterali si trasformano in display interattivi, utilizzabili dai passeggeri posteriori sfruttando alcune applicazioni realizzate per lo svago e l\u2019utilit\u00e0. Il sistema trasforma i cristalli in schermi trasparenti multi-touch, per proiettare immagini, fornire informazioni o semplicemente come intrattenimento per grandi e piccoli.<\/p>\n<p style=\"text-align: justify;\">Le applicazioni incluse nel prototipo per adesso sono quattro:<\/p>\n<ul style=\"text-align: justify;\">\n<li><strong>Otto:<\/strong> personaggio animato che proiettato su uno scenario molto simile a quello che circonda l\u2019autovettura in termini di meteo e prestazioni, in pratica un semplice intrattenimento dedicato soprattutto ai bambini.<\/li>\n<li><strong>Foofu:<\/strong> un\u2019applicazione che simula l\u2019appannamento del vetro in modo da dare la possibilit\u00e0 di disegnarci tramite l\u2019uso delle dita.<\/li>\n<li><strong>Spindow.<\/strong> consentir\u00e0 di scegliere uno scenario alternativo da osservare, da scegliere tra vari scenari di citt\u00e0 famose in un mappamondo o in alternativa di sbirciare nei finestrini altrui.<\/li>\n<li><strong>Pond:<\/strong> questa pi\u00f9 orientata alla musica in streaming dar\u00e0 la possibilit\u00e0 di condividere i propri brani con le altre autovetture, scaricarli e inoltre inviare messaggi agli altri passeggeri.<\/li>\n<\/ul>\n<p style=\"text-align: justify;\">\u00a0Non sono state date comunicazioni ufficiali in merito alla tempistica in cui le innovazioni potranno essere sperimentate in veicoli presenti sul mercato l\u2019unica certezza \u00e8 la volont\u00e0 della societ\u00e0 di dare a chi si trova a bordo dell\u2019auto la possibilit\u00e0 di vivere un\u2019esperienza innovativa\u00a0grazie al contributo della tecnologia.<\/p>\n\n<div style=\"font-size: 0px; height: 0px; line-height: 0px; margin: 0; padding: 0; clear: both;\"><\/div><!-- Begin Yuzo --><div class='yuzo_related_post style-1'  data-version='5.12.88'><!-- without result --><div class='yuzo_clearfixed yuzo__title yuzo__title'><h2>Potrebbe anche Interessarti <\/h2><\/div>\n\t\t\t\t\t\t  <div class=\"relatedthumb \" style=\"width:125px;float:left;overflow:hidden;\">  \n\t\t\t\t\t\t\t  \n\t\t\t\t\t\t\t  <a  href=\"https:\/\/vendiauto.com\/blog\/saker-sportscars-rapx-s-al-top-marques-monaco-2013-2013\"  >\n\t\t\t\t\t\t\t\t\t  <div class=\"yuzo-img-wrap \" style=\"width: 125px;height:90px;\">\n\t\t\t\t\t\t\t\t\t\t\n\t\t\t\t\t\t\t\t\t\t<div class=\"yuzo-img\" style=\"background:url('https:\/\/vendiauto.com\/blog\/wp-content\/uploads\/2013\/05\/ISIS-RapX-S-Top-Marques-2013-150x150.jpg') 50% 50% no-repeat;width: 125px;height:90px;margin-bottom: 5px;background-size: cover; \"><\/div>\n\t\t\t\t\t\t\t\t\t  <\/div>\n\t\t\t\t\t\t\t\t\t  \n\t\t\t\t\t\t\t\t   <span class=\"yuzo__text--title\" style=\"font-size:13px;\">Saker Sportscars RapX-s al Top Marques Monaco 2013<\/span>\n\t\t\t\t\t\t\t  \n\t\t\t\t\t\t\t  \n\t\t\t\t\t\t\t  <\/a>\n\n\t\t\t\t\t\t  <\/div>\n\t\t\t\t\t\t  <div class=\"relatedthumb \" style=\"width:125px;float:left;overflow:hidden;\">  \n\t\t\t\t\t\t\t  \n\t\t\t\t\t\t\t  <a  href=\"https:\/\/vendiauto.com\/blog\/risultati-euroncap-2011-per-le-vetture-piu-sicure-2012\"  >\n\t\t\t\t\t\t\t\t\t  <div class=\"yuzo-img-wrap \" style=\"width: 125px;height:90px;\">\n\t\t\t\t\t\t\t\t\t\t\n\t\t\t\t\t\t\t\t\t\t<div class=\"yuzo-img\" style=\"background:url('https:\/\/vendiauto.com\/blog\/wp-content\/uploads\/2012\/02\/Volvo-V60-front-test-by-Euro-NCAP-150x150.jpg') 50% 50% no-repeat;width: 125px;height:90px;margin-bottom: 5px;background-size: cover; \"><\/div>\n\t\t\t\t\t\t\t\t\t  <\/div>\n\t\t\t\t\t\t\t\t\t  \n\t\t\t\t\t\t\t\t   <span class=\"yuzo__text--title\" style=\"font-size:13px;\">Risultati EuroNCAP 2011 per le vetture pi\u00f9 sicure<\/span>\n\t\t\t\t\t\t\t  \n\t\t\t\t\t\t\t  \n\t\t\t\t\t\t\t  <\/a>\n\n\t\t\t\t\t\t  <\/div>\n\t\t\t\t\t\t  <div class=\"relatedthumb \" style=\"width:125px;float:left;overflow:hidden;\">  \n\t\t\t\t\t\t\t  \n\t\t\t\t\t\t\t  <a  href=\"https:\/\/vendiauto.com\/blog\/nissan-juke-box-porta-in-strada-ministry-of-sound-inizia-il-tour-estivo-2012\"  >\n\t\t\t\t\t\t\t\t\t  <div class=\"yuzo-img-wrap \" style=\"width: 125px;height:90px;\">\n\t\t\t\t\t\t\t\t\t\t\n\t\t\t\t\t\t\t\t\t\t<div class=\"yuzo-img\" style=\"background:url('https:\/\/vendiauto.com\/blog\/wp-content\/uploads\/2012\/07\/nissan-juke-box-porta-in-strada-ministry-of-sound-inizia-il-tour-estivo-foto-150x150.png') 50% 50% no-repeat;width: 125px;height:90px;margin-bottom: 5px;background-size: cover; \"><\/div>\n\t\t\t\t\t\t\t\t\t  <\/div>\n\t\t\t\t\t\t\t\t\t  \n\t\t\t\t\t\t\t\t   <span class=\"yuzo__text--title\" style=\"font-size:13px;\">Nissan Juke Box porta in strada Ministry of Sound:...<\/span>\n\t\t\t\t\t\t\t  \n\t\t\t\t\t\t\t  \n\t\t\t\t\t\t\t  <\/a>\n\n\t\t\t\t\t\t  <\/div>\n\t\t\t\t\t\t  <div class=\"relatedthumb \" style=\"width:125px;float:left;overflow:hidden;\">  \n\t\t\t\t\t\t\t  \n\t\t\t\t\t\t\t  <a  href=\"https:\/\/vendiauto.com\/blog\/per-festeggiare-i-100-anni-di-aston-martin-una-supercar-che-ricorda-la-batmobile-anni-60-2013\"  >\n\t\t\t\t\t\t\t\t\t  <div class=\"yuzo-img-wrap \" style=\"width: 125px;height:90px;\">\n\t\t\t\t\t\t\t\t\t\t\n\t\t\t\t\t\t\t\t\t\t<div class=\"yuzo-img\" style=\"background:url('https:\/\/vendiauto.com\/blog\/wp-content\/uploads\/2013\/05\/aston_martin_cc100__la_supercar_che_ricorda_la_batmobile_anni__60_2472-150x150.jpg') 50% 50% no-repeat;width: 125px;height:90px;margin-bottom: 5px;background-size: cover; \"><\/div>\n\t\t\t\t\t\t\t\t\t  <\/div>\n\t\t\t\t\t\t\t\t\t  \n\t\t\t\t\t\t\t\t   <span class=\"yuzo__text--title\" style=\"font-size:13px;\">Per festeggiare i 100 anni di Aston Martin una sup...<\/span>\n\t\t\t\t\t\t\t  \n\t\t\t\t\t\t\t  \n\t\t\t\t\t\t\t  <\/a>\n\n\t\t\t\t\t\t  <\/div>\n<\/div> <script>\n\t\t\t\t\t\t  jQuery(document).ready(function( $ ){\n\t\t\t\t\t\t\t\/\/jQuery('.yuzo_related_post').equalizer({ overflow : 'relatedthumb' });\n\t\t\t\t\t\t\tjQuery('.yuzo_related_post .yuzo_wraps').equalizer({ columns : '> div' });\n\t\t\t\t\t\t   })\n\t\t\t\t\t\t  <\/script> <!-- End Yuzo :) -->","protected":false},"excerpt":{"rendered":"<p>General Motors\u00a0ha presentato un nuovo progetto studiato per rendere pi\u00f9 divertente il viaggio in auto dal sedile posteriore. Il progetto \u00e8 stato realizzato con la collaborazione degli studenti dell&#8217;universit\u00e0 israeliana Bezalel Academy of Art and Design ed \u00e8 denominato\u00a0Windows of Opportunity\u00a0(WOO). Potrebbe anche Interessarti Fiat: debutta a Torino la 500L Nuova Audi A3 Sedan MY2013 [&hellip;]<\/p>\n","protected":false},"author":4,"featured_media":0,"comment_status":"open","ping_status":"open","sticky":false,"template":"","format":"standard","meta":[],"categories":[127],"tags":[254,729],"_links":{"self":[{"href":"https:\/\/vendiauto.com\/blog\/wp-json\/wp\/v2\/posts\/3274"}],"collection":[{"href":"https:\/\/vendiauto.com\/blog\/wp-json\/wp\/v2\/posts"}],"about":[{"href":"https:\/\/vendiauto.com\/blog\/wp-json\/wp\/v2\/types\/post"}],"author":[{"embeddable":true,"href":"https:\/\/vendiauto.com\/blog\/wp-json\/wp\/v2\/users\/4"}],"replies":[{"embeddable":true,"href":"https:\/\/vendiauto.com\/blog\/wp-json\/wp\/v2\/comments?post=3274"}],"version-history":[{"count":1,"href":"https:\/\/vendiauto.com\/blog\/wp-json\/wp\/v2\/posts\/3274\/revisions"}],"predecessor-version":[{"id":12273,"href":"https:\/\/vendiauto.com\/blog\/wp-json\/wp\/v2\/posts\/3274\/revisions\/12273"}],"wp:attachment":[{"href":"https:\/\/vendiauto.com\/blog\/wp-json\/wp\/v2\/media?parent=3274"}],"wp:term":[{"taxonomy":"category","embeddable":true,"href":"https:\/\/vendiauto.com\/blog\/wp-json\/wp\/v2\/categories?post=3274"},{"taxonomy":"post_tag","embeddable":true,"href":"https:\/\/vendiauto.com\/blog\/wp-json\/wp\/v2\/tags?post=3274"}],"curies":[{"name":"wp","href":"https:\/\/api.w.org\/{rel}","templated":true}]}}