{"id":350,"date":"2010-05-31T14:09:00","date_gmt":"2010-05-31T14:09:00","guid":{"rendered":"http:\/\/www.vendiauto.com\/blog\/?p=350"},"modified":"2016-09-14T11:53:00","modified_gmt":"2016-09-14T10:53:00","slug":"mio-concept-car-targato-fiat","status":"publish","type":"post","link":"https:\/\/vendiauto.com\/blog\/mio-concept-car-targato-fiat-2010","title":{"rendered":"Mio, concept car targato Fiat"},"content":{"rendered":"\n<!-- Quick Adsense WordPress Plugin: http:\/\/quickadsense.com\/ -->\n<div style=\"float: none; margin:10px 0 10px 0; text-align:center;\">\n<!--leonative-->\r\n<!-- 5x1 -->\r\n<div id='div-gpt-ad-5x1-0' class='div-gpt-ad div-gpt-ad-inread'>\r\n<script type='text\/javascript'>\r\ngoogletag.cmd.push(function() { googletag.display('div-gpt-ad-5x1-0'); });\r\n<\/script>\r\n<\/div>\n<\/div>\n<p style=\"text-align: center;\"><a href=\"http:\/\/www.vendiauto.com\/blog\/wp-content\/uploads\/2010\/05\/Fiat-MIO.jpg\"><img loading=\"lazy\" class=\"aligncenter size-full wp-image-353\" style=\"border: 1px solid black;\" title=\"Fiat MIO\" src=\"http:\/\/www.vendiauto.com\/blog\/wp-content\/uploads\/2010\/05\/Fiat-MIO.jpg\" alt=\"\" width=\"550\" height=\"343\" \/><\/a><\/p>\n<p>Al prossimo Salone di <em>San Paolo<\/em>, che si terr\u00e0 \u00a0dal 25 ottobre 2010, sar\u00e0 presentata ufficialmente l\u2019ultimissima novit\u00e0 di casa <em>Fiat<\/em> con misure da smart, bagagliaio capiente e motore elettrico: la <em>Fiat Mio<\/em>.<br \/>\nPer ora la mini compatta <em>Fiat <\/em> \u00e8 solo un <em>concept car<\/em> ideato dalla comunit\u00e0 di internauti:<br \/>\n250 cm di lunghezza, 156 di larghezza e 153 di altezza, e nasce dalle idee di circa 1,5<!--more--> milioni di internauti (iscrittisi al sito fiatmio.cc).<br \/>\nCi\u00f2 che la rappresenter\u00e0 soprattutto, oltre il design estremamente futuristico, \u00e8 la tecnologia di bordo di cui sar\u00e0 dotata, che le permetter\u00e0 di navigare in internet e di comunicare con altre auto.<\/p>\n<p>Un&#8217;equipe di 10 persone si \u00e8 messa all\u2019opera per trasferire dalla carta alla realt\u00e0 tutte le idee nate dalla comunit\u00e0 di internauti iscritti al sito, ma probabilmente la <em>Mio<\/em> sar\u00e0 solo la base di partenza per la produzione di una gi\u00e0 preannunciata da <em>Fiat<\/em>, il cui nome potrebbe essere <em>Topolino<\/em>.<\/p>\n\n<div style=\"font-size: 0px; height: 0px; line-height: 0px; margin: 0; padding: 0; clear: both;\"><\/div><!-- Begin Yuzo --><div class='yuzo_related_post style-1'  data-version='5.12.88'><!-- without result --><div class='yuzo_clearfixed yuzo__title yuzo__title'><h2>Potrebbe anche Interessarti <\/h2><\/div>\n\t\t\t\t\t\t  <div class=\"relatedthumb \" style=\"width:125px;float:left;overflow:hidden;\">  \n\t\t\t\t\t\t\t  \n\t\t\t\t\t\t\t  <a  href=\"https:\/\/vendiauto.com\/blog\/la-nuova-volvo-xc90-al-salone-di-parigi-2014-2014\"  >\n\t\t\t\t\t\t\t\t\t  <div class=\"yuzo-img-wrap \" style=\"width: 125px;height:90px;\">\n\t\t\t\t\t\t\t\t\t\t\n\t\t\t\t\t\t\t\t\t\t<div class=\"yuzo-img\" style=\"background:url('https:\/\/vendiauto.com\/blog\/wp-content\/uploads\/2014\/10\/nuova-volvo-xc90-nera-150x150.jpg') 50% 50% no-repeat;width: 125px;height:90px;margin-bottom: 5px;background-size: cover; \"><\/div>\n\t\t\t\t\t\t\t\t\t  <\/div>\n\t\t\t\t\t\t\t\t\t  \n\t\t\t\t\t\t\t\t   <span class=\"yuzo__text--title\" style=\"font-size:13px;\">La nuova Volvo XC90 al Salone di Parigi 2014<\/span>\n\t\t\t\t\t\t\t  \n\t\t\t\t\t\t\t  \n\t\t\t\t\t\t\t  <\/a>\n\n\t\t\t\t\t\t  <\/div>\n\t\t\t\t\t\t  <div class=\"relatedthumb \" style=\"width:125px;float:left;overflow:hidden;\">  \n\t\t\t\t\t\t\t  \n\t\t\t\t\t\t\t  <a  href=\"https:\/\/vendiauto.com\/blog\/fiat-punto-2013-al-via-gli-ordini-2013\"  >\n\t\t\t\t\t\t\t\t\t  <div class=\"yuzo-img-wrap \" style=\"width: 125px;height:90px;\">\n\t\t\t\t\t\t\t\t\t\t\n\t\t\t\t\t\t\t\t\t\t<div class=\"yuzo-img\" style=\"background:url('https:\/\/vendiauto.com\/blog\/wp-content\/uploads\/2013\/01\/Fiat-Punto-2013-150x150.jpg') 50% 50% no-repeat;width: 125px;height:90px;margin-bottom: 5px;background-size: cover; \"><\/div>\n\t\t\t\t\t\t\t\t\t  <\/div>\n\t\t\t\t\t\t\t\t\t  \n\t\t\t\t\t\t\t\t   <span class=\"yuzo__text--title\" style=\"font-size:13px;\">Fiat Punto 2013: al via gli ordini<\/span>\n\t\t\t\t\t\t\t  \n\t\t\t\t\t\t\t  \n\t\t\t\t\t\t\t  <\/a>\n\n\t\t\t\t\t\t  <\/div>\n\t\t\t\t\t\t  <div class=\"relatedthumb \" style=\"width:125px;float:left;overflow:hidden;\">  \n\t\t\t\t\t\t\t  \n\t\t\t\t\t\t\t  <a  href=\"https:\/\/vendiauto.com\/blog\/maserati-inizia-i-festeggiamenti-per-i-suoi-primi-100-anni-2013\"  >\n\t\t\t\t\t\t\t\t\t  <div class=\"yuzo-img-wrap \" style=\"width: 125px;height:90px;\">\n\t\t\t\t\t\t\t\t\t\t\n\t\t\t\t\t\t\t\t\t\t<div class=\"yuzo-img\" style=\"background:url('https:\/\/vendiauto.com\/blog\/wp-content\/uploads\/2013\/12\/maserati-100-anni-150x150.jpg') 50% 50% no-repeat;width: 125px;height:90px;margin-bottom: 5px;background-size: cover; \"><\/div>\n\t\t\t\t\t\t\t\t\t  <\/div>\n\t\t\t\t\t\t\t\t\t  \n\t\t\t\t\t\t\t\t   <span class=\"yuzo__text--title\" style=\"font-size:13px;\">Maserati inizia i festeggiamenti per i suoi primi ...<\/span>\n\t\t\t\t\t\t\t  \n\t\t\t\t\t\t\t  \n\t\t\t\t\t\t\t  <\/a>\n\n\t\t\t\t\t\t  <\/div>\n\t\t\t\t\t\t  <div class=\"relatedthumb \" style=\"width:125px;float:left;overflow:hidden;\">  \n\t\t\t\t\t\t\t  \n\t\t\t\t\t\t\t  <a  href=\"https:\/\/vendiauto.com\/blog\/mini-life-ball-2012-disegnata-dalla-direttrice-di-vogue-italia-franca-sozzani-2012\"  >\n\t\t\t\t\t\t\t\t\t  <div class=\"yuzo-img-wrap \" style=\"width: 125px;height:90px;\">\n\t\t\t\t\t\t\t\t\t\t\n\t\t\t\t\t\t\t\t\t\t<div class=\"yuzo-img\" style=\"background:url('https:\/\/vendiauto.com\/blog\/wp-content\/uploads\/2012\/05\/interni-150x150.jpg') 50% 50% no-repeat;width: 125px;height:90px;margin-bottom: 5px;background-size: cover; \"><\/div>\n\t\t\t\t\t\t\t\t\t  <\/div>\n\t\t\t\t\t\t\t\t\t  \n\t\t\t\t\t\t\t\t   <span class=\"yuzo__text--title\" style=\"font-size:13px;\">MINI Life Ball 2012, disegnata dalla direttrice di...<\/span>\n\t\t\t\t\t\t\t  \n\t\t\t\t\t\t\t  \n\t\t\t\t\t\t\t  <\/a>\n\n\t\t\t\t\t\t  <\/div>\n<\/div> <script>\n\t\t\t\t\t\t  jQuery(document).ready(function( $ ){\n\t\t\t\t\t\t\t\/\/jQuery('.yuzo_related_post').equalizer({ overflow : 'relatedthumb' });\n\t\t\t\t\t\t\tjQuery('.yuzo_related_post .yuzo_wraps').equalizer({ columns : '> div' });\n\t\t\t\t\t\t   })\n\t\t\t\t\t\t  <\/script> <!-- End Yuzo :) -->","protected":false},"excerpt":{"rendered":"<p>Al prossimo Salone di San Paolo, che si terr\u00e0 \u00a0dal 25 ottobre 2010, sar\u00e0 presentata ufficialmente l\u2019ultimissima novit\u00e0 di casa Fiat con misure da smart, bagagliaio capiente e motore elettrico: la Fiat Mio. Per ora la mini compatta Fiat \u00e8 solo un concept car ideato dalla comunit\u00e0 di internauti: 250 cm di lunghezza, 156 di [&hellip;]<\/p>\n","protected":false},"author":2,"featured_media":0,"comment_status":"open","ping_status":"open","sticky":false,"template":"","format":"standard","meta":[],"categories":[127],"tags":[28],"_links":{"self":[{"href":"https:\/\/vendiauto.com\/blog\/wp-json\/wp\/v2\/posts\/350"}],"collection":[{"href":"https:\/\/vendiauto.com\/blog\/wp-json\/wp\/v2\/posts"}],"about":[{"href":"https:\/\/vendiauto.com\/blog\/wp-json\/wp\/v2\/types\/post"}],"author":[{"embeddable":true,"href":"https:\/\/vendiauto.com\/blog\/wp-json\/wp\/v2\/users\/2"}],"replies":[{"embeddable":true,"href":"https:\/\/vendiauto.com\/blog\/wp-json\/wp\/v2\/comments?post=350"}],"version-history":[{"count":1,"href":"https:\/\/vendiauto.com\/blog\/wp-json\/wp\/v2\/posts\/350\/revisions"}],"predecessor-version":[{"id":12288,"href":"https:\/\/vendiauto.com\/blog\/wp-json\/wp\/v2\/posts\/350\/revisions\/12288"}],"wp:attachment":[{"href":"https:\/\/vendiauto.com\/blog\/wp-json\/wp\/v2\/media?parent=350"}],"wp:term":[{"taxonomy":"category","embeddable":true,"href":"https:\/\/vendiauto.com\/blog\/wp-json\/wp\/v2\/categories?post=350"},{"taxonomy":"post_tag","embeddable":true,"href":"https:\/\/vendiauto.com\/blog\/wp-json\/wp\/v2\/tags?post=350"}],"curies":[{"name":"wp","href":"https:\/\/api.w.org\/{rel}","templated":true}]}}