{"id":375,"date":"2010-06-03T08:05:50","date_gmt":"2010-06-03T08:05:50","guid":{"rendered":"http:\/\/www.vendiauto.com\/blog\/?p=375"},"modified":"2016-09-14T15:00:40","modified_gmt":"2016-09-14T14:00:40","slug":"dr-motor-company-dr2","status":"publish","type":"post","link":"https:\/\/vendiauto.com\/blog\/dr-motor-company-dr2-2010","title":{"rendered":"DR Motor Company: dr2"},"content":{"rendered":"\n<!-- Quick Adsense WordPress Plugin: http:\/\/quickadsense.com\/ -->\n<div style=\"float: none; margin:10px 0 10px 0; text-align:center;\">\n<!--leonative-->\r\n<!-- 5x1 -->\r\n<div id='div-gpt-ad-5x1-0' class='div-gpt-ad div-gpt-ad-inread'>\r\n<script type='text\/javascript'>\r\ngoogletag.cmd.push(function() { googletag.display('div-gpt-ad-5x1-0'); });\r\n<\/script>\r\n<\/div>\n<\/div>\n<p style=\"text-align: center;\"><a href=\"http:\/\/www.vendiauto.com\/blog\/wp-content\/uploads\/2010\/06\/dr2_cop.jpg\"><img loading=\"lazy\" class=\"aligncenter\" style=\"border: 1px solid black;\" src=\"http:\/\/www.vendiauto.com\/blog\/wp-content\/uploads\/2010\/06\/dr2_cop.jpg\" alt=\"\" width=\"500\" height=\"340\" \/><\/a><\/p>\n<p>La piccola casa molisana amplia con entusiasmante velocit\u00e0 la propria gamma di vetture con la neonata DR2.<\/p>\n<p>Dopo il suv di media grandezza DR5 e dopo la piccolina DR1 \u00e8 il turno della DR2 che entra sul mercato nel sovraffollatissimo segmento B.<br \/>\nLa DR2 \u00e8 una vettura con una forma simile ad una piccola monovolume, \u00e8 cinque porte ma con una linea affusolata, ed alle voci misure fa segnare 3,70 metri di lunghezza, 1,52 metri di altezza e 1,57<!--more--> metri di larghezza.<\/p>\n<p>E cos\u00ec guardando le misure la terza vettura della gamma DR dovr\u00e0 vedersela con concorrenti quali Fiat Panda, Kia Picanto, Hyundai i10, Suzuki Alto e Daihatsu Cuore.<\/p>\n<p>Non c\u2019\u00e8 dubbio che questo sia uno dei segmenti di mercato pi\u00f9 ricco di concorrenti e quello dove la lotta finale per accaparrarsi il cliente si giochi fino all\u2019ultimo euro di sconto con campagne promozionali aggressive da parte di tutte le case.<\/p>\n<p>In tal contesto l\u2019ultima arrivata non poteva che puntare innanzitutto su un prezzo ultra concorrenziale per farsi conoscere ed apprezzare dal grande pubblico.<\/p>\n<p>E cos\u00ec la DR2 \u00e8 in vendita ad un prezzo di 9.830,00 euro. E gi\u00e0 questo \u00e8 un bel segno distintivo della neo arrivata DR2: difatti il prezzo di listino \u00e8 proprio quello della vettura presente nelle concessionarie, gi\u00e0 ricca di tutto e senza niente da aggiungere.<\/p>\n<p>E oggettivamente \u00e8 gi\u00e0 un bel risultato perch\u00e9 di regola tutte le pubblicit\u00e0 di auto finiscono con la fatidica frase \u201ca partire da euro\u2026\u201d con indicato il prezzo riferito alla versione base, standard e senza accessori. Tutto questo non avviene in casa DR che, fedele al suo motto \u201cfull optional, di serie\u201d, intende fornire al futuro cliente la vettura gi\u00e0 con tutto di serie, perfino con la tinta metallizzata!<\/p>\n<p>E cos\u00ec al costo di 9.830,00 euro la DR2 \u00e8 equipaggiata di serie con abs, doppio air bag, cerchi in lega da 15\u201d, vernice metallizzata, sensori di parcheggio posteriori, barre portatutto sul tetto, antifurto con telecomando, alzacristalli elettrici anteriori e posteriori, chiusura centralizzata, schienale dei sedili posteriori abbattibile, volante regolabile in altezza, servosterzo, retrovisori esterni elettrici, climatizzatore manuale, autoradio con lettore cd, mp3 e presa Usb.<\/p>\n<p>A questo punto la sola scelta che il cliente deve fare \u00e8 quella del colore della nuova DR2 da scegliere tra sei possibili tinte, per tutto il resto non c\u2019\u00e8 alcuna possibilit\u00e0 di errore: il cliente in ogni caso porta a casa la sua DR2 al prezzo pubblicizzato di 9.830,00 euro.<\/p>\n<p>Non c\u2019\u00e8 errore, non c\u2019\u00e8 inganno quindi: al prezzo su citato il cliente si mette nel garage una vettura molto completa e che non teme paragoni con la concorrenza. Difatti la DR2 \u00e8 l\u2019unica sul mercato ad offrire tanto ad un unico prezzo. E\u2019 anche vero che molte concorrenti sul mercato hanno un prezzo di attacco anche pi\u00f9 basso, ma al tempo stesso nessuna concorrente pu\u00f2 vantare lo stesso equipaggiamento ad un prezzo uguale.<\/p>\n<p>Anche per la scelta dei motori vale pi\u00f9 o meno lo stesso discorso perch\u00e8 sulla DR2 c\u2019\u00e8 un unico motore 1.3 benzina da 83cv, 4 cilindri, 16 valvole, omologato Euro 4, che sviluppa 114Nm tra i 3800 e 4500 giri\/minuto e che permette un\u2019accelerazione da 0 a 100km\/h in 12,5 secondi, una velocit\u00e0 massima di circa 160 km\/h e un consumo misto di 17km\/litro.<\/p>\n<p>Ma in tempo di ecologia e bassi consumi sulla DR2 non si poteva certo trascurare il discorso Gpl e Metano: e cos\u00ec ad un prezzo rispettivamente di 11.830,00 euro e 12.830,00 euro il cliente pu\u00f2 decidere di portare a casa la DR2 gi\u00e0 equipaggiata con l\u2019impianto a Gpl o Metano.<\/p>\n<p>Non resta che augurare buona fortuna all\u2019ultima arrivata in casa DR nel combattuto segmento di riferimento, ma una piccola soddisfazione in DR se la sono gi\u00e0 tolta, perch\u00e9 se ci fosse un premio alla pubblicit\u00e0 pi\u00f9 chiara e trasparente e senza sorprese per il cliente, la DR2 l\u2019avrebbe gi\u00e0 vinto.<\/p>\n\n<div style=\"font-size: 0px; height: 0px; line-height: 0px; margin: 0; padding: 0; clear: both;\"><\/div><!-- Begin Yuzo --><div class='yuzo_related_post style-1'  data-version='5.12.88'><!-- without result --><div class='yuzo_clearfixed yuzo__title yuzo__title'><h2>Potrebbe anche Interessarti <\/h2><\/div>\n\t\t\t\t\t\t  <div class=\"relatedthumb \" style=\"width:125px;float:left;overflow:hidden;\">  \n\t\t\t\t\t\t\t  \n\t\t\t\t\t\t\t  <a  href=\"https:\/\/vendiauto.com\/blog\/nel-2013-la-nuova-nissan-note-2012\"  >\n\t\t\t\t\t\t\t\t\t  <div class=\"yuzo-img-wrap \" style=\"width: 125px;height:90px;\">\n\t\t\t\t\t\t\t\t\t\t\n\t\t\t\t\t\t\t\t\t\t<div class=\"yuzo-img\" style=\"background:url('https:\/\/vendiauto.com\/blog\/wp-content\/uploads\/2012\/09\/2013_Nissan_Note-thumb-530x366-21253-150x150.jpg') 50% 50% no-repeat;width: 125px;height:90px;margin-bottom: 5px;background-size: cover; \"><\/div>\n\t\t\t\t\t\t\t\t\t  <\/div>\n\t\t\t\t\t\t\t\t\t  \n\t\t\t\t\t\t\t\t   <span class=\"yuzo__text--title\" style=\"font-size:13px;\">Nel 2013 la nuova Nissan Note<\/span>\n\t\t\t\t\t\t\t  \n\t\t\t\t\t\t\t  \n\t\t\t\t\t\t\t  <\/a>\n\n\t\t\t\t\t\t  <\/div>\n\t\t\t\t\t\t  <div class=\"relatedthumb \" style=\"width:125px;float:left;overflow:hidden;\">  \n\t\t\t\t\t\t\t  \n\t\t\t\t\t\t\t  <a  href=\"https:\/\/vendiauto.com\/blog\/arriva-il-pet-taxi-per-accompagnare-cani-e-gatti-dal-veterinario-2013\"  >\n\t\t\t\t\t\t\t\t\t  <div class=\"yuzo-img-wrap \" style=\"width: 125px;height:90px;\">\n\t\t\t\t\t\t\t\t\t\t\n\t\t\t\t\t\t\t\t\t\t<div class=\"yuzo-img\" style=\"background:url('https:\/\/vendiauto.com\/blog\/wp-content\/uploads\/2013\/03\/pet_taxi-150x150.jpg') 50% 50% no-repeat;width: 125px;height:90px;margin-bottom: 5px;background-size: cover; \"><\/div>\n\t\t\t\t\t\t\t\t\t  <\/div>\n\t\t\t\t\t\t\t\t\t  \n\t\t\t\t\t\t\t\t   <span class=\"yuzo__text--title\" style=\"font-size:13px;\">Arriva il Pet Taxi per accompagnare cani e gatti d...<\/span>\n\t\t\t\t\t\t\t  \n\t\t\t\t\t\t\t  \n\t\t\t\t\t\t\t  <\/a>\n\n\t\t\t\t\t\t  <\/div>\n\t\t\t\t\t\t  <div class=\"relatedthumb \" style=\"width:125px;float:left;overflow:hidden;\">  \n\t\t\t\t\t\t\t  \n\t\t\t\t\t\t\t  <a  href=\"https:\/\/vendiauto.com\/blog\/land-rover-presenta-la-nuova-trasmissione-zf-9hp-2013\"  >\n\t\t\t\t\t\t\t\t\t  <div class=\"yuzo-img-wrap \" style=\"width: 125px;height:90px;\">\n\t\t\t\t\t\t\t\t\t\t\n\t\t\t\t\t\t\t\t\t\t<div class=\"yuzo-img\" style=\"background:url('https:\/\/vendiauto.com\/blog\/wp-content\/uploads\/2013\/02\/land-rover-nuova-trasmissione-automatica-a-9-rapporti-150x150.jpg') 50% 50% no-repeat;width: 125px;height:90px;margin-bottom: 5px;background-size: cover; \"><\/div>\n\t\t\t\t\t\t\t\t\t  <\/div>\n\t\t\t\t\t\t\t\t\t  \n\t\t\t\t\t\t\t\t   <span class=\"yuzo__text--title\" style=\"font-size:13px;\">Land Rover presenta la nuova trasmissione ZF 9HP<\/span>\n\t\t\t\t\t\t\t  \n\t\t\t\t\t\t\t  \n\t\t\t\t\t\t\t  <\/a>\n\n\t\t\t\t\t\t  <\/div>\n\t\t\t\t\t\t  <div class=\"relatedthumb \" style=\"width:125px;float:left;overflow:hidden;\">  \n\t\t\t\t\t\t\t  \n\t\t\t\t\t\t\t  <a  href=\"https:\/\/vendiauto.com\/blog\/ecoincentivi-2012-per-le-auto-2012\"  >\n\t\t\t\t\t\t\t\t\t  <div class=\"yuzo-img-wrap \" style=\"width: 125px;height:90px;\">\n\t\t\t\t\t\t\t\t\t\t\n\t\t\t\t\t\t\t\t\t\t<div class=\"yuzo-img\" style=\"background:url('https:\/\/vendiauto.com\/blog\/wp-content\/uploads\/2012\/04\/eco-car-150x150.jpg') 50% 50% no-repeat;width: 125px;height:90px;margin-bottom: 5px;background-size: cover; \"><\/div>\n\t\t\t\t\t\t\t\t\t  <\/div>\n\t\t\t\t\t\t\t\t\t  \n\t\t\t\t\t\t\t\t   <span class=\"yuzo__text--title\" style=\"font-size:13px;\">Ecoincentivi 2012 per le auto<\/span>\n\t\t\t\t\t\t\t  \n\t\t\t\t\t\t\t  \n\t\t\t\t\t\t\t  <\/a>\n\n\t\t\t\t\t\t  <\/div>\n<\/div> <script>\n\t\t\t\t\t\t  jQuery(document).ready(function( $ ){\n\t\t\t\t\t\t\t\/\/jQuery('.yuzo_related_post').equalizer({ overflow : 'relatedthumb' });\n\t\t\t\t\t\t\tjQuery('.yuzo_related_post .yuzo_wraps').equalizer({ columns : '> div' });\n\t\t\t\t\t\t   })\n\t\t\t\t\t\t  <\/script> <!-- End Yuzo :) -->","protected":false},"excerpt":{"rendered":"<p>La piccola casa molisana amplia con entusiasmante velocit\u00e0 la propria gamma di vetture con la neonata DR2. Dopo il suv di media grandezza DR5 e dopo la piccolina DR1 \u00e8 il turno della DR2 che entra sul mercato nel sovraffollatissimo segmento B. La DR2 \u00e8 una vettura con una forma simile ad una piccola monovolume, [&hellip;]<\/p>\n","protected":false},"author":3,"featured_media":0,"comment_status":"open","ping_status":"open","sticky":false,"template":"","format":"standard","meta":[],"categories":[2110],"tags":[38,39,44,42,43,41,2095],"_links":{"self":[{"href":"https:\/\/vendiauto.com\/blog\/wp-json\/wp\/v2\/posts\/375"}],"collection":[{"href":"https:\/\/vendiauto.com\/blog\/wp-json\/wp\/v2\/posts"}],"about":[{"href":"https:\/\/vendiauto.com\/blog\/wp-json\/wp\/v2\/types\/post"}],"author":[{"embeddable":true,"href":"https:\/\/vendiauto.com\/blog\/wp-json\/wp\/v2\/users\/3"}],"replies":[{"embeddable":true,"href":"https:\/\/vendiauto.com\/blog\/wp-json\/wp\/v2\/comments?post=375"}],"version-history":[{"count":1,"href":"https:\/\/vendiauto.com\/blog\/wp-json\/wp\/v2\/posts\/375\/revisions"}],"predecessor-version":[{"id":12695,"href":"https:\/\/vendiauto.com\/blog\/wp-json\/wp\/v2\/posts\/375\/revisions\/12695"}],"wp:attachment":[{"href":"https:\/\/vendiauto.com\/blog\/wp-json\/wp\/v2\/media?parent=375"}],"wp:term":[{"taxonomy":"category","embeddable":true,"href":"https:\/\/vendiauto.com\/blog\/wp-json\/wp\/v2\/categories?post=375"},{"taxonomy":"post_tag","embeddable":true,"href":"https:\/\/vendiauto.com\/blog\/wp-json\/wp\/v2\/tags?post=375"}],"curies":[{"name":"wp","href":"https:\/\/api.w.org\/{rel}","templated":true}]}}