{"id":3909,"date":"2012-02-14T09:00:59","date_gmt":"2012-02-14T08:00:59","guid":{"rendered":"http:\/\/www.vendiauto.com\/blog\/?p=3909"},"modified":"2016-09-14T15:40:38","modified_gmt":"2016-09-14T14:40:38","slug":"land-rover-chalet-2012","status":"publish","type":"post","link":"https:\/\/vendiauto.com\/blog\/land-rover-chalet-2012-2012","title":{"rendered":"Land Rover Chalet 2012"},"content":{"rendered":"\n<!-- Quick Adsense WordPress Plugin: http:\/\/quickadsense.com\/ -->\n<div style=\"float: none; margin:10px 0 10px 0; text-align:center;\">\n<!--leonative-->\r\n<!-- 5x1 -->\r\n<div id='div-gpt-ad-5x1-0' class='div-gpt-ad div-gpt-ad-inread'>\r\n<script type='text\/javascript'>\r\ngoogletag.cmd.push(function() { googletag.display('div-gpt-ad-5x1-0'); });\r\n<\/script>\r\n<\/div>\n<\/div>\n<p style=\"text-align: center;\"><img loading=\"lazy\" class=\"aligncenter  wp-image-3912\" title=\"chalet-landrover\" src=\"http:\/\/www.vendiauto.com\/blog\/wp-content\/uploads\/2012\/02\/chalet-landrover.png\" alt=\"\" width=\"530\" height=\"451\" \/><\/p>\n<p>Un nuovo evento firmato <strong>Land Rover Italia<\/strong>:<br \/>\n<strong>Land Rover Chalet, <\/strong>che prevede la presenza di<strong> Land Rover <\/strong>nelle localit\u00e0 sciistiche italiane maggiori, con un particolare <strong>Chalet,\u00a0<\/strong>per offrire agli sciatori ed ai non sciatori una giornata sulla neve in perfetto stile<strong> Land Rover.<!--more--><\/strong><\/p>\n<p>Lo Chalet, compreso anche di terrazza solarium esterna, \u00e8 stato realizzato in un avveniristico container e offrir\u00e0 lo stesso ambiente caldo e confortevole dei tipici chalet di montagna, con un pizzico d&#8217;eleganza ed esclusivit\u00e0 in pi\u00f9.<\/p>\n<p>Un open bar accoglier\u00e0 gli ospiti offrendo loro<strong> vin brul\u00e8<\/strong> e <strong>prodotti tipici locali<\/strong>. Coloro che accorreranno allo Chalet Land Rover avranno anche la possibilit\u00e0 di effettuare dei test drive della <strong>Discovery 4<\/strong> e della <strong>Freelander 2<\/strong>, e all&#8217;interno potranno partecipare ad attivit\u00e0 promo-informative, con un sottofondo musicale selezionato ad hoc.<\/p>\n<p>Per combattere il freddo, lo staff distribuir\u00e0 coperte di pile, e sar\u00e0 inoltre disponibile un corner dedicato alla ginnastica pre-sciistica ed alla postura muscolare.<\/p>\n<p><strong>Ecco le tappe in calendario dello Chalet Land Rover<\/strong>.<br \/>\n&#8211; dal 15 al 19 febbraio presso le piste di S. Vigilio di Marebbe (BZ)<br \/>\n. dal 29 febbraio al 4 marzo presso La Thuile<br \/>\n&#8211; dal 21 al 25 marzo al\u00a0Sestriere (TO)<\/p>\n<p>Un&#8217;occasione da non perdere per gli amanti della neve.. e i fan Land Rover!<\/p>\n\n<div style=\"font-size: 0px; height: 0px; line-height: 0px; margin: 0; padding: 0; clear: both;\"><\/div><!-- Begin Yuzo --><div class='yuzo_related_post style-1'  data-version='5.12.88'><!-- without result --><div class='yuzo_clearfixed yuzo__title yuzo__title'><h2>Potrebbe anche Interessarti <\/h2><\/div>\n\t\t\t\t\t\t  <div class=\"relatedthumb \" style=\"width:125px;float:left;overflow:hidden;\">  \n\t\t\t\t\t\t\t  \n\t\t\t\t\t\t\t  <a  href=\"https:\/\/vendiauto.com\/blog\/suzuki-jimny-model-year-2015-2014\"  >\n\t\t\t\t\t\t\t\t\t  <div class=\"yuzo-img-wrap \" style=\"width: 125px;height:90px;\">\n\t\t\t\t\t\t\t\t\t\t\n\t\t\t\t\t\t\t\t\t\t<div class=\"yuzo-img\" style=\"background:url('https:\/\/vendiauto.com\/blog\/wp-content\/uploads\/2014\/10\/suzuki-jimny-2015-01-150x150.jpg') 50% 50% no-repeat;width: 125px;height:90px;margin-bottom: 5px;background-size: cover; \"><\/div>\n\t\t\t\t\t\t\t\t\t  <\/div>\n\t\t\t\t\t\t\t\t\t  \n\t\t\t\t\t\t\t\t   <span class=\"yuzo__text--title\" style=\"font-size:13px;\">Suzuki Jimny model year 2015<\/span>\n\t\t\t\t\t\t\t  \n\t\t\t\t\t\t\t  \n\t\t\t\t\t\t\t  <\/a>\n\n\t\t\t\t\t\t  <\/div>\n\t\t\t\t\t\t  <div class=\"relatedthumb \" style=\"width:125px;float:left;overflow:hidden;\">  \n\t\t\t\t\t\t\t  \n\t\t\t\t\t\t\t  <a  href=\"https:\/\/vendiauto.com\/blog\/bye-bye-murcielago-2010\"  >\n\t\t\t\t\t\t\t\t\t  <div class=\"yuzo-img-wrap \" style=\"width: 125px;height:90px;\">\n\t\t\t\t\t\t\t\t\t\t\n\t\t\t\t\t\t\t\t\t\t<div class=\"yuzo-img\" style=\"background:url('https:\/\/vendiauto.com\/blog\/wp-content\/uploads\/2010\/12\/Last-Murcielago-Rolled-out-150x150.jpg') 50% 50% no-repeat;width: 125px;height:90px;margin-bottom: 5px;background-size: cover; \"><\/div>\n\t\t\t\t\t\t\t\t\t  <\/div>\n\t\t\t\t\t\t\t\t\t  \n\t\t\t\t\t\t\t\t   <span class=\"yuzo__text--title\" style=\"font-size:13px;\">Bye bye Murcielago!<\/span>\n\t\t\t\t\t\t\t  \n\t\t\t\t\t\t\t  \n\t\t\t\t\t\t\t  <\/a>\n\n\t\t\t\t\t\t  <\/div>\n\t\t\t\t\t\t  <div class=\"relatedthumb \" style=\"width:125px;float:left;overflow:hidden;\">  \n\t\t\t\t\t\t\t  \n\t\t\t\t\t\t\t  <a  href=\"https:\/\/vendiauto.com\/blog\/nuova-lancia-thema-2011\"  >\n\t\t\t\t\t\t\t\t\t  <div class=\"yuzo-img-wrap \" style=\"width: 125px;height:90px;\">\n\t\t\t\t\t\t\t\t\t\t\n\t\t\t\t\t\t\t\t\t\t<div class=\"yuzo-img\" style=\"background:url('https:\/\/vendiauto.com\/blog\/wp-content\/uploads\/2011\/03\/lancia_thema2011_anteriore-150x150.jpg') 50% 50% no-repeat;width: 125px;height:90px;margin-bottom: 5px;background-size: cover; \"><\/div>\n\t\t\t\t\t\t\t\t\t  <\/div>\n\t\t\t\t\t\t\t\t\t  \n\t\t\t\t\t\t\t\t   <span class=\"yuzo__text--title\" style=\"font-size:13px;\">Nuova Lancia Thema<\/span>\n\t\t\t\t\t\t\t  \n\t\t\t\t\t\t\t  \n\t\t\t\t\t\t\t  <\/a>\n\n\t\t\t\t\t\t  <\/div>\n\t\t\t\t\t\t  <div class=\"relatedthumb \" style=\"width:125px;float:left;overflow:hidden;\">  \n\t\t\t\t\t\t\t  \n\t\t\t\t\t\t\t  <a  href=\"https:\/\/vendiauto.com\/blog\/lexus-vuole-la-luna-e-la-raggiunge-due-volte-2013\"  >\n\t\t\t\t\t\t\t\t\t  <div class=\"yuzo-img-wrap \" style=\"width: 125px;height:90px;\">\n\t\t\t\t\t\t\t\t\t\t\n\t\t\t\t\t\t\t\t\t\t<div class=\"yuzo-img\" style=\"background:url('https:\/\/vendiauto.com\/blog\/wp-content\/uploads\/2013\/05\/Lexus-is-hybrid-150x150.jpg') 50% 50% no-repeat;width: 125px;height:90px;margin-bottom: 5px;background-size: cover; \"><\/div>\n\t\t\t\t\t\t\t\t\t  <\/div>\n\t\t\t\t\t\t\t\t\t  \n\t\t\t\t\t\t\t\t   <span class=\"yuzo__text--title\" style=\"font-size:13px;\">Lexus vuole la luna \u2026 e la raggiunge due vol...<\/span>\n\t\t\t\t\t\t\t  \n\t\t\t\t\t\t\t  \n\t\t\t\t\t\t\t  <\/a>\n\n\t\t\t\t\t\t  <\/div>\n<\/div> <script>\n\t\t\t\t\t\t  jQuery(document).ready(function( $ ){\n\t\t\t\t\t\t\t\/\/jQuery('.yuzo_related_post').equalizer({ overflow : 'relatedthumb' });\n\t\t\t\t\t\t\tjQuery('.yuzo_related_post .yuzo_wraps').equalizer({ columns : '> div' });\n\t\t\t\t\t\t   })\n\t\t\t\t\t\t  <\/script> <!-- End Yuzo :) -->","protected":false},"excerpt":{"rendered":"<p>Un nuovo evento firmato Land Rover Italia: Land Rover Chalet, che prevede la presenza di Land Rover nelle localit\u00e0 sciistiche italiane maggiori, con un particolare Chalet,\u00a0per offrire agli sciatori ed ai non sciatori una giornata sulla neve in perfetto stile Land Rover. Potrebbe anche Interessarti Mama up! l\u2019auto a misura di mamma e beb\u00e8 Ford [&hellip;]<\/p>\n","protected":false},"author":2,"featured_media":0,"comment_status":"open","ping_status":"open","sticky":false,"template":"","format":"standard","meta":[],"categories":[2110],"tags":[832,110,831],"_links":{"self":[{"href":"https:\/\/vendiauto.com\/blog\/wp-json\/wp\/v2\/posts\/3909"}],"collection":[{"href":"https:\/\/vendiauto.com\/blog\/wp-json\/wp\/v2\/posts"}],"about":[{"href":"https:\/\/vendiauto.com\/blog\/wp-json\/wp\/v2\/types\/post"}],"author":[{"embeddable":true,"href":"https:\/\/vendiauto.com\/blog\/wp-json\/wp\/v2\/users\/2"}],"replies":[{"embeddable":true,"href":"https:\/\/vendiauto.com\/blog\/wp-json\/wp\/v2\/comments?post=3909"}],"version-history":[{"count":1,"href":"https:\/\/vendiauto.com\/blog\/wp-json\/wp\/v2\/posts\/3909\/revisions"}],"predecessor-version":[{"id":12867,"href":"https:\/\/vendiauto.com\/blog\/wp-json\/wp\/v2\/posts\/3909\/revisions\/12867"}],"wp:attachment":[{"href":"https:\/\/vendiauto.com\/blog\/wp-json\/wp\/v2\/media?parent=3909"}],"wp:term":[{"taxonomy":"category","embeddable":true,"href":"https:\/\/vendiauto.com\/blog\/wp-json\/wp\/v2\/categories?post=3909"},{"taxonomy":"post_tag","embeddable":true,"href":"https:\/\/vendiauto.com\/blog\/wp-json\/wp\/v2\/tags?post=3909"}],"curies":[{"name":"wp","href":"https:\/\/api.w.org\/{rel}","templated":true}]}}