{"id":399,"date":"2010-06-10T12:33:40","date_gmt":"2010-06-10T12:33:40","guid":{"rendered":"http:\/\/www.vendiauto.com\/blog\/?p=399"},"modified":"2016-09-14T15:42:16","modified_gmt":"2016-09-14T14:42:16","slug":"24-ore-le-mans","status":"publish","type":"post","link":"https:\/\/vendiauto.com\/blog\/24-ore-le-mans-2010","title":{"rendered":"24 ore di Le Mans"},"content":{"rendered":"\n<!-- Quick Adsense WordPress Plugin: http:\/\/quickadsense.com\/ -->\n<div style=\"float: none; margin:10px 0 10px 0; text-align:center;\">\n<!--leonative-->\r\n<!-- 5x1 -->\r\n<div id='div-gpt-ad-5x1-0' class='div-gpt-ad div-gpt-ad-inread'>\r\n<script type='text\/javascript'>\r\ngoogletag.cmd.push(function() { googletag.display('div-gpt-ad-5x1-0'); });\r\n<\/script>\r\n<\/div>\n<\/div>\n<p style=\"text-align: center;\"><a href=\"http:\/\/www.vendiauto.com\/blog\/wp-content\/uploads\/2010\/06\/283832822.jpg\"><img loading=\"lazy\" class=\"aligncenter size-full wp-image-402\" style=\"border: 1px solid black;\" src=\"http:\/\/www.vendiauto.com\/blog\/wp-content\/uploads\/2010\/06\/283832822.jpg\" alt=\"\" width=\"510\" height=\"385\" \/><\/a><\/p>\n<p>Il prossimo week end di giugno si svolger\u00e0 la 24 ore di Le Mans, uno degli eventi motoristici pi\u00f9 importanti e seguiti al mondo.<\/p>\n<p>Infatti, i prossimi 12 e 13 giugno prender\u00e0 il via dal Circuit de la Sarthe, vicino Le Mans, in Francia, la 78\u00b0 edizione della celebre corsa di durata.<\/p>\n<p>Gli spettatori che assisteranno alla gara potranno cos\u00ec vedere nella stessa competizione alcune delle vetture delle case automobilistiche pi\u00f9 famose al mondo: Aston Martin, Audi, Bmw, Corvette, Ferrari, Ford, Jaguar, Lamborghini, Peugeot e Porsche!<\/p>\n<p><!--more--><\/p>\n<p>Nell\u2019elenco, purtroppo, mancher\u00e0 la Pescarolo Sport, che dopo pi\u00f9 di 40 anni di partecipazione alla classica corsa francese di durata, non prender\u00e0 il via all\u2019edizione di quest\u2019anno.<\/p>\n<p>In ogni caso lo spettacolo non mancher\u00e0 con Audi e Peugeot nel ruolo di vetture da battere e che si contenderanno la vittoria finale: la casa dei quattro anelli vorr\u00e0 imporre le proprie vetture sulle altre per la nona volta dall\u2019anno 2000 e la casa del leone cercher\u00e0 di bissare la vittoria ottenuta l\u2019anno scorso.<\/p>\n<p>La vittoria comunque non \u00e8 e non sar\u00e0 mai scontata fino all\u2019ultimo minuto dei 1.440 minuti di svolgimento della gara.<\/p>\n<p>La 24 heures du mans \u00e8 la corsa per eccellenza in cui tutto si fonde: velocit\u00e0 e resistenza, rischio e durata, giorno e notte, piloti e vetture, bravura e fortuna, idee geniali o incredibili errori.<\/p>\n<p>Soltanto alla fine chi avr\u00e0 saputo gestire al meglio tutte queste variabili potr\u00e0 incidere il proprio nome nel prestigioso albo d\u2019oro della corsa francese.<\/p>\n<p>Ma per sapere il vincitore dell\u2019edizione 2010 non resta che aspettare le 16:00 di domenica del prossimo 13 giugno.<\/p>\n\n<div style=\"font-size: 0px; height: 0px; line-height: 0px; margin: 0; padding: 0; clear: both;\"><\/div><!-- Begin Yuzo --><div class='yuzo_related_post style-1'  data-version='5.12.88'><!-- without result --><div class='yuzo_clearfixed yuzo__title yuzo__title'><h2>Potrebbe anche Interessarti <\/h2><\/div>\n\t\t\t\t\t\t  <div class=\"relatedthumb \" style=\"width:125px;float:left;overflow:hidden;\">  \n\t\t\t\t\t\t\t  \n\t\t\t\t\t\t\t  <a  href=\"https:\/\/vendiauto.com\/blog\/laston-martin-v12-zagato-verra-prodotta-2012\"  >\n\t\t\t\t\t\t\t\t\t  <div class=\"yuzo-img-wrap \" style=\"width: 125px;height:90px;\">\n\t\t\t\t\t\t\t\t\t\t\n\t\t\t\t\t\t\t\t\t\t<div class=\"yuzo-img\" style=\"background:url('https:\/\/vendiauto.com\/blog\/wp-content\/uploads\/2012\/01\/aston-martin-v12-zagato-monterey-150x150.jpg') 50% 50% no-repeat;width: 125px;height:90px;margin-bottom: 5px;background-size: cover; \"><\/div>\n\t\t\t\t\t\t\t\t\t  <\/div>\n\t\t\t\t\t\t\t\t\t  \n\t\t\t\t\t\t\t\t   <span class=\"yuzo__text--title\" style=\"font-size:13px;\">L\u2019Aston Martin V12 Zagato verr\u00e0 prodotta!<\/span>\n\t\t\t\t\t\t\t  \n\t\t\t\t\t\t\t  \n\t\t\t\t\t\t\t  <\/a>\n\n\t\t\t\t\t\t  <\/div>\n\t\t\t\t\t\t  <div class=\"relatedthumb \" style=\"width:125px;float:left;overflow:hidden;\">  \n\t\t\t\t\t\t\t  \n\t\t\t\t\t\t\t  <a  href=\"https:\/\/vendiauto.com\/blog\/mercedes-classe-a-concept-2011-2011\"  >\n\t\t\t\t\t\t\t\t\t  <div class=\"yuzo-img-wrap \" style=\"width: 125px;height:90px;\">\n\t\t\t\t\t\t\t\t\t\t\n\t\t\t\t\t\t\t\t\t\t<div class=\"yuzo-img\" style=\"background:url('https:\/\/vendiauto.com\/blog\/wp-content\/uploads\/2011\/04\/338958_5298_big_mercedes-classe-a-concept-091-150x150.jpg') 50% 50% no-repeat;width: 125px;height:90px;margin-bottom: 5px;background-size: cover; \"><\/div>\n\t\t\t\t\t\t\t\t\t  <\/div>\n\t\t\t\t\t\t\t\t\t  \n\t\t\t\t\t\t\t\t   <span class=\"yuzo__text--title\" style=\"font-size:13px;\">Mercedes Classe A concept 2011<\/span>\n\t\t\t\t\t\t\t  \n\t\t\t\t\t\t\t  \n\t\t\t\t\t\t\t  <\/a>\n\n\t\t\t\t\t\t  <\/div>\n\t\t\t\t\t\t  <div class=\"relatedthumb \" style=\"width:125px;float:left;overflow:hidden;\">  \n\t\t\t\t\t\t\t  \n\t\t\t\t\t\t\t  <a  href=\"https:\/\/vendiauto.com\/blog\/nuova-chrysler-200-covertible-e-nuova-lancia-flavia-cabriolet-2011\"  >\n\t\t\t\t\t\t\t\t\t  <div class=\"yuzo-img-wrap \" style=\"width: 125px;height:90px;\">\n\t\t\t\t\t\t\t\t\t\t\n\t\t\t\t\t\t\t\t\t\t<div class=\"yuzo-img\" style=\"background:url('https:\/\/vendiauto.com\/blog\/wp-content\/uploads\/2011\/01\/chrysler_200_convertible_uff_7-150x150.jpg') 50% 50% no-repeat;width: 125px;height:90px;margin-bottom: 5px;background-size: cover; \"><\/div>\n\t\t\t\t\t\t\t\t\t  <\/div>\n\t\t\t\t\t\t\t\t\t  \n\t\t\t\t\t\t\t\t   <span class=\"yuzo__text--title\" style=\"font-size:13px;\">Nuova Chrysler 200 Covertible e nuova Lancia Flavi...<\/span>\n\t\t\t\t\t\t\t  \n\t\t\t\t\t\t\t  \n\t\t\t\t\t\t\t  <\/a>\n\n\t\t\t\t\t\t  <\/div>\n\t\t\t\t\t\t  <div class=\"relatedthumb \" style=\"width:125px;float:left;overflow:hidden;\">  \n\t\t\t\t\t\t\t  \n\t\t\t\t\t\t\t  <a  href=\"https:\/\/vendiauto.com\/blog\/mercedes-benz-cla-lauto-che-mancava-2013\"  >\n\t\t\t\t\t\t\t\t\t  <div class=\"yuzo-img-wrap \" style=\"width: 125px;height:90px;\">\n\t\t\t\t\t\t\t\t\t\t\n\t\t\t\t\t\t\t\t\t\t<div class=\"yuzo-img\" style=\"background:url('https:\/\/vendiauto.com\/blog\/wp-content\/uploads\/2013\/03\/mercedes-benz-cla-150x150.jpg') 50% 50% no-repeat;width: 125px;height:90px;margin-bottom: 5px;background-size: cover; \"><\/div>\n\t\t\t\t\t\t\t\t\t  <\/div>\n\t\t\t\t\t\t\t\t\t  \n\t\t\t\t\t\t\t\t   <span class=\"yuzo__text--title\" style=\"font-size:13px;\">Mercedes-Benz CLA: l\u2019auto che mancava<\/span>\n\t\t\t\t\t\t\t  \n\t\t\t\t\t\t\t  \n\t\t\t\t\t\t\t  <\/a>\n\n\t\t\t\t\t\t  <\/div>\n<\/div> <script>\n\t\t\t\t\t\t  jQuery(document).ready(function( $ ){\n\t\t\t\t\t\t\t\/\/jQuery('.yuzo_related_post').equalizer({ overflow : 'relatedthumb' });\n\t\t\t\t\t\t\tjQuery('.yuzo_related_post .yuzo_wraps').equalizer({ columns : '> div' });\n\t\t\t\t\t\t   })\n\t\t\t\t\t\t  <\/script> <!-- End Yuzo :) -->","protected":false},"excerpt":{"rendered":"<p>Il prossimo week end di giugno si svolger\u00e0 la 24 ore di Le Mans, uno degli eventi motoristici pi\u00f9 importanti e seguiti al mondo. Infatti, i prossimi 12 e 13 giugno prender\u00e0 il via dal Circuit de la Sarthe, vicino Le Mans, in Francia, la 78\u00b0 edizione della celebre corsa di durata. Gli spettatori che [&hellip;]<\/p>\n","protected":false},"author":3,"featured_media":0,"comment_status":"open","ping_status":"open","sticky":false,"template":"","format":"standard","meta":[],"categories":[2110],"tags":[53,54],"_links":{"self":[{"href":"https:\/\/vendiauto.com\/blog\/wp-json\/wp\/v2\/posts\/399"}],"collection":[{"href":"https:\/\/vendiauto.com\/blog\/wp-json\/wp\/v2\/posts"}],"about":[{"href":"https:\/\/vendiauto.com\/blog\/wp-json\/wp\/v2\/types\/post"}],"author":[{"embeddable":true,"href":"https:\/\/vendiauto.com\/blog\/wp-json\/wp\/v2\/users\/3"}],"replies":[{"embeddable":true,"href":"https:\/\/vendiauto.com\/blog\/wp-json\/wp\/v2\/comments?post=399"}],"version-history":[{"count":1,"href":"https:\/\/vendiauto.com\/blog\/wp-json\/wp\/v2\/posts\/399\/revisions"}],"predecessor-version":[{"id":12903,"href":"https:\/\/vendiauto.com\/blog\/wp-json\/wp\/v2\/posts\/399\/revisions\/12903"}],"wp:attachment":[{"href":"https:\/\/vendiauto.com\/blog\/wp-json\/wp\/v2\/media?parent=399"}],"wp:term":[{"taxonomy":"category","embeddable":true,"href":"https:\/\/vendiauto.com\/blog\/wp-json\/wp\/v2\/categories?post=399"},{"taxonomy":"post_tag","embeddable":true,"href":"https:\/\/vendiauto.com\/blog\/wp-json\/wp\/v2\/tags?post=399"}],"curies":[{"name":"wp","href":"https:\/\/api.w.org\/{rel}","templated":true}]}}