{"id":4088,"date":"2012-02-21T13:09:11","date_gmt":"2012-02-21T12:09:11","guid":{"rendered":"http:\/\/www.vendiauto.com\/blog\/?p=4088"},"modified":"2016-09-14T14:53:39","modified_gmt":"2016-09-14T13:53:39","slug":"fernando-alonso-e-felipe-massa-al-volante-della-nuova-ferrari-stradale-f152","status":"publish","type":"post","link":"https:\/\/vendiauto.com\/blog\/fernando-alonso-e-felipe-massa-al-volante-della-nuova-ferrari-stradale-f152-2012","title":{"rendered":"Fernando Alonso e Felipe Massa al volante della nuova Ferrari stradale F152"},"content":{"rendered":"\n<!-- Quick Adsense WordPress Plugin: http:\/\/quickadsense.com\/ -->\n<div style=\"float: none; margin:10px 0 10px 0; text-align:center;\">\n<!--leonative-->\r\n<!-- 5x1 -->\r\n<div id='div-gpt-ad-5x1-0' class='div-gpt-ad div-gpt-ad-inread'>\r\n<script type='text\/javascript'>\r\ngoogletag.cmd.push(function() { googletag.display('div-gpt-ad-5x1-0'); });\r\n<\/script>\r\n<\/div>\n<\/div>\n<p><a href=\"http:\/\/www.vendiauto.com\/blog\/wp-content\/uploads\/2012\/02\/ferrari-f152-1.jpg\"><img loading=\"lazy\" class=\"alignnone  wp-image-4089\" style=\"border-image: initial; border-width: 1px; border-color: black; border-style: solid;\" src=\"http:\/\/www.vendiauto.com\/blog\/wp-content\/uploads\/2012\/02\/ferrari-f152-1.jpg\" alt=\"\" width=\"546\" height=\"284\" \/><\/a><\/p>\n<p>La nuovissima Ferrari stradale, conosciuta ancora col codice di progetto interno F152, \u00e8 ormai pronta. La sostituta della 599 verr\u00e0 svelata il 29 febbraio prossimo per poi essere presentata in veste ufficiale all&#8217;imminente Salone di Ginevra di inizio marzo.<\/p>\n<p><!--more--><\/p>\n<p>Come si pu\u00f2 vedere dalla foto in alto la vettura appare ancora estremamente camuffata, ma \u00e8 pronta ugualmente per qualche giro sulla pista di Fiorano: ad alternarsi al volante i due piloti della squadra corse del cavallino rampante, Fernando Alonso e Felipe Massa che hanno scoperto in anteprima la nuova supercar targata Maranello. La nuova nata che prender\u00e0 il posto della bellissima 599 sar\u00e0 un tripudio di quanto pi\u00f9 tecnologico e tecnico ci sia oggi a Maranello. Il cuore della nuova rossa sar\u00e0 inequivocabilmente il V12 6.3 che gi\u00e0 equipaggia la FF e che per l&#8217;occasione sar\u00e0 portato a pi\u00f9 di 700 cv di potenza. Chiaramente al contrario della FF, nel caso della F152 \u00a0la trazione sar\u00e0 solo posteriore. Poco si conosce invece sul design della nuova nata: in attesa di vedere le primissime immagini senza camuffature possiamo solo immaginare che esteticamente parlando la nuova Ferrari attinger\u00e0 molto dal design gi\u00e0 espresso su 458 e FF. Non ci resta che aspettare&#8230;<\/p>\n\n<div style=\"font-size: 0px; height: 0px; line-height: 0px; margin: 0; padding: 0; clear: both;\"><\/div><!-- Begin Yuzo --><div class='yuzo_related_post style-1'  data-version='5.12.88'><!-- without result --><div class='yuzo_clearfixed yuzo__title yuzo__title'><h2>Potrebbe anche Interessarti <\/h2><\/div>\n\t\t\t\t\t\t  <div class=\"relatedthumb \" style=\"width:125px;float:left;overflow:hidden;\">  \n\t\t\t\t\t\t\t  \n\t\t\t\t\t\t\t  <a  href=\"https:\/\/vendiauto.com\/blog\/per-festeggiare-i-100-anni-di-aston-martin-una-supercar-che-ricorda-la-batmobile-anni-60-2013\"  >\n\t\t\t\t\t\t\t\t\t  <div class=\"yuzo-img-wrap \" style=\"width: 125px;height:90px;\">\n\t\t\t\t\t\t\t\t\t\t\n\t\t\t\t\t\t\t\t\t\t<div class=\"yuzo-img\" style=\"background:url('https:\/\/vendiauto.com\/blog\/wp-content\/uploads\/2013\/05\/aston_martin_cc100__la_supercar_che_ricorda_la_batmobile_anni__60_2472-150x150.jpg') 50% 50% no-repeat;width: 125px;height:90px;margin-bottom: 5px;background-size: cover; \"><\/div>\n\t\t\t\t\t\t\t\t\t  <\/div>\n\t\t\t\t\t\t\t\t\t  \n\t\t\t\t\t\t\t\t   <span class=\"yuzo__text--title\" style=\"font-size:13px;\">Per festeggiare i 100 anni di Aston Martin una sup...<\/span>\n\t\t\t\t\t\t\t  \n\t\t\t\t\t\t\t  \n\t\t\t\t\t\t\t  <\/a>\n\n\t\t\t\t\t\t  <\/div>\n\t\t\t\t\t\t  <div class=\"relatedthumb \" style=\"width:125px;float:left;overflow:hidden;\">  \n\t\t\t\t\t\t\t  \n\t\t\t\t\t\t\t  <a  href=\"https:\/\/vendiauto.com\/blog\/il-primo-cliente-privato-di-ampera-in-italia-e-il-campione-di-rally-piero-longhi-2012\"  >\n\t\t\t\t\t\t\t\t\t  <div class=\"yuzo-img-wrap \" style=\"width: 125px;height:90px;\">\n\t\t\t\t\t\t\t\t\t\t\n\t\t\t\t\t\t\t\t\t\t<div class=\"yuzo-img\" style=\"background:url('https:\/\/vendiauto.com\/blog\/wp-content\/uploads\/2012\/05\/il-primo-cliente-privato-di-opel-ampera-in-italia-e-il-campione-di-rally-piero-longhi-266580-150x150.gif') 50% 50% no-repeat;width: 125px;height:90px;margin-bottom: 5px;background-size: cover; \"><\/div>\n\t\t\t\t\t\t\t\t\t  <\/div>\n\t\t\t\t\t\t\t\t\t  \n\t\t\t\t\t\t\t\t   <span class=\"yuzo__text--title\" style=\"font-size:13px;\">Il primo cliente privato di Ampera in Italia \u00e8 il ...<\/span>\n\t\t\t\t\t\t\t  \n\t\t\t\t\t\t\t  \n\t\t\t\t\t\t\t  <\/a>\n\n\t\t\t\t\t\t  <\/div>\n\t\t\t\t\t\t  <div class=\"relatedthumb \" style=\"width:125px;float:left;overflow:hidden;\">  \n\t\t\t\t\t\t\t  \n\t\t\t\t\t\t\t  <a  href=\"https:\/\/vendiauto.com\/blog\/su-strada-la-nuova-ford-c-max-2015-2014\"  >\n\t\t\t\t\t\t\t\t\t  <div class=\"yuzo-img-wrap \" style=\"width: 125px;height:90px;\">\n\t\t\t\t\t\t\t\t\t\t\n\t\t\t\t\t\t\t\t\t\t<div class=\"yuzo-img\" style=\"background:url('https:\/\/vendiauto.com\/blog\/wp-content\/uploads\/2014\/08\/ford-c-max-2015-foto-spia-12-08-2014-4-150x150.jpg') 50% 50% no-repeat;width: 125px;height:90px;margin-bottom: 5px;background-size: cover; \"><\/div>\n\t\t\t\t\t\t\t\t\t  <\/div>\n\t\t\t\t\t\t\t\t\t  \n\t\t\t\t\t\t\t\t   <span class=\"yuzo__text--title\" style=\"font-size:13px;\">Su strada la nuova Ford C-Max 2015!<\/span>\n\t\t\t\t\t\t\t  \n\t\t\t\t\t\t\t  \n\t\t\t\t\t\t\t  <\/a>\n\n\t\t\t\t\t\t  <\/div>\n\t\t\t\t\t\t  <div class=\"relatedthumb \" style=\"width:125px;float:left;overflow:hidden;\">  \n\t\t\t\t\t\t\t  \n\t\t\t\t\t\t\t  <a  href=\"https:\/\/vendiauto.com\/blog\/bmw-un-video-anticipa-la-novita-di-domani-4-agosto-2014-2014\"  >\n\t\t\t\t\t\t\t\t\t  <div class=\"yuzo-img-wrap \" style=\"width: 125px;height:90px;\">\n\t\t\t\t\t\t\t\t\t\t\n\t\t\t\t\t\t\t\t\t\t<div class=\"yuzo-img\" style=\"background:url('https:\/\/vendiauto.com\/blog\/wp-content\/uploads\/2014\/08\/M0852_07-150x150.jpg') 50% 50% no-repeat;width: 125px;height:90px;margin-bottom: 5px;background-size: cover; \"><\/div>\n\t\t\t\t\t\t\t\t\t  <\/div>\n\t\t\t\t\t\t\t\t\t  \n\t\t\t\t\t\t\t\t   <span class=\"yuzo__text--title\" style=\"font-size:13px;\">Bmw: un video anticipa una novit\u00e0 di domani 4 agos...<\/span>\n\t\t\t\t\t\t\t  \n\t\t\t\t\t\t\t  \n\t\t\t\t\t\t\t  <\/a>\n\n\t\t\t\t\t\t  <\/div>\n<\/div> <script>\n\t\t\t\t\t\t  jQuery(document).ready(function( $ ){\n\t\t\t\t\t\t\t\/\/jQuery('.yuzo_related_post').equalizer({ overflow : 'relatedthumb' });\n\t\t\t\t\t\t\tjQuery('.yuzo_related_post .yuzo_wraps').equalizer({ columns : '> div' });\n\t\t\t\t\t\t   })\n\t\t\t\t\t\t  <\/script> <!-- End Yuzo :) -->","protected":false},"excerpt":{"rendered":"<p>La nuovissima Ferrari stradale, conosciuta ancora col codice di progetto interno F152, \u00e8 ormai pronta. La sostituta della 599 verr\u00e0 svelata il 29 febbraio prossimo per poi essere presentata in veste ufficiale all&#8217;imminente Salone di Ginevra di inizio marzo. Potrebbe anche Interessarti Volkswagen Up! Arriva la cinque porte Ecoincentivi 2012 per le auto Nuova F-Type.. [&hellip;]<\/p>\n","protected":false},"author":3,"featured_media":0,"comment_status":"open","ping_status":"open","sticky":false,"template":"","format":"standard","meta":[],"categories":[2110],"tags":[12,655,58,2096],"_links":{"self":[{"href":"https:\/\/vendiauto.com\/blog\/wp-json\/wp\/v2\/posts\/4088"}],"collection":[{"href":"https:\/\/vendiauto.com\/blog\/wp-json\/wp\/v2\/posts"}],"about":[{"href":"https:\/\/vendiauto.com\/blog\/wp-json\/wp\/v2\/types\/post"}],"author":[{"embeddable":true,"href":"https:\/\/vendiauto.com\/blog\/wp-json\/wp\/v2\/users\/3"}],"replies":[{"embeddable":true,"href":"https:\/\/vendiauto.com\/blog\/wp-json\/wp\/v2\/comments?post=4088"}],"version-history":[{"count":1,"href":"https:\/\/vendiauto.com\/blog\/wp-json\/wp\/v2\/posts\/4088\/revisions"}],"predecessor-version":[{"id":12503,"href":"https:\/\/vendiauto.com\/blog\/wp-json\/wp\/v2\/posts\/4088\/revisions\/12503"}],"wp:attachment":[{"href":"https:\/\/vendiauto.com\/blog\/wp-json\/wp\/v2\/media?parent=4088"}],"wp:term":[{"taxonomy":"category","embeddable":true,"href":"https:\/\/vendiauto.com\/blog\/wp-json\/wp\/v2\/categories?post=4088"},{"taxonomy":"post_tag","embeddable":true,"href":"https:\/\/vendiauto.com\/blog\/wp-json\/wp\/v2\/tags?post=4088"}],"curies":[{"name":"wp","href":"https:\/\/api.w.org\/{rel}","templated":true}]}}