{"id":4364,"date":"2012-03-06T18:12:18","date_gmt":"2012-03-06T17:12:18","guid":{"rendered":"http:\/\/www.vendiauto.com\/blog\/?p=4364"},"modified":"2016-09-14T14:53:11","modified_gmt":"2016-09-14T13:53:11","slug":"lamborghini-presenta-la-aventador-j-al-salone-di-ginevra-2012","status":"publish","type":"post","link":"https:\/\/vendiauto.com\/blog\/lamborghini-presenta-la-aventador-j-al-salone-di-ginevra-2012-2012","title":{"rendered":"Lamborghini presenta la Aventador &#8220;J&#8221; al Salone di Ginevra 2012"},"content":{"rendered":"\n<!-- Quick Adsense WordPress Plugin: http:\/\/quickadsense.com\/ -->\n<div style=\"float: none; margin:10px 0 10px 0; text-align:center;\">\n<!--leonative-->\r\n<!-- 5x1 -->\r\n<div id='div-gpt-ad-5x1-0' class='div-gpt-ad div-gpt-ad-inread'>\r\n<script type='text\/javascript'>\r\ngoogletag.cmd.push(function() { googletag.display('div-gpt-ad-5x1-0'); });\r\n<\/script>\r\n<\/div>\n<\/div>\n<p><img loading=\"lazy\" class=\"alignnone  wp-image-4365\" style=\"border-image: initial; border-width: 1px; border-color: black; border-style: solid;\" src=\"http:\/\/www.vendiauto.com\/blog\/wp-content\/uploads\/2012\/03\/Lamborghini_AventadorJ_1.jpg\" alt=\"\" width=\"546\" height=\"410\" \/><\/p>\n<p>Al Salone di Ginevra Lamborghini presenta la Aventador J&#8230;si, si chiama proprio cos\u00ec la &#8220;mostruosa&#8221; creatura del toro! Ma cos&#8217;\u00e8 la J? Una spider? Un esercizio di stile? Un assaggio della futura scoperta della Aventador?<\/p>\n<p><!--more--><\/p>\n<p>In effetti la Aventador J \u00e8 un po&#8217; tutto questo: \u00e8 una one-off, un esemplare unico creato ad hoc e che preannuncia la futura Aventador Roadster, dalla quale per\u00f2 si differenzia per le scelte ardite ed estreme che la caratterizzano. La Aventador J \u00e8 una Aventador cui sono stati asportati il tetto, il parabrezza, i montanti e tutto quanto fosse considerato inutile come ad esempio anche l&#8217;impianto di climatizzazione!<\/p>\n<p>I passeggeri potranno &#8220;ripararsi&#8221; dall&#8217;aria solo attraverso piccoli deflettori montati sopra la plancia. Per il resto \u00e8 tutto un tripudio di carbonio, alettoni pronunciati ed estrattori d&#8217;aria rasoterra. La meccanica non ha subito variazioni rispetto alla Aventador classica e ne&#8217; tanto meno il suo cuore, il V12 6.500 cc da 700cv. Il prezzo della Aventador J in esemplare unico \u00e8 sbalorditivo almeno quanto le sue prestazioni: 2,1 milioni di euro&#8230;tasse escluse!<\/p>\n\n<div style=\"font-size: 0px; height: 0px; line-height: 0px; margin: 0; padding: 0; clear: both;\"><\/div><!-- Begin Yuzo --><div class='yuzo_related_post style-1'  data-version='5.12.88'><!-- without result --><div class='yuzo_clearfixed yuzo__title yuzo__title'><h2>Potrebbe anche Interessarti <\/h2><\/div>\n\t\t\t\t\t\t  <div class=\"relatedthumb \" style=\"width:125px;float:left;overflow:hidden;\">  \n\t\t\t\t\t\t\t  \n\t\t\t\t\t\t\t  <a  href=\"https:\/\/vendiauto.com\/blog\/motor-show-di-bologna-al-via-la-37esima-edizione-2012\"  >\n\t\t\t\t\t\t\t\t\t  <div class=\"yuzo-img-wrap \" style=\"width: 125px;height:90px;\">\n\t\t\t\t\t\t\t\t\t\t\n\t\t\t\t\t\t\t\t\t\t<div class=\"yuzo-img\" style=\"background:url('https:\/\/vendiauto.com\/blog\/wp-content\/uploads\/2012\/12\/LOGO_oriz2012scritte-1-150x150.jpg') 50% 50% no-repeat;width: 125px;height:90px;margin-bottom: 5px;background-size: cover; \"><\/div>\n\t\t\t\t\t\t\t\t\t  <\/div>\n\t\t\t\t\t\t\t\t\t  \n\t\t\t\t\t\t\t\t   <span class=\"yuzo__text--title\" style=\"font-size:13px;\">Motor Show di Bologna: al via la 37esima edizione<\/span>\n\t\t\t\t\t\t\t  \n\t\t\t\t\t\t\t  \n\t\t\t\t\t\t\t  <\/a>\n\n\t\t\t\t\t\t  <\/div>\n\t\t\t\t\t\t  <div class=\"relatedthumb \" style=\"width:125px;float:left;overflow:hidden;\">  \n\t\t\t\t\t\t\t  \n\t\t\t\t\t\t\t  <a  href=\"https:\/\/vendiauto.com\/blog\/mini-united-2012-2012\"  >\n\t\t\t\t\t\t\t\t\t  <div class=\"yuzo-img-wrap \" style=\"width: 125px;height:90px;\">\n\t\t\t\t\t\t\t\t\t\t\n\t\t\t\t\t\t\t\t\t\t<div class=\"yuzo-img\" style=\"background:url('https:\/\/vendiauto.com\/blog\/wp-content\/uploads\/2012\/05\/Foto0447-150x150.jpg') 50% 50% no-repeat;width: 125px;height:90px;margin-bottom: 5px;background-size: cover; \"><\/div>\n\t\t\t\t\t\t\t\t\t  <\/div>\n\t\t\t\t\t\t\t\t\t  \n\t\t\t\t\t\t\t\t   <span class=\"yuzo__text--title\" style=\"font-size:13px;\">Mini United 2012<\/span>\n\t\t\t\t\t\t\t  \n\t\t\t\t\t\t\t  \n\t\t\t\t\t\t\t  <\/a>\n\n\t\t\t\t\t\t  <\/div>\n\t\t\t\t\t\t  <div class=\"relatedthumb \" style=\"width:125px;float:left;overflow:hidden;\">  \n\t\t\t\t\t\t\t  \n\t\t\t\t\t\t\t  <a  href=\"https:\/\/vendiauto.com\/blog\/ford-e-nuance-svelano-le-future-tendenze-del-riconoscimento-vocale-a-bordo-delle-auto-2012\"  >\n\t\t\t\t\t\t\t\t\t  <div class=\"yuzo-img-wrap \" style=\"width: 125px;height:90px;\">\n\t\t\t\t\t\t\t\t\t\t\n\t\t\t\t\t\t\t\t\t\t<div class=\"yuzo-img\" style=\"background:url('https:\/\/vendiauto.com\/blog\/wp-content\/uploads\/2012\/05\/ford-e-nuance-guardano-al-futuro-del-riconoscimento-vocale-fordsync-14-it-150x150.jpg') 50% 50% no-repeat;width: 125px;height:90px;margin-bottom: 5px;background-size: cover; \"><\/div>\n\t\t\t\t\t\t\t\t\t  <\/div>\n\t\t\t\t\t\t\t\t\t  \n\t\t\t\t\t\t\t\t   <span class=\"yuzo__text--title\" style=\"font-size:13px;\">Ford e Nuance svelano le future tendenze del ricon...<\/span>\n\t\t\t\t\t\t\t  \n\t\t\t\t\t\t\t  \n\t\t\t\t\t\t\t  <\/a>\n\n\t\t\t\t\t\t  <\/div>\n\t\t\t\t\t\t  <div class=\"relatedthumb \" style=\"width:125px;float:left;overflow:hidden;\">  \n\t\t\t\t\t\t\t  \n\t\t\t\t\t\t\t  <a  href=\"https:\/\/vendiauto.com\/blog\/tetto-in-cristallo-per-la-nuova-bmw-serie-6-coupe-2011\"  >\n\t\t\t\t\t\t\t\t\t  <div class=\"yuzo-img-wrap \" style=\"width: 125px;height:90px;\">\n\t\t\t\t\t\t\t\t\t\t\n\t\t\t\t\t\t\t\t\t\t<div class=\"yuzo-img\" style=\"background:url('https:\/\/vendiauto.com\/blog\/wp-content\/uploads\/2011\/02\/foto_spia_2012_BMW_serie_6_coup_03-150x150.jpg') 50% 50% no-repeat;width: 125px;height:90px;margin-bottom: 5px;background-size: cover; \"><\/div>\n\t\t\t\t\t\t\t\t\t  <\/div>\n\t\t\t\t\t\t\t\t\t  \n\t\t\t\t\t\t\t\t   <span class=\"yuzo__text--title\" style=\"font-size:13px;\">Tetto in cristallo per la nuova Bmw serie 6 coup\u00e8?...<\/span>\n\t\t\t\t\t\t\t  \n\t\t\t\t\t\t\t  \n\t\t\t\t\t\t\t  <\/a>\n\n\t\t\t\t\t\t  <\/div>\n<\/div> <script>\n\t\t\t\t\t\t  jQuery(document).ready(function( $ ){\n\t\t\t\t\t\t\t\/\/jQuery('.yuzo_related_post').equalizer({ overflow : 'relatedthumb' });\n\t\t\t\t\t\t\tjQuery('.yuzo_related_post .yuzo_wraps').equalizer({ columns : '> div' });\n\t\t\t\t\t\t   })\n\t\t\t\t\t\t  <\/script> <!-- End Yuzo :) -->","protected":false},"excerpt":{"rendered":"<p>Al Salone di Ginevra Lamborghini presenta la Aventador J&#8230;si, si chiama proprio cos\u00ec la &#8220;mostruosa&#8221; creatura del toro! Ma cos&#8217;\u00e8 la J? Una spider? Un esercizio di stile? Un assaggio della futura scoperta della Aventador? Potrebbe anche Interessarti Saab PhoeniX Concept La \u0160KODA sulle spiagge italiane con R101 Ford Vertrek, nuovo concept car di Ford [&hellip;]<\/p>\n","protected":false},"author":3,"featured_media":0,"comment_status":"open","ping_status":"open","sticky":false,"template":"","format":"standard","meta":[],"categories":[2110],"tags":[919,181,650,2096],"_links":{"self":[{"href":"https:\/\/vendiauto.com\/blog\/wp-json\/wp\/v2\/posts\/4364"}],"collection":[{"href":"https:\/\/vendiauto.com\/blog\/wp-json\/wp\/v2\/posts"}],"about":[{"href":"https:\/\/vendiauto.com\/blog\/wp-json\/wp\/v2\/types\/post"}],"author":[{"embeddable":true,"href":"https:\/\/vendiauto.com\/blog\/wp-json\/wp\/v2\/users\/3"}],"replies":[{"embeddable":true,"href":"https:\/\/vendiauto.com\/blog\/wp-json\/wp\/v2\/comments?post=4364"}],"version-history":[{"count":1,"href":"https:\/\/vendiauto.com\/blog\/wp-json\/wp\/v2\/posts\/4364\/revisions"}],"predecessor-version":[{"id":12489,"href":"https:\/\/vendiauto.com\/blog\/wp-json\/wp\/v2\/posts\/4364\/revisions\/12489"}],"wp:attachment":[{"href":"https:\/\/vendiauto.com\/blog\/wp-json\/wp\/v2\/media?parent=4364"}],"wp:term":[{"taxonomy":"category","embeddable":true,"href":"https:\/\/vendiauto.com\/blog\/wp-json\/wp\/v2\/categories?post=4364"},{"taxonomy":"post_tag","embeddable":true,"href":"https:\/\/vendiauto.com\/blog\/wp-json\/wp\/v2\/tags?post=4364"}],"curies":[{"name":"wp","href":"https:\/\/api.w.org\/{rel}","templated":true}]}}