{"id":4596,"date":"2012-03-14T12:10:46","date_gmt":"2012-03-14T11:10:46","guid":{"rendered":"http:\/\/www.vendiauto.com\/blog\/?p=4596"},"modified":"2016-09-14T14:53:00","modified_gmt":"2016-09-14T13:53:00","slug":"la-toyota-gt86-arriva-in-europa-a-29-900-euro","status":"publish","type":"post","link":"https:\/\/vendiauto.com\/blog\/la-toyota-gt86-arriva-in-europa-a-29-900-euro-2012","title":{"rendered":"La Toyota GT86 arriva in Europa a 29.900 euro"},"content":{"rendered":"\n<!-- Quick Adsense WordPress Plugin: http:\/\/quickadsense.com\/ -->\n<div style=\"float: none; margin:10px 0 10px 0; text-align:center;\">\n<!--leonative-->\r\n<!-- 5x1 -->\r\n<div id='div-gpt-ad-5x1-0' class='div-gpt-ad div-gpt-ad-inread'>\r\n<script type='text\/javascript'>\r\ngoogletag.cmd.push(function() { googletag.display('div-gpt-ad-5x1-0'); });\r\n<\/script>\r\n<\/div>\n<\/div>\n<p><img loading=\"lazy\" class=\"alignnone  wp-image-4598\" style=\"border-image: initial; border-width: 1px; border-color: black; border-style: solid;\" title=\"toyota-gt-86-41\" src=\"http:\/\/www.vendiauto.com\/blog\/wp-content\/uploads\/2012\/03\/toyota-gt-86-41.jpg\" alt=\"\" width=\"535\" height=\"360\" \/><\/p>\n<p>Toyota ha diffuso il prezzo indicativo in Europa per la sua nuova coup\u00e8, la <strong>GT86<\/strong>, che sar\u00e0 venduta nel vecchio continente a 29.900 euro. Il prezzo \u00e8 cos\u00ec sotto la soglia psicologica di 30.000 euro.<\/p>\n<p><!--more-->Il prezzo quindi si rivela in linea con le aspettative, anche se inizialmente era ventilata l&#8217;ipotesi di avere un prezzo di ingresso ancora pi\u00f9 basso, magari rinunciando a qualche optional. Addirittura in Giappone sar\u00e0 messa in vendita una versione della <strong>GT86<\/strong> nuda e cruda, ossia priva di qualsiasi accessorio e addirittura con i paraurti non verniciati, lasciando cos\u00ec agli appassionati di tuning la massima possibilit\u00e0 di personalizzare la propria vettura a piacimento.<\/p>\n<p>Ricordiamo che la GT86 \u00e8 una vettura che <strong>Toyota<\/strong> ha progettato per riproporre al grande pubblico, dopo anni di assenza sul mercato, una coup\u00e8 compatta dal motore potente (2.0 boxer da 200cv) con trazione posteriore, ad un prezzo relativamente basso e dal massimo piacere di guida.<\/p>\n\n<div style=\"font-size: 0px; height: 0px; line-height: 0px; margin: 0; padding: 0; clear: both;\"><\/div><!-- Begin Yuzo --><div class='yuzo_related_post style-1'  data-version='5.12.88'><!-- without result --><div class='yuzo_clearfixed yuzo__title yuzo__title'><h2>Potrebbe anche Interessarti <\/h2><\/div>\n\t\t\t\t\t\t  <div class=\"relatedthumb \" style=\"width:125px;float:left;overflow:hidden;\">  \n\t\t\t\t\t\t\t  \n\t\t\t\t\t\t\t  <a  href=\"https:\/\/vendiauto.com\/blog\/citroen-presenta-al-vogue-fashions-night-out-la-ds3-cabrio-2012\"  >\n\t\t\t\t\t\t\t\t\t  <div class=\"yuzo-img-wrap \" style=\"width: 125px;height:90px;\">\n\t\t\t\t\t\t\t\t\t\t\n\t\t\t\t\t\t\t\t\t\t<div class=\"yuzo-img\" style=\"background:url('https:\/\/vendiauto.com\/blog\/wp-content\/uploads\/2012\/09\/citroen-ds3-cabrio-in-esclusiva-al-vogue-fashions-night-out-citroen-12123001-01-150x150.jpg') 50% 50% no-repeat;width: 125px;height:90px;margin-bottom: 5px;background-size: cover; \"><\/div>\n\t\t\t\t\t\t\t\t\t  <\/div>\n\t\t\t\t\t\t\t\t\t  \n\t\t\t\t\t\t\t\t   <span class=\"yuzo__text--title\" style=\"font-size:13px;\">Citro\u00ebn presenta al Vogue Fashion\u2019s Night Out la D...<\/span>\n\t\t\t\t\t\t\t  \n\t\t\t\t\t\t\t  \n\t\t\t\t\t\t\t  <\/a>\n\n\t\t\t\t\t\t  <\/div>\n\t\t\t\t\t\t  <div class=\"relatedthumb \" style=\"width:125px;float:left;overflow:hidden;\">  \n\t\t\t\t\t\t\t  \n\t\t\t\t\t\t\t  <a  href=\"https:\/\/vendiauto.com\/blog\/tutti-pazzi-per-le-auto-low-cost-2010\"  >\n\t\t\t\t\t\t\t\t\t  <div class=\"yuzo-img-wrap \" style=\"width: 125px;height:90px;\">\n\t\t\t\t\t\t\t\t\t\t\n\t\t\t\t\t\t\t\t\t\t<div class=\"yuzo-img\" style=\"background:url('https:\/\/vendiauto.com\/blog\/wp-content\/uploads\/2010\/11\/dacia-duster-150x150.jpg') 50% 50% no-repeat;width: 125px;height:90px;margin-bottom: 5px;background-size: cover; \"><\/div>\n\t\t\t\t\t\t\t\t\t  <\/div>\n\t\t\t\t\t\t\t\t\t  \n\t\t\t\t\t\t\t\t   <span class=\"yuzo__text--title\" style=\"font-size:13px;\">Tutti pazzi per le auto low-cost<\/span>\n\t\t\t\t\t\t\t  \n\t\t\t\t\t\t\t  \n\t\t\t\t\t\t\t  <\/a>\n\n\t\t\t\t\t\t  <\/div>\n\t\t\t\t\t\t  <div class=\"relatedthumb \" style=\"width:125px;float:left;overflow:hidden;\">  \n\t\t\t\t\t\t\t  \n\t\t\t\t\t\t\t  <a  href=\"https:\/\/vendiauto.com\/blog\/al-salone-di-parigi-la-nuova-audi-rs5-cabriolet-2012\"  >\n\t\t\t\t\t\t\t\t\t  <div class=\"yuzo-img-wrap \" style=\"width: 125px;height:90px;\">\n\t\t\t\t\t\t\t\t\t\t\n\t\t\t\t\t\t\t\t\t\t<div class=\"yuzo-img\" style=\"background:url('https:\/\/vendiauto.com\/blog\/wp-content\/uploads\/2012\/09\/audirs5cabrio_-_01audirs_692012_1-150x150.jpg') 50% 50% no-repeat;width: 125px;height:90px;margin-bottom: 5px;background-size: cover; \"><\/div>\n\t\t\t\t\t\t\t\t\t  <\/div>\n\t\t\t\t\t\t\t\t\t  \n\t\t\t\t\t\t\t\t   <span class=\"yuzo__text--title\" style=\"font-size:13px;\">Al Salone di Parigi la nuova Audi RS5 Cabriolet<\/span>\n\t\t\t\t\t\t\t  \n\t\t\t\t\t\t\t  \n\t\t\t\t\t\t\t  <\/a>\n\n\t\t\t\t\t\t  <\/div>\n\t\t\t\t\t\t  <div class=\"relatedthumb \" style=\"width:125px;float:left;overflow:hidden;\">  \n\t\t\t\t\t\t\t  \n\t\t\t\t\t\t\t  <a  href=\"https:\/\/vendiauto.com\/blog\/fotografata-su-strada-la-nuova-mazda-mx-5-2014\"  >\n\t\t\t\t\t\t\t\t\t  <div class=\"yuzo-img-wrap \" style=\"width: 125px;height:90px;\">\n\t\t\t\t\t\t\t\t\t\t\n\t\t\t\t\t\t\t\t\t\t<div class=\"yuzo-img\" style=\"background:url('https:\/\/vendiauto.com\/blog\/wp-content\/uploads\/2014\/08\/10600563_251636368293345_4412775849659960397_n1-150x150.jpg') 50% 50% no-repeat;width: 125px;height:90px;margin-bottom: 5px;background-size: cover; \"><\/div>\n\t\t\t\t\t\t\t\t\t  <\/div>\n\t\t\t\t\t\t\t\t\t  \n\t\t\t\t\t\t\t\t   <span class=\"yuzo__text--title\" style=\"font-size:13px;\">Fotografata su strada la nuova Mazda MX-5 2014!<\/span>\n\t\t\t\t\t\t\t  \n\t\t\t\t\t\t\t  \n\t\t\t\t\t\t\t  <\/a>\n\n\t\t\t\t\t\t  <\/div>\n<\/div> <script>\n\t\t\t\t\t\t  jQuery(document).ready(function( $ ){\n\t\t\t\t\t\t\t\/\/jQuery('.yuzo_related_post').equalizer({ overflow : 'relatedthumb' });\n\t\t\t\t\t\t\tjQuery('.yuzo_related_post .yuzo_wraps').equalizer({ columns : '> div' });\n\t\t\t\t\t\t   })\n\t\t\t\t\t\t  <\/script> <!-- End Yuzo :) -->","protected":false},"excerpt":{"rendered":"<p>Toyota ha diffuso il prezzo indicativo in Europa per la sua nuova coup\u00e8, la GT86, che sar\u00e0 venduta nel vecchio continente a 29.900 euro. Il prezzo \u00e8 cos\u00ec sotto la soglia psicologica di 30.000 euro. Potrebbe anche Interessarti Fiat Bravo 2013, la pi\u00f9 bella del reame Prima foto spia della nuova Audi A4 my2015 Ecco [&hellip;]<\/p>\n","protected":false},"author":3,"featured_media":0,"comment_status":"open","ping_status":"open","sticky":false,"template":"","format":"standard","meta":[],"categories":[2110],"tags":[137,598],"_links":{"self":[{"href":"https:\/\/vendiauto.com\/blog\/wp-json\/wp\/v2\/posts\/4596"}],"collection":[{"href":"https:\/\/vendiauto.com\/blog\/wp-json\/wp\/v2\/posts"}],"about":[{"href":"https:\/\/vendiauto.com\/blog\/wp-json\/wp\/v2\/types\/post"}],"author":[{"embeddable":true,"href":"https:\/\/vendiauto.com\/blog\/wp-json\/wp\/v2\/users\/3"}],"replies":[{"embeddable":true,"href":"https:\/\/vendiauto.com\/blog\/wp-json\/wp\/v2\/comments?post=4596"}],"version-history":[{"count":1,"href":"https:\/\/vendiauto.com\/blog\/wp-json\/wp\/v2\/posts\/4596\/revisions"}],"predecessor-version":[{"id":10078,"href":"https:\/\/vendiauto.com\/blog\/wp-json\/wp\/v2\/posts\/4596\/revisions\/10078"}],"wp:attachment":[{"href":"https:\/\/vendiauto.com\/blog\/wp-json\/wp\/v2\/media?parent=4596"}],"wp:term":[{"taxonomy":"category","embeddable":true,"href":"https:\/\/vendiauto.com\/blog\/wp-json\/wp\/v2\/categories?post=4596"},{"taxonomy":"post_tag","embeddable":true,"href":"https:\/\/vendiauto.com\/blog\/wp-json\/wp\/v2\/tags?post=4596"}],"curies":[{"name":"wp","href":"https:\/\/api.w.org\/{rel}","templated":true}]}}