{"id":4739,"date":"2012-03-22T10:30:56","date_gmt":"2012-03-22T09:30:56","guid":{"rendered":"http:\/\/www.vendiauto.com\/blog\/?p=4739"},"modified":"2016-09-14T14:52:52","modified_gmt":"2016-09-14T13:52:52","slug":"lexus-gs-450h-un-nuovo-linguaggio-stilistico-per-la-berlina-ibrida","status":"publish","type":"post","link":"https:\/\/vendiauto.com\/blog\/lexus-gs-450h-un-nuovo-linguaggio-stilistico-per-la-berlina-ibrida-2012","title":{"rendered":"Lexus Gs 450h: un nuovo linguaggio stilistico per la berlina ibrida"},"content":{"rendered":"\n<!-- Quick Adsense WordPress Plugin: http:\/\/quickadsense.com\/ -->\n<div style=\"float: none; margin:10px 0 10px 0; text-align:center;\">\n<!--leonative-->\r\n<!-- 5x1 -->\r\n<div id='div-gpt-ad-5x1-0' class='div-gpt-ad div-gpt-ad-inread'>\r\n<script type='text\/javascript'>\r\ngoogletag.cmd.push(function() { googletag.display('div-gpt-ad-5x1-0'); });\r\n<\/script>\r\n<\/div>\n<\/div>\n<p><img loading=\"lazy\" class=\"aligncenter  wp-image-4752\" style=\"border-image: initial; border-width: 1px; border-color: black; border-style: solid;\" title=\"lexus-al-via-la-produzione-della-nuova-lexus-gs\" src=\"http:\/\/www.vendiauto.com\/blog\/wp-content\/uploads\/2012\/03\/lexus-al-via-la-produzione-della-nuova-lexus-gs-450h-0000000616-lexus-gs-shot-f-sport450h.jpg\" alt=\"\" width=\"538\" height=\"335\" \/>Sviluppata con l\u2019obiettivo di far vivere, a chi guida, un\u2019esperienza unica la <strong>nuova Lexus Gs<\/strong> si presenta con importanti novit\u00e0 soprattutto per quel che riguarda gli interni. <!--more-->Piu&#8217; spazio interno e piu&#8217; versatilita&#8217; per gli occupanti; anche l&#8217;apertura delle portiere anteriori e posteriori \u00e8 stata studiata per garantire la massima comodit\u00e0 d&#8217;ingresso nell&#8217;abitacolo. I passeggeri posteriori beneficiano di nuovi sedili che presentano una nuova angolazione dello schienale e una nuova forma dei cuscini piu&#8217; confortevoli.<br \/>\nLa <strong>GS 450h<\/strong> \u00e8 la prima berlina premium con sistema full hybrid su una piattaforma con motore anteriore e trazione posteriore ad essere equipaggiata con motore termico V6 a ciclo Atkinson dotato di tecnologia a iniezione diretta D-4S. Con una potenza totale pari a 254 kW\/345 CV, la GS 450h consente un\u2019accelerazione 0-100 km\/h in 5,9 secondi, con una velocit\u00e0 massima di 250 km\/h. Di contro, i consumi sono stati ridotti del 23%, fino a 5,9 l\/100 km e le emissioni di CO2 diminuite fino a soli 137 g\/km.\u00a0Il lancio europeo \u00e8 previsto per la prossima estate.<\/p>\n\n<div style=\"font-size: 0px; height: 0px; line-height: 0px; margin: 0; padding: 0; clear: both;\"><\/div><!-- Begin Yuzo --><div class='yuzo_related_post style-1'  data-version='5.12.88'><!-- without result --><div class='yuzo_clearfixed yuzo__title yuzo__title'><h2>Potrebbe anche Interessarti <\/h2><\/div>\n\t\t\t\t\t\t  <div class=\"relatedthumb \" style=\"width:125px;float:left;overflow:hidden;\">  \n\t\t\t\t\t\t\t  \n\t\t\t\t\t\t\t  <a  href=\"https:\/\/vendiauto.com\/blog\/nuova-nissan-370z-gt-edition-2011\"  >\n\t\t\t\t\t\t\t\t\t  <div class=\"yuzo-img-wrap \" style=\"width: 125px;height:90px;\">\n\t\t\t\t\t\t\t\t\t\t\n\t\t\t\t\t\t\t\t\t\t<div class=\"yuzo-img\" style=\"background:url('https:\/\/vendiauto.com\/blog\/wp-content\/uploads\/2011\/03\/330560_7102_big_Nissan_370Z29-150x150.jpg') 50% 50% no-repeat;width: 125px;height:90px;margin-bottom: 5px;background-size: cover; \"><\/div>\n\t\t\t\t\t\t\t\t\t  <\/div>\n\t\t\t\t\t\t\t\t\t  \n\t\t\t\t\t\t\t\t   <span class=\"yuzo__text--title\" style=\"font-size:13px;\">Nuova Nissan 370Z GT Edition<\/span>\n\t\t\t\t\t\t\t  \n\t\t\t\t\t\t\t  \n\t\t\t\t\t\t\t  <\/a>\n\n\t\t\t\t\t\t  <\/div>\n\t\t\t\t\t\t  <div class=\"relatedthumb \" style=\"width:125px;float:left;overflow:hidden;\">  \n\t\t\t\t\t\t\t  \n\t\t\t\t\t\t\t  <a  href=\"https:\/\/vendiauto.com\/blog\/nuova-audi-a6-avant-2011\"  >\n\t\t\t\t\t\t\t\t\t  <div class=\"yuzo-img-wrap \" style=\"width: 125px;height:90px;\">\n\t\t\t\t\t\t\t\t\t\t\n\t\t\t\t\t\t\t\t\t\t<div class=\"yuzo-img\" style=\"background:url('https:\/\/vendiauto.com\/blog\/wp-content\/uploads\/2011\/05\/La-Nuova-Audi-A6-Avant_main_image_object-150x150.jpg') 50% 50% no-repeat;width: 125px;height:90px;margin-bottom: 5px;background-size: cover; \"><\/div>\n\t\t\t\t\t\t\t\t\t  <\/div>\n\t\t\t\t\t\t\t\t\t  \n\t\t\t\t\t\t\t\t   <span class=\"yuzo__text--title\" style=\"font-size:13px;\">Nuova Audi A6 Avant<\/span>\n\t\t\t\t\t\t\t  \n\t\t\t\t\t\t\t  \n\t\t\t\t\t\t\t  <\/a>\n\n\t\t\t\t\t\t  <\/div>\n\t\t\t\t\t\t  <div class=\"relatedthumb \" style=\"width:125px;float:left;overflow:hidden;\">  \n\t\t\t\t\t\t\t  \n\t\t\t\t\t\t\t  <a  href=\"https:\/\/vendiauto.com\/blog\/nuova-ford-ecosport-2013\"  >\n\t\t\t\t\t\t\t\t\t  <div class=\"yuzo-img-wrap \" style=\"width: 125px;height:90px;\">\n\t\t\t\t\t\t\t\t\t\t\n\t\t\t\t\t\t\t\t\t\t<div class=\"yuzo-img\" style=\"background:url('https:\/\/vendiauto.com\/blog\/wp-content\/uploads\/2013\/04\/nuova-ford-ecoSport-150x150.jpg') 50% 50% no-repeat;width: 125px;height:90px;margin-bottom: 5px;background-size: cover; \"><\/div>\n\t\t\t\t\t\t\t\t\t  <\/div>\n\t\t\t\t\t\t\t\t\t  \n\t\t\t\t\t\t\t\t   <span class=\"yuzo__text--title\" style=\"font-size:13px;\">Nuova Ford EcoSport<\/span>\n\t\t\t\t\t\t\t  \n\t\t\t\t\t\t\t  \n\t\t\t\t\t\t\t  <\/a>\n\n\t\t\t\t\t\t  <\/div>\n\t\t\t\t\t\t  <div class=\"relatedthumb \" style=\"width:125px;float:left;overflow:hidden;\">  \n\t\t\t\t\t\t\t  \n\t\t\t\t\t\t\t  <a  href=\"https:\/\/vendiauto.com\/blog\/volvo-presenta-la-nuova-tecnologia-salva-ciclisti-2013\"  >\n\t\t\t\t\t\t\t\t\t  <div class=\"yuzo-img-wrap \" style=\"width: 125px;height:90px;\">\n\t\t\t\t\t\t\t\t\t\t\n\t\t\t\t\t\t\t\t\t\t<div class=\"yuzo-img\" style=\"background:url('https:\/\/vendiauto.com\/blog\/wp-content\/uploads\/2013\/03\/volvo-presenta-a-ginevra-la-tecnologia-cyclist-detection-150x150.jpg') 50% 50% no-repeat;width: 125px;height:90px;margin-bottom: 5px;background-size: cover; \"><\/div>\n\t\t\t\t\t\t\t\t\t  <\/div>\n\t\t\t\t\t\t\t\t\t  \n\t\t\t\t\t\t\t\t   <span class=\"yuzo__text--title\" style=\"font-size:13px;\">Volvo presenta la nuova tecnologia salva ciclisti<\/span>\n\t\t\t\t\t\t\t  \n\t\t\t\t\t\t\t  \n\t\t\t\t\t\t\t  <\/a>\n\n\t\t\t\t\t\t  <\/div>\n<\/div> <script>\n\t\t\t\t\t\t  jQuery(document).ready(function( $ ){\n\t\t\t\t\t\t\t\/\/jQuery('.yuzo_related_post').equalizer({ overflow : 'relatedthumb' });\n\t\t\t\t\t\t\tjQuery('.yuzo_related_post .yuzo_wraps').equalizer({ columns : '> div' });\n\t\t\t\t\t\t   })\n\t\t\t\t\t\t  <\/script> <!-- End Yuzo :) -->","protected":false},"excerpt":{"rendered":"<p>Sviluppata con l\u2019obiettivo di far vivere, a chi guida, un\u2019esperienza unica la nuova Lexus Gs si presenta con importanti novit\u00e0 soprattutto per quel che riguarda gli interni. Potrebbe anche Interessarti Outlander PHEV in anteprima al Motor Show di Parig&#8230; Honda Civic, qualit\u00e0 superiore Nuova Fiat 500L: pi\u00f9 spazio e pi\u00f9 comfort! Minore velocit\u00e0 vuol dire [&hellip;]<\/p>\n","protected":false},"author":4,"featured_media":0,"comment_status":"open","ping_status":"open","sticky":false,"template":"","format":"standard","meta":[],"categories":[2110],"tags":[138,978,977,979],"_links":{"self":[{"href":"https:\/\/vendiauto.com\/blog\/wp-json\/wp\/v2\/posts\/4739"}],"collection":[{"href":"https:\/\/vendiauto.com\/blog\/wp-json\/wp\/v2\/posts"}],"about":[{"href":"https:\/\/vendiauto.com\/blog\/wp-json\/wp\/v2\/types\/post"}],"author":[{"embeddable":true,"href":"https:\/\/vendiauto.com\/blog\/wp-json\/wp\/v2\/users\/4"}],"replies":[{"embeddable":true,"href":"https:\/\/vendiauto.com\/blog\/wp-json\/wp\/v2\/comments?post=4739"}],"version-history":[{"count":1,"href":"https:\/\/vendiauto.com\/blog\/wp-json\/wp\/v2\/posts\/4739\/revisions"}],"predecessor-version":[{"id":12482,"href":"https:\/\/vendiauto.com\/blog\/wp-json\/wp\/v2\/posts\/4739\/revisions\/12482"}],"wp:attachment":[{"href":"https:\/\/vendiauto.com\/blog\/wp-json\/wp\/v2\/media?parent=4739"}],"wp:term":[{"taxonomy":"category","embeddable":true,"href":"https:\/\/vendiauto.com\/blog\/wp-json\/wp\/v2\/categories?post=4739"},{"taxonomy":"post_tag","embeddable":true,"href":"https:\/\/vendiauto.com\/blog\/wp-json\/wp\/v2\/tags?post=4739"}],"curies":[{"name":"wp","href":"https:\/\/api.w.org\/{rel}","templated":true}]}}