{"id":4973,"date":"2012-03-31T07:49:56","date_gmt":"2012-03-31T06:49:56","guid":{"rendered":"http:\/\/www.vendiauto.com\/blog\/?p=4973"},"modified":"2016-09-14T14:52:45","modified_gmt":"2016-09-14T13:52:45","slug":"nuova-mercedes-classe-a-model-year-2012","status":"publish","type":"post","link":"https:\/\/vendiauto.com\/blog\/nuova-mercedes-classe-a-model-year-2012-2012","title":{"rendered":"Nuova Mercedes Classe A Model Year 2012"},"content":{"rendered":"\n<!-- Quick Adsense WordPress Plugin: http:\/\/quickadsense.com\/ -->\n<div style=\"float: none; margin:10px 0 10px 0; text-align:center;\">\n<!--leonative-->\r\n<!-- 5x1 -->\r\n<div id='div-gpt-ad-5x1-0' class='div-gpt-ad div-gpt-ad-inread'>\r\n<script type='text\/javascript'>\r\ngoogletag.cmd.push(function() { googletag.display('div-gpt-ad-5x1-0'); });\r\n<\/script>\r\n<\/div>\n<\/div>\n<p><img loading=\"lazy\" class=\"alignnone  wp-image-4974\" style=\"border: 1px solid black;\" title=\"Nuova Classe A 2012\" src=\"http:\/\/www.vendiauto.com\/blog\/wp-content\/uploads\/2012\/03\/frontale-classe-A.jpg\" alt=\"\" width=\"527\" height=\"351\" srcset=\"https:\/\/vendiauto.com\/blog\/wp-content\/uploads\/2012\/03\/frontale-classe-A.jpg 586w, https:\/\/vendiauto.com\/blog\/wp-content\/uploads\/2012\/03\/frontale-classe-A-300x199.jpg 300w\" sizes=\"(max-width: 527px) 100vw, 527px\" \/><\/p>\n<p>Una delle regine incontrastate del recente Salone di Ginevra conclusosi circa una settimana fa \u00e8 stata la nuovissima Mercedes Classe A. La rinnovata \u201cpiccola\u201d della stella a tre punte ha raccolto ampi consensi da parte dei numerosissimi visitatori del salone svizzero che hanno reso il padiglione Mercedes uno dei pi\u00f9 visitati dell\u2019intera kermesse.<\/p>\n<p><!--more-->Dunque la nuova Classe A non ha deluso le aspettative: con un <strong>design completamente rinnovato<\/strong> e a tratti futuristico ha conquistato sia il grande pubblico che gli addetti ai lavori. La Classe A di terza generazione ha tagliato di netto i ponti con il passato: ha abbandonato la formula della piccola monovolume premium per sposare quella della <strong>due volumi sportiva di segmento C<\/strong>, ovviamente sempre premium. Ora la linea \u00e8 diventata pi\u00f9 dinamica ed aggressiva, le proporzioni pi\u00f9 atletiche e la caratterizzazione pi\u00f9 giovanile. Dieter Zetsche, gran capo della Mercedes, ha cos\u00ec presentato la nuova nata della stella: \u201c<em>la nuova W176 (codice interno della nuova Classe A) \u00e8 nata da un foglio bianco ed \u00e8 stata sviluppata in un modo inedito dalla Mercedes. I designer hanno tenuto conto dei feedback che il pubblico ha dato riguardo alla concept ed il modello che andr\u00e0 in produzione \u00e8 stato sviluppato seguendo queste linee guida ed assecondando in parte le opinioni raccolte dal pubblico. La nuova Classe A rappresenter\u00e0 quanto di pi\u00f9 sportivo e giovanile si possa immaginare sul mercato premium. Questa vettura racchiuder\u00e0 il dinamismo dell\u2019attuale corso stilistico e tecnico Mercedes e rappresenter\u00e0 l\u2019auto della svolta<\/em>\u201d.<\/p>\n<p>Facile immaginare quindi come la nuova Classe A rappresenti per Mercedes il prodotto pi\u00f9 coraggioso da tanti anni a questa parte capace anche di rivoluzionare un\u2019idea di per se gi\u00e0 vincente. Il passaggio da una forma da piccola monovolume ad una di sportiva a due volumi \u00e8 evidenziato anche dalle <strong>dimensioni<\/strong>: la nuova Classe A misura 4,29 metri in lunghezza, 1,78 in larghezza e 1,43 in altezza, risultando cos\u00ec ben 18 centimetri pi\u00f9 bassa rispetto al modello che va a sostituire. Misure che sono anche molto vicine a quelle delle dirette rivali sul mercato e cio\u00e8 Bmw Serie 1 e Audi A3. La nuova forma ha contribuito a migliorare anche la penetrazione aerodinamica, il cui coefficiente si attesta ora sull\u2019ottimo valore di 0,26. Estetica rinnovata a parte, la nuova Classe A riassume i suoi tanti aspetti interessanti in tre concetti chiave: agilit\u00e0, sicurezza e connettivit\u00e0. <strong>Agilit\u00e0<\/strong> perch\u00e9 la nuova Classe A stando alle intenzioni della Mercedes dovr\u00e0 essere una compatta sportiva piacevole da guidare (la Bmw Serie 1 \u00e8 avvisata!) e con una seduta da vera sportiva, quasi infossata e col volante verticale: praticamente tutto il contrario delle due serie precedenti. <strong>Sicurezza<\/strong> perch\u00e9 grande attenzione \u00e8 stata posta nel raggiungere elevati standard di protezione grazie ad una serie di sistemi innovativi come il Collision Prevention Assist ossia un radar anticollisione che segnala visivamente ed acusticamente il rischio di un tamponamento e attiva celermente il Brake Assist per garantire immediatamente la massima forza frenante in situazioni di emergenza. La nuova Classe A potr\u00e0 contare anche su altri accessori per la sicurezza quali l\u2019Attention Assist, utile a valutare lo stato di attenzione del guidatore, l\u2019Hill Holder per aiutare il guidatore nelle partenze in salita, lo Speed Limit Assist ed il Park Assist utile nelle anguste manovre di parcheggio. <strong>Connettivit\u00e0<\/strong> perch\u00e9 la nuova Classe A strizzer\u00e0 l\u2019occhio ai giovani proponendo soluzioni di connettivit\u00e0 studiate per interagire con i pi\u00f9 recenti smartphone e social network. Il nuovo sistema Digital Drive Style App permetter\u00e0 infatti ai possessori di iPhone di gestire il telefono utilizzando il pomello di controllo del navigatore. Inoltre lo schermo del sistema multimediale Comand On Line fluttua sulla plancia come se fosse un tablet di ultima generazione, donando all\u2019insieme un effetto molto scenografico.<\/p>\n<p>Dal punto di vista motoristico la nuova Classe A potr\u00e0 contare su <strong>due motori a benzina e due a gasolio<\/strong>, entrambi disponibili con diversi livelli di potenza. Sul fronte benzina si potr\u00e0 optare per un 1.6 da 122cv per la A180 e 156cv per la A200 oppure per un 2.0 da 211cv per la A250. Da notare che il motore 1.6 porter\u00e0 al debutto la tecnologia Camtronic, capace di regolare l\u2019alzata delle valvole di aspirazione regolando di continuo la loro posizione per ottimizzare al meglio prestazioni e consumi. Sul fronte diesel si potr\u00e0 scegliere tra un 1.8 da 109cv per la A180cdi e 136cv per la A200cdi, oppure per il 2.2 da 170cv per la A220cdi. A tutte le motorizzazioni potranno essere abbinati un cambio manuale a sei rapporti oppure un cambio automatico a sette rapporti denominato <strong>7G-DCT<\/strong>. Sulla nuova Classe A la trazione sar\u00e0 sempre sulle ruote anteriori, ma in futuro non si esclude la possibilit\u00e0 di avere anche sulla piccola di casa la trazione integrale <strong>4Matic<\/strong>. La nuovissima Classe A si prepara dunque ad entrare sul mercato e a rendere la vita pi\u00f9 difficile a Bmw Serie 1 e Audi A3. Se la nuova \u201cpiccola\u201d di casa Mercedes vi ha conquistato con il suo nuovo disegno e le sue novit\u00e0 tecniche potrete ordinarla dal prossimo mese di settembre in tutte le concessionarie della stella a tre punte.<\/p>\n\n<div style=\"font-size: 0px; height: 0px; line-height: 0px; margin: 0; padding: 0; clear: both;\"><\/div><!-- Begin Yuzo --><div class='yuzo_related_post style-1'  data-version='5.12.88'><!-- without result --><div class='yuzo_clearfixed yuzo__title yuzo__title'><h2>Potrebbe anche Interessarti <\/h2><\/div>\n\t\t\t\t\t\t  <div class=\"relatedthumb \" style=\"width:125px;float:left;overflow:hidden;\">  \n\t\t\t\t\t\t\t  \n\t\t\t\t\t\t\t  <a  href=\"https:\/\/vendiauto.com\/blog\/bmw-un-video-anticipa-la-novita-di-domani-4-agosto-2014-2014\"  >\n\t\t\t\t\t\t\t\t\t  <div class=\"yuzo-img-wrap \" style=\"width: 125px;height:90px;\">\n\t\t\t\t\t\t\t\t\t\t\n\t\t\t\t\t\t\t\t\t\t<div class=\"yuzo-img\" style=\"background:url('https:\/\/vendiauto.com\/blog\/wp-content\/uploads\/2014\/08\/M0852_07-150x150.jpg') 50% 50% no-repeat;width: 125px;height:90px;margin-bottom: 5px;background-size: cover; \"><\/div>\n\t\t\t\t\t\t\t\t\t  <\/div>\n\t\t\t\t\t\t\t\t\t  \n\t\t\t\t\t\t\t\t   <span class=\"yuzo__text--title\" style=\"font-size:13px;\">Bmw: un video anticipa una novit\u00e0 di domani 4 agos...<\/span>\n\t\t\t\t\t\t\t  \n\t\t\t\t\t\t\t  \n\t\t\t\t\t\t\t  <\/a>\n\n\t\t\t\t\t\t  <\/div>\n\t\t\t\t\t\t  <div class=\"relatedthumb \" style=\"width:125px;float:left;overflow:hidden;\">  \n\t\t\t\t\t\t\t  \n\t\t\t\t\t\t\t  <a  href=\"https:\/\/vendiauto.com\/blog\/in-arrivo-la-peugeot-208-gti-2012\"  >\n\t\t\t\t\t\t\t\t\t  <div class=\"yuzo-img-wrap \" style=\"width: 125px;height:90px;\">\n\t\t\t\t\t\t\t\t\t\t\n\t\t\t\t\t\t\t\t\t\t<div class=\"yuzo-img\" style=\"background:url('https:\/\/vendiauto.com\/blog\/wp-content\/uploads\/2012\/08\/peugeot-208-gti-xy-concept-35-150x150.jpg') 50% 50% no-repeat;width: 125px;height:90px;margin-bottom: 5px;background-size: cover; \"><\/div>\n\t\t\t\t\t\t\t\t\t  <\/div>\n\t\t\t\t\t\t\t\t\t  \n\t\t\t\t\t\t\t\t   <span class=\"yuzo__text--title\" style=\"font-size:13px;\">In arrivo la Peugeot 208 GTI<\/span>\n\t\t\t\t\t\t\t  \n\t\t\t\t\t\t\t  \n\t\t\t\t\t\t\t  <\/a>\n\n\t\t\t\t\t\t  <\/div>\n\t\t\t\t\t\t  <div class=\"relatedthumb \" style=\"width:125px;float:left;overflow:hidden;\">  \n\t\t\t\t\t\t\t  \n\t\t\t\t\t\t\t  <a  href=\"https:\/\/vendiauto.com\/blog\/spot-panda-speranza-e-orgoglio-nazionale-2012\"  >\n\t\t\t\t\t\t\t\t\t  <div class=\"yuzo-img-wrap \" style=\"width: 125px;height:90px;\">\n\t\t\t\t\t\t\t\t\t\t\n\t\t\t\t\t\t\t\t\t\t<div class=\"yuzo-img\" style=\"background:url('https:\/\/vendiauto.com\/blog\/wp-content\/plugins\/yuzo-related-post\/assets\/images\/default.png') 50% 50% no-repeat;width: 125px;height:90px;margin-bottom: 5px;background-size: cover; \"><\/div>\n\t\t\t\t\t\t\t\t\t  <\/div>\n\t\t\t\t\t\t\t\t\t  \n\t\t\t\t\t\t\t\t   <span class=\"yuzo__text--title\" style=\"font-size:13px;\">Spot panda: speranza e orgoglio nazionale<\/span>\n\t\t\t\t\t\t\t  \n\t\t\t\t\t\t\t  \n\t\t\t\t\t\t\t  <\/a>\n\n\t\t\t\t\t\t  <\/div>\n\t\t\t\t\t\t  <div class=\"relatedthumb \" style=\"width:125px;float:left;overflow:hidden;\">  \n\t\t\t\t\t\t\t  \n\t\t\t\t\t\t\t  <a  href=\"https:\/\/vendiauto.com\/blog\/ats-la-storia-riparte-con-la-sport-1000-2013\"  >\n\t\t\t\t\t\t\t\t\t  <div class=\"yuzo-img-wrap \" style=\"width: 125px;height:90px;\">\n\t\t\t\t\t\t\t\t\t\t\n\t\t\t\t\t\t\t\t\t\t<div class=\"yuzo-img\" style=\"background:url('https:\/\/vendiauto.com\/blog\/wp-content\/uploads\/2013\/06\/S7-L-ATS-Sport-1000-a-un-prix-87404-150x150.jpg') 50% 50% no-repeat;width: 125px;height:90px;margin-bottom: 5px;background-size: cover; \"><\/div>\n\t\t\t\t\t\t\t\t\t  <\/div>\n\t\t\t\t\t\t\t\t\t  \n\t\t\t\t\t\t\t\t   <span class=\"yuzo__text--title\" style=\"font-size:13px;\">ATS: la storia riparte con la Sport 1000!<\/span>\n\t\t\t\t\t\t\t  \n\t\t\t\t\t\t\t  \n\t\t\t\t\t\t\t  <\/a>\n\n\t\t\t\t\t\t  <\/div>\n<\/div> <script>\n\t\t\t\t\t\t  jQuery(document).ready(function( $ ){\n\t\t\t\t\t\t\t\/\/jQuery('.yuzo_related_post').equalizer({ overflow : 'relatedthumb' });\n\t\t\t\t\t\t\tjQuery('.yuzo_related_post .yuzo_wraps').equalizer({ columns : '> div' });\n\t\t\t\t\t\t   })\n\t\t\t\t\t\t  <\/script> <!-- End Yuzo :) -->","protected":false},"excerpt":{"rendered":"<p>Una delle regine incontrastate del recente Salone di Ginevra conclusosi circa una settimana fa \u00e8 stata la nuovissima Mercedes Classe A. La rinnovata \u201cpiccola\u201d della stella a tre punte ha raccolto ampi consensi da parte dei numerosissimi visitatori del salone svizzero che hanno reso il padiglione Mercedes uno dei pi\u00f9 visitati dell\u2019intera kermesse. Potrebbe anche [&hellip;]<\/p>\n","protected":false},"author":3,"featured_media":0,"comment_status":"open","ping_status":"open","sticky":false,"template":"","format":"standard","meta":[],"categories":[2110],"tags":[438,1031,470],"_links":{"self":[{"href":"https:\/\/vendiauto.com\/blog\/wp-json\/wp\/v2\/posts\/4973"}],"collection":[{"href":"https:\/\/vendiauto.com\/blog\/wp-json\/wp\/v2\/posts"}],"about":[{"href":"https:\/\/vendiauto.com\/blog\/wp-json\/wp\/v2\/types\/post"}],"author":[{"embeddable":true,"href":"https:\/\/vendiauto.com\/blog\/wp-json\/wp\/v2\/users\/3"}],"replies":[{"embeddable":true,"href":"https:\/\/vendiauto.com\/blog\/wp-json\/wp\/v2\/comments?post=4973"}],"version-history":[{"count":1,"href":"https:\/\/vendiauto.com\/blog\/wp-json\/wp\/v2\/posts\/4973\/revisions"}],"predecessor-version":[{"id":12479,"href":"https:\/\/vendiauto.com\/blog\/wp-json\/wp\/v2\/posts\/4973\/revisions\/12479"}],"wp:attachment":[{"href":"https:\/\/vendiauto.com\/blog\/wp-json\/wp\/v2\/media?parent=4973"}],"wp:term":[{"taxonomy":"category","embeddable":true,"href":"https:\/\/vendiauto.com\/blog\/wp-json\/wp\/v2\/categories?post=4973"},{"taxonomy":"post_tag","embeddable":true,"href":"https:\/\/vendiauto.com\/blog\/wp-json\/wp\/v2\/tags?post=4973"}],"curies":[{"name":"wp","href":"https:\/\/api.w.org\/{rel}","templated":true}]}}