{"id":5329,"date":"2012-04-23T10:39:07","date_gmt":"2012-04-23T09:39:07","guid":{"rendered":"http:\/\/www.vendiauto.com\/blog\/?p=5329"},"modified":"2016-09-14T11:46:28","modified_gmt":"2016-09-14T10:46:28","slug":"miss-range-rover-evoque-eletta-womens-world-car-2012","status":"publish","type":"post","link":"https:\/\/vendiauto.com\/blog\/miss-range-rover-evoque-eletta-womens-world-car-2012-2012","title":{"rendered":"MISS Range Rover Evoque eletta WOMEN\u2019S WORLD CAR 2012"},"content":{"rendered":"\n<!-- Quick Adsense WordPress Plugin: http:\/\/quickadsense.com\/ -->\n<div style=\"float: none; margin:10px 0 10px 0; text-align:center;\">\n<!--leonative-->\r\n<!-- 5x1 -->\r\n<div id='div-gpt-ad-5x1-0' class='div-gpt-ad div-gpt-ad-inread'>\r\n<script type='text\/javascript'>\r\ngoogletag.cmd.push(function() { googletag.display('div-gpt-ad-5x1-0'); });\r\n<\/script>\r\n<\/div>\n<\/div>\n<p style=\"text-align: center;\"><img loading=\"lazy\" class=\"aligncenter  wp-image-5349\" style=\"border-image: initial; border-width: 1px; border-color: black; border-style: solid;\" title=\"range-rover-evoque\" src=\"http:\/\/www.vendiauto.com\/blog\/wp-content\/uploads\/2012\/04\/range-rover-evoque.jpg\" alt=\"\" width=\"530\" height=\"303\" \/><\/p>\n<p>La <strong>Range Rover Evoque<\/strong>, oltre ad essersi guadagnata il podio nella classifica della categoria Auto di lusso,<strong> <\/strong>ha conquistato il titolo assoluto di<strong> <\/strong><em>Women\u2019s World Car of the Year 2012.<\/em>\u00a0<!--more--><strong><\/strong><\/p>\n<p>In questa competizione, che aveva una giuria formata da 17 giornaliste del settore automotive da tutto il mondo, ogni auto in gara \u00e8 stata valutata in base agli aspetti essenziali alla base del processo d&#8217;acquisto del pubblico femminile: la sicurezza, la capacit\u00e0 di carico, la praticit\u00e0 nel trasporto di bambini, la salvaguardia dell\u2019ambiente, il rapporto qualit\u00e0\/prezzo, oltre che \u00a0il design e l\u2019estetica.<\/p>\n<p>Ecco cosa ha dichiarato John Edwards, Global Brand Director di Land Rover, durante un&#8217;intervista:<br \/>\n<em>\u201cIl titolo di Women\u2019s World Car of the Year rispecchia ulteriormente la portata dell\u2019affermazione Evoque in tutti i mercati. In tutto il mondo il pubblico femminile costituisce una categoria a s\u00e9 stante, con caratteristiche ed esigenze cos\u00ec specifiche che per ogni costruttore \u00e8 vitale assicurarsi la loro preferenza e soddisfazione.<\/em><\/p>\n<p><em>\u201cIn quanto veicolo interamente progettato e realizzato in Gran Bretagna, la Range Rover Evoque continua a dimostrare la classe mondiale del suo fascino. Siamo veramente lieti di constatare come, oltre ai 111 premi attribuiti per il design, le prestazioni, e la progettazione, l&#8217;Evoque abbia conseguito anche eccellenti risultati di vendita in tutto il mondo.\u201d<\/em><\/p>\n\n<div style=\"font-size: 0px; height: 0px; line-height: 0px; margin: 0; padding: 0; clear: both;\"><\/div><!-- Begin Yuzo --><div class='yuzo_related_post style-1'  data-version='5.12.88'><!-- without result --><div class='yuzo_clearfixed yuzo__title yuzo__title'><h2>Potrebbe anche Interessarti <\/h2><\/div>\n\t\t\t\t\t\t  <div class=\"relatedthumb \" style=\"width:125px;float:left;overflow:hidden;\">  \n\t\t\t\t\t\t\t  \n\t\t\t\t\t\t\t  <a  href=\"https:\/\/vendiauto.com\/blog\/la-gregis-automobili-entra-nel-settore-delle-auto-di-nicchia-2014\"  >\n\t\t\t\t\t\t\t\t\t  <div class=\"yuzo-img-wrap \" style=\"width: 125px;height:90px;\">\n\t\t\t\t\t\t\t\t\t\t\n\t\t\t\t\t\t\t\t\t\t<div class=\"yuzo-img\" style=\"background:url('https:\/\/vendiauto.com\/blog\/wp-content\/uploads\/2014\/12\/1456670_1662212027338561_5680346783306104410_n-150x150.jpg') 50% 50% no-repeat;width: 125px;height:90px;margin-bottom: 5px;background-size: cover; \"><\/div>\n\t\t\t\t\t\t\t\t\t  <\/div>\n\t\t\t\t\t\t\t\t\t  \n\t\t\t\t\t\t\t\t   <span class=\"yuzo__text--title\" style=\"font-size:13px;\">La Gregis Automobili entra nel settore delle auto ...<\/span>\n\t\t\t\t\t\t\t  \n\t\t\t\t\t\t\t  \n\t\t\t\t\t\t\t  <\/a>\n\n\t\t\t\t\t\t  <\/div>\n\t\t\t\t\t\t  <div class=\"relatedthumb \" style=\"width:125px;float:left;overflow:hidden;\">  \n\t\t\t\t\t\t\t  \n\t\t\t\t\t\t\t  <a  href=\"https:\/\/vendiauto.com\/blog\/svelata-a-parigi-la-nuova-mclaren-p1-2012\"  >\n\t\t\t\t\t\t\t\t\t  <div class=\"yuzo-img-wrap \" style=\"width: 125px;height:90px;\">\n\t\t\t\t\t\t\t\t\t\t\n\t\t\t\t\t\t\t\t\t\t<div class=\"yuzo-img\" style=\"background:url('https:\/\/vendiauto.com\/blog\/wp-content\/uploads\/2012\/09\/p1dietro-150x150.jpg') 50% 50% no-repeat;width: 125px;height:90px;margin-bottom: 5px;background-size: cover; \"><\/div>\n\t\t\t\t\t\t\t\t\t  <\/div>\n\t\t\t\t\t\t\t\t\t  \n\t\t\t\t\t\t\t\t   <span class=\"yuzo__text--title\" style=\"font-size:13px;\">Svelata a Parigi la nuova McLaren P1<\/span>\n\t\t\t\t\t\t\t  \n\t\t\t\t\t\t\t  \n\t\t\t\t\t\t\t  <\/a>\n\n\t\t\t\t\t\t  <\/div>\n\t\t\t\t\t\t  <div class=\"relatedthumb \" style=\"width:125px;float:left;overflow:hidden;\">  \n\t\t\t\t\t\t\t  \n\t\t\t\t\t\t\t  <a  href=\"https:\/\/vendiauto.com\/blog\/porsche-911-speedster-2010\"  >\n\t\t\t\t\t\t\t\t\t  <div class=\"yuzo-img-wrap \" style=\"width: 125px;height:90px;\">\n\t\t\t\t\t\t\t\t\t\t\n\t\t\t\t\t\t\t\t\t\t<div class=\"yuzo-img\" style=\"background:url('https:\/\/vendiauto.com\/blog\/wp-content\/uploads\/2010\/11\/Porsche-911-Speedster-150x150.jpg') 50% 50% no-repeat;width: 125px;height:90px;margin-bottom: 5px;background-size: cover; \"><\/div>\n\t\t\t\t\t\t\t\t\t  <\/div>\n\t\t\t\t\t\t\t\t\t  \n\t\t\t\t\t\t\t\t   <span class=\"yuzo__text--title\" style=\"font-size:13px;\">Porsche 911 speedster<\/span>\n\t\t\t\t\t\t\t  \n\t\t\t\t\t\t\t  \n\t\t\t\t\t\t\t  <\/a>\n\n\t\t\t\t\t\t  <\/div>\n\t\t\t\t\t\t  <div class=\"relatedthumb \" style=\"width:125px;float:left;overflow:hidden;\">  \n\t\t\t\t\t\t\t  \n\t\t\t\t\t\t\t  <a  href=\"https:\/\/vendiauto.com\/blog\/michael-schumacher-fuori-dal-coma-2014\"  >\n\t\t\t\t\t\t\t\t\t  <div class=\"yuzo-img-wrap \" style=\"width: 125px;height:90px;\">\n\t\t\t\t\t\t\t\t\t\t\n\t\t\t\t\t\t\t\t\t\t<div class=\"yuzo-img\" style=\"background:url('https:\/\/vendiauto.com\/blog\/wp-content\/uploads\/2014\/06\/michael-schumacher-150x150.jpg') 50% 50% no-repeat;width: 125px;height:90px;margin-bottom: 5px;background-size: cover; \"><\/div>\n\t\t\t\t\t\t\t\t\t  <\/div>\n\t\t\t\t\t\t\t\t\t  \n\t\t\t\t\t\t\t\t   <span class=\"yuzo__text--title\" style=\"font-size:13px;\">Michael Schumacher: profilo di un campione\u2026a...<\/span>\n\t\t\t\t\t\t\t  \n\t\t\t\t\t\t\t  \n\t\t\t\t\t\t\t  <\/a>\n\n\t\t\t\t\t\t  <\/div>\n<\/div> <script>\n\t\t\t\t\t\t  jQuery(document).ready(function( $ ){\n\t\t\t\t\t\t\t\/\/jQuery('.yuzo_related_post').equalizer({ overflow : 'relatedthumb' });\n\t\t\t\t\t\t\tjQuery('.yuzo_related_post .yuzo_wraps').equalizer({ columns : '> div' });\n\t\t\t\t\t\t   })\n\t\t\t\t\t\t  <\/script> <!-- End Yuzo :) -->","protected":false},"excerpt":{"rendered":"<p>La Range Rover Evoque, oltre ad essersi guadagnata il podio nella classifica della categoria Auto di lusso, ha conquistato il titolo assoluto di Women\u2019s World Car of the Year 2012.\u00a0 Potrebbe anche Interessarti Nuova Porsche Boxster MY2012 Mazda Mx-5: prodotto l\u2019esemplare numero 900&#8230;. Iniziata la produzione della McLaren P1! Nuova Renault Clio: svelato il listino [&hellip;]<\/p>\n","protected":false},"author":2,"featured_media":0,"comment_status":"open","ping_status":"open","sticky":false,"template":"","format":"standard","meta":[],"categories":[2110],"tags":[437],"_links":{"self":[{"href":"https:\/\/vendiauto.com\/blog\/wp-json\/wp\/v2\/posts\/5329"}],"collection":[{"href":"https:\/\/vendiauto.com\/blog\/wp-json\/wp\/v2\/posts"}],"about":[{"href":"https:\/\/vendiauto.com\/blog\/wp-json\/wp\/v2\/types\/post"}],"author":[{"embeddable":true,"href":"https:\/\/vendiauto.com\/blog\/wp-json\/wp\/v2\/users\/2"}],"replies":[{"embeddable":true,"href":"https:\/\/vendiauto.com\/blog\/wp-json\/wp\/v2\/comments?post=5329"}],"version-history":[{"count":1,"href":"https:\/\/vendiauto.com\/blog\/wp-json\/wp\/v2\/posts\/5329\/revisions"}],"predecessor-version":[{"id":12203,"href":"https:\/\/vendiauto.com\/blog\/wp-json\/wp\/v2\/posts\/5329\/revisions\/12203"}],"wp:attachment":[{"href":"https:\/\/vendiauto.com\/blog\/wp-json\/wp\/v2\/media?parent=5329"}],"wp:term":[{"taxonomy":"category","embeddable":true,"href":"https:\/\/vendiauto.com\/blog\/wp-json\/wp\/v2\/categories?post=5329"},{"taxonomy":"post_tag","embeddable":true,"href":"https:\/\/vendiauto.com\/blog\/wp-json\/wp\/v2\/tags?post=5329"}],"curies":[{"name":"wp","href":"https:\/\/api.w.org\/{rel}","templated":true}]}}