{"id":5461,"date":"2012-05-03T10:23:48","date_gmt":"2012-05-03T09:23:48","guid":{"rendered":"http:\/\/www.vendiauto.com\/blog\/?p=5461"},"modified":"2016-09-14T15:39:58","modified_gmt":"2016-09-14T14:39:58","slug":"make-it-your-race-2012-chiuse-le-selezioni-del-talent-show-dellabarth","status":"publish","type":"post","link":"https:\/\/vendiauto.com\/blog\/make-it-your-race-2012-chiuse-le-selezioni-del-talent-show-dellabarth-2012","title":{"rendered":"\u201cMake it your race 2012\u201d: chiuse le selezioni del talent show dell&#8217;Abarth"},"content":{"rendered":"\n<!-- Quick Adsense WordPress Plugin: http:\/\/quickadsense.com\/ -->\n<div style=\"float: none; margin:10px 0 10px 0; text-align:center;\">\n<!--leonative-->\r\n<!-- 5x1 -->\r\n<div id='div-gpt-ad-5x1-0' class='div-gpt-ad div-gpt-ad-inread'>\r\n<script type='text\/javascript'>\r\ngoogletag.cmd.push(function() { googletag.display('div-gpt-ad-5x1-0'); });\r\n<\/script>\r\n<\/div>\n<\/div>\n<p style=\"text-align: justify;\">Saranno 105 i partecipanti alla seconda fase del\u00a0\u00a0talent show\u00a0internazionale per aspiranti piloti organizzato da Abarth. Alla prima fase hanno aderito\u00a0oltre 20 mila aspiranti piloti (1.500 donne), tutti ragazzi e ragazze di et\u00e0 compresa tra i 18 e i 40 anni. <!--more-->Il secondo step delle selezioni si svolger\u00e0\u00a0a Varano l&#8217;8-9-10 maggio con il Corso di guida Advanced presso la Abarth Driving Academy.\u00a0A valutare, assistere e fare da coach agli aspiranti piloti saranno driver affermati come l&#8217;italiano Arturo Merzario, ex pilota della Ferrari in Formula Uno, Vanina Ickx (figlia del grande Jackie Ickx e pilota a sua volta) per Belgio-Lussemburgo, lo svizzero Yoshiki Ohmura, pilota di Formula Abarth, la campionessa inglese di kart Tiffany Chittenden, e il pilota tedesco Christian Menzel. Dopo le selezioni di Varano i 24 migliori accederanno a un Camp dove vivranno tutti insieme per una settimana l&#8217;esperienza del team e metteranno alla prova le loro capacit\u00e0: concentrazione, riflessi, coraggio, ma anche sicurezza e senso di responsabilit\u00e0. Durante il Camp si svolgeranno anche prove sulla capacit\u00e0 di rapportarsi con il mondo e altre pi\u00f9 &#8220;ironiche&#8221; tese a spiazzare i concorrenti, per registrarne le reazioni. Il tutto reso ancora pi\u00f9 divertente dalla partecipazione dei tre BUGS, direttamente dalla trasmissione cult &#8220;Le Iene&#8221;, nelle vesti di maestri di cerimonia e disturbatori.\u00a0La prova finale sar\u00e0 la gara valida per il Trofeo Abarth\u00a0 Italia,<em>\u00a0<\/em>che si svolger\u00e0 il 24 giugno sul circuito di Franciacorta: i sei finalisti si sfideranno a bordo delle Abarth 500 &#8220;Assetto Corse&#8221; insieme con piloti professionisti.<\/p>\n<p style=\"text-align: justify;\">\n\n<div style=\"font-size: 0px; height: 0px; line-height: 0px; margin: 0; padding: 0; clear: both;\"><\/div><!-- Begin Yuzo --><div class='yuzo_related_post style-1'  data-version='5.12.88'><!-- without result --><div class='yuzo_clearfixed yuzo__title yuzo__title'><h2>Potrebbe anche Interessarti <\/h2><\/div>\n\t\t\t\t\t\t  <div class=\"relatedthumb \" style=\"width:125px;float:left;overflow:hidden;\">  \n\t\t\t\t\t\t\t  \n\t\t\t\t\t\t\t  <a  href=\"https:\/\/vendiauto.com\/blog\/allasta-il-primo-esemplare-della-nuova-srt-viper-2012\"  >\n\t\t\t\t\t\t\t\t\t  <div class=\"yuzo-img-wrap \" style=\"width: 125px;height:90px;\">\n\t\t\t\t\t\t\t\t\t\t\n\t\t\t\t\t\t\t\t\t\t<div class=\"yuzo-img\" style=\"background:url('https:\/\/vendiauto.com\/blog\/wp-content\/uploads\/2012\/06\/2013-SRT-Viper-New-York-2012-02-640x424-150x150.jpg') 50% 50% no-repeat;width: 125px;height:90px;margin-bottom: 5px;background-size: cover; \"><\/div>\n\t\t\t\t\t\t\t\t\t  <\/div>\n\t\t\t\t\t\t\t\t\t  \n\t\t\t\t\t\t\t\t   <span class=\"yuzo__text--title\" style=\"font-size:13px;\">All\u2019asta il primo esemplare della nuova SRT ...<\/span>\n\t\t\t\t\t\t\t  \n\t\t\t\t\t\t\t  \n\t\t\t\t\t\t\t  <\/a>\n\n\t\t\t\t\t\t  <\/div>\n\t\t\t\t\t\t  <div class=\"relatedthumb \" style=\"width:125px;float:left;overflow:hidden;\">  \n\t\t\t\t\t\t\t  \n\t\t\t\t\t\t\t  <a  href=\"https:\/\/vendiauto.com\/blog\/grande-attesa-per-il-goodwood-festival-of-speed-2011-2011\"  >\n\t\t\t\t\t\t\t\t\t  <div class=\"yuzo-img-wrap \" style=\"width: 125px;height:90px;\">\n\t\t\t\t\t\t\t\t\t\t\n\t\t\t\t\t\t\t\t\t\t<div class=\"yuzo-img\" style=\"background:url('https:\/\/vendiauto.com\/blog\/wp-content\/uploads\/2011\/06\/jaguar-goodwood-h1-150x150.jpg') 50% 50% no-repeat;width: 125px;height:90px;margin-bottom: 5px;background-size: cover; \"><\/div>\n\t\t\t\t\t\t\t\t\t  <\/div>\n\t\t\t\t\t\t\t\t\t  \n\t\t\t\t\t\t\t\t   <span class=\"yuzo__text--title\" style=\"font-size:13px;\">Grande attesa per il Goodwood Festival of Speed 20...<\/span>\n\t\t\t\t\t\t\t  \n\t\t\t\t\t\t\t  \n\t\t\t\t\t\t\t  <\/a>\n\n\t\t\t\t\t\t  <\/div>\n\t\t\t\t\t\t  <div class=\"relatedthumb \" style=\"width:125px;float:left;overflow:hidden;\">  \n\t\t\t\t\t\t\t  \n\t\t\t\t\t\t\t  <a  href=\"https:\/\/vendiauto.com\/blog\/e-di-nuovo-audi-lultima-freccia-dargento-auto-union-type-d-2012\"  >\n\t\t\t\t\t\t\t\t\t  <div class=\"yuzo-img-wrap \" style=\"width: 125px;height:90px;\">\n\t\t\t\t\t\t\t\t\t\t\n\t\t\t\t\t\t\t\t\t\t<div class=\"yuzo-img\" style=\"background:url('https:\/\/vendiauto.com\/blog\/wp-content\/uploads\/2012\/08\/audi-recupera-la-freccia-dargento-auto-union-type-d-hi120054-large-150x150.jpg') 50% 50% no-repeat;width: 125px;height:90px;margin-bottom: 5px;background-size: cover; \"><\/div>\n\t\t\t\t\t\t\t\t\t  <\/div>\n\t\t\t\t\t\t\t\t\t  \n\t\t\t\t\t\t\t\t   <span class=\"yuzo__text--title\" style=\"font-size:13px;\">\u00c8 di nuovo Audi l\u2019ultima Freccia d\u2019Arg...<\/span>\n\t\t\t\t\t\t\t  \n\t\t\t\t\t\t\t  \n\t\t\t\t\t\t\t  <\/a>\n\n\t\t\t\t\t\t  <\/div>\n\t\t\t\t\t\t  <div class=\"relatedthumb \" style=\"width:125px;float:left;overflow:hidden;\">  \n\t\t\t\t\t\t\t  \n\t\t\t\t\t\t\t  <a  href=\"https:\/\/vendiauto.com\/blog\/automotive-e-social-network-lauto-piu-famosa-sul-web-2013\"  >\n\t\t\t\t\t\t\t\t\t  <div class=\"yuzo-img-wrap \" style=\"width: 125px;height:90px;\">\n\t\t\t\t\t\t\t\t\t\t\n\t\t\t\t\t\t\t\t\t\t<div class=\"yuzo-img\" style=\"background:url('https:\/\/vendiauto.com\/blog\/wp-content\/uploads\/2013\/04\/sOCIAL-NETWORK-150x150.jpg') 50% 50% no-repeat;width: 125px;height:90px;margin-bottom: 5px;background-size: cover; \"><\/div>\n\t\t\t\t\t\t\t\t\t  <\/div>\n\t\t\t\t\t\t\t\t\t  \n\t\t\t\t\t\t\t\t   <span class=\"yuzo__text--title\" style=\"font-size:13px;\">Automotive e social network: l\u2019Auto pi\u00f9 famo...<\/span>\n\t\t\t\t\t\t\t  \n\t\t\t\t\t\t\t  \n\t\t\t\t\t\t\t  <\/a>\n\n\t\t\t\t\t\t  <\/div>\n<\/div> <script>\n\t\t\t\t\t\t  jQuery(document).ready(function( $ ){\n\t\t\t\t\t\t\t\/\/jQuery('.yuzo_related_post').equalizer({ overflow : 'relatedthumb' });\n\t\t\t\t\t\t\tjQuery('.yuzo_related_post .yuzo_wraps').equalizer({ columns : '> div' });\n\t\t\t\t\t\t   })\n\t\t\t\t\t\t  <\/script> <!-- End Yuzo :) -->","protected":false},"excerpt":{"rendered":"<p>Saranno 105 i partecipanti alla seconda fase del\u00a0\u00a0talent show\u00a0internazionale per aspiranti piloti organizzato da Abarth. Alla prima fase hanno aderito\u00a0oltre 20 mila aspiranti piloti (1.500 donne), tutti ragazzi e ragazze di et\u00e0 compresa tra i 18 e i 40 anni. Potrebbe anche Interessarti Mercedes pensa ad un Suv compatto? Prima immagine della nuova Aston Martin [&hellip;]<\/p>\n","protected":false},"author":4,"featured_media":12758,"comment_status":"open","ping_status":"open","sticky":false,"template":"","format":"standard","meta":[],"categories":[2110],"tags":[],"_links":{"self":[{"href":"https:\/\/vendiauto.com\/blog\/wp-json\/wp\/v2\/posts\/5461"}],"collection":[{"href":"https:\/\/vendiauto.com\/blog\/wp-json\/wp\/v2\/posts"}],"about":[{"href":"https:\/\/vendiauto.com\/blog\/wp-json\/wp\/v2\/types\/post"}],"author":[{"embeddable":true,"href":"https:\/\/vendiauto.com\/blog\/wp-json\/wp\/v2\/users\/4"}],"replies":[{"embeddable":true,"href":"https:\/\/vendiauto.com\/blog\/wp-json\/wp\/v2\/comments?post=5461"}],"version-history":[{"count":3,"href":"https:\/\/vendiauto.com\/blog\/wp-json\/wp\/v2\/posts\/5461\/revisions"}],"predecessor-version":[{"id":12763,"href":"https:\/\/vendiauto.com\/blog\/wp-json\/wp\/v2\/posts\/5461\/revisions\/12763"}],"wp:featuredmedia":[{"embeddable":true,"href":"https:\/\/vendiauto.com\/blog\/wp-json\/wp\/v2\/media\/12758"}],"wp:attachment":[{"href":"https:\/\/vendiauto.com\/blog\/wp-json\/wp\/v2\/media?parent=5461"}],"wp:term":[{"taxonomy":"category","embeddable":true,"href":"https:\/\/vendiauto.com\/blog\/wp-json\/wp\/v2\/categories?post=5461"},{"taxonomy":"post_tag","embeddable":true,"href":"https:\/\/vendiauto.com\/blog\/wp-json\/wp\/v2\/tags?post=5461"}],"curies":[{"name":"wp","href":"https:\/\/api.w.org\/{rel}","templated":true}]}}