{"id":5657,"date":"2012-05-22T14:02:36","date_gmt":"2012-05-22T13:02:36","guid":{"rendered":"http:\/\/www.vendiauto.com\/blog\/?p=5657"},"modified":"2016-09-14T11:40:48","modified_gmt":"2016-09-14T10:40:48","slug":"il-primo-cliente-privato-di-ampera-in-italia-e-il-campione-di-rally-piero-longhi","status":"publish","type":"post","link":"https:\/\/vendiauto.com\/blog\/il-primo-cliente-privato-di-ampera-in-italia-e-il-campione-di-rally-piero-longhi-2012","title":{"rendered":"Il primo cliente privato di Ampera in Italia \u00e8 il campione di rally Piero Longhi"},"content":{"rendered":"\n<!-- Quick Adsense WordPress Plugin: http:\/\/quickadsense.com\/ -->\n<div style=\"float: none; margin:10px 0 10px 0; text-align:center;\">\n<!--leonative-->\r\n<!-- 5x1 -->\r\n<div id='div-gpt-ad-5x1-0' class='div-gpt-ad div-gpt-ad-inread'>\r\n<script type='text\/javascript'>\r\ngoogletag.cmd.push(function() { googletag.display('div-gpt-ad-5x1-0'); });\r\n<\/script>\r\n<\/div>\n<\/div>\n<p style=\"text-align: center;\"><img class=\"aligncenter  wp-image-5659\" style=\"border: 1px solid black;\" title=\"opel-ampera-campione-di-rally-piero-longhi\" src=\"http:\/\/www.vendiauto.com\/blog\/wp-content\/uploads\/2012\/05\/il-primo-cliente-privato-di-opel-ampera-in-italia-e-il-campione-di-rally-piero-longhi-266580.gif\" alt=\"\" width=\"530\" srcset=\"https:\/\/vendiauto.com\/blog\/wp-content\/uploads\/2012\/05\/il-primo-cliente-privato-di-opel-ampera-in-italia-e-il-campione-di-rally-piero-longhi-266580.gif 1000w, https:\/\/vendiauto.com\/blog\/wp-content\/uploads\/2012\/05\/il-primo-cliente-privato-di-opel-ampera-in-italia-e-il-campione-di-rally-piero-longhi-266580-300x200.gif 300w\" sizes=\"(max-width: 1000px) 100vw, 1000px\" \/><\/p>\n<p><strong>Piero Longhi<\/strong>, campione di rally, 46 enne,\u00a0con ben 50 gare vinte in carriera e ancora vincente il 13 marzo scorso al rally di Adria, \u00e8 il primo proprietario privato di un&#8217;<strong>Ampera<\/strong> in Italia.<br \/>\nIl campione, che \u00e8 un appassionato di elettronica, automobili e corse, ritiene che l&#8217;\u00a0<strong>Ampera<\/strong> sia l&#8217;auto ideale per coniugare le sue passioni ed esigenze.<!--more--><\/p>\n<p><strong>Ampera<\/strong>\u00a0\u00e8 attualmente l&#8217;auto elettrica pi\u00f9 potente sul mercato (escluse soluzioni sportive), caratterizzata da\u00a0prestazioni entusiasmanti:<br \/>\n&#8211; 370 Nm di coppia<br \/>\n&#8211; 150 cv<br \/>\n&#8211; accelerazione da 0 a 100 km\/h in soli 9 secondi<br \/>\n&#8211; design innovativo<br \/>\n&#8211; autonomia di oltre 500 km.<br \/>\n&#8211; autonomia da 40 a 80 km in puro elettrico a emissioni zero e ulteriori 500 km con sistema ad autonomia estesa e trazione sempre elettrica.<\/p>\n<p><strong>Ampera<\/strong> inoltre \u00e8 dotata di 4 funzionalit\u00e0 impostabili:<\/p>\n<p>&#8211; modalit\u00e0 Normal, che offre la migliore efficienza di utilizzo<br \/>\n&#8211; modalit\u00e0 \u00a0Sport, che offre maggiore prontezza in accelerazione<br \/>\n&#8211; funzione Mountain che permette di affrontare lunghi tratti in salita con le massime prestazioni<br \/>\n&#8211; funzione Hold d\u00e0 la possibilit\u00e0 di conservare la carica delle batterie utilizzando il sistema di estensione dell&#8217;autonomia, anche quando queste sono ancora cariche.<\/p>\n<p>&#8220;<em>Sono alcuni anni che sto seguendo l&#8217;evoluzione delle vetture elettriche che uniscono la mia passione per le auto al mio interesse per tutto ci\u00f2 che \u00e8 elettrico&#8221;, commenta Longhi.<\/em> \u201c<em>\u00c8 da quando sono uscite le prime news che riguardavano la Opel Ampera che osservo questa vettura innovativa con grandissimo interesse. Il sistema all&#8217;avanguardia, con un motore che fa da generatore per le batterie, \u00e8 sicuramente, al momento, l&#8217;unica possibilit\u00e0 di estendere l&#8217;autonomia a pi\u00f9 chilometri utilizzando sempre la propulsione elettrica. Ritengo che dal punto di vista dei consumi, della riduzione dell&#8217;inquinamento, dei costi di gestione, dei vantaggi che offre un motore elettrico, sia veramente l&#8217;auto perfetta<\/em>\u201d.<\/p>\n<p><strong>Ampera<\/strong> sar\u00e0 distribuita da una rete di 39 concessionari che potranno vendere e fare assistenza all\u2019ambasciatrice <strong>Opel<\/strong>.<\/p>\n<p><strong>\u00a0<\/strong><\/p>\n\n<div style=\"font-size: 0px; height: 0px; line-height: 0px; margin: 0; padding: 0; clear: both;\"><\/div><!-- Begin Yuzo --><div class='yuzo_related_post style-1'  data-version='5.12.88'><!-- without result --><div class='yuzo_clearfixed yuzo__title yuzo__title'><h2>Potrebbe anche Interessarti <\/h2><\/div>\n\t\t\t\t\t\t  <div class=\"relatedthumb \" style=\"width:125px;float:left;overflow:hidden;\">  \n\t\t\t\t\t\t\t  \n\t\t\t\t\t\t\t  <a  href=\"https:\/\/vendiauto.com\/blog\/zeropensieri-il-primo-programma-di-abarth-experience-nato-dal-web-2013\"  >\n\t\t\t\t\t\t\t\t\t  <div class=\"yuzo-img-wrap \" style=\"width: 125px;height:90px;\">\n\t\t\t\t\t\t\t\t\t\t\n\t\t\t\t\t\t\t\t\t\t<div class=\"yuzo-img\" style=\"background:url('https:\/\/vendiauto.com\/blog\/wp-content\/uploads\/2013\/02\/abarth_zeropensieri-150x150.jpg') 50% 50% no-repeat;width: 125px;height:90px;margin-bottom: 5px;background-size: cover; \"><\/div>\n\t\t\t\t\t\t\t\t\t  <\/div>\n\t\t\t\t\t\t\t\t\t  \n\t\t\t\t\t\t\t\t   <span class=\"yuzo__text--title\" style=\"font-size:13px;\">ZeroPensieri: il primo programma di Abarth experie...<\/span>\n\t\t\t\t\t\t\t  \n\t\t\t\t\t\t\t  \n\t\t\t\t\t\t\t  <\/a>\n\n\t\t\t\t\t\t  <\/div>\n\t\t\t\t\t\t  <div class=\"relatedthumb \" style=\"width:125px;float:left;overflow:hidden;\">  \n\t\t\t\t\t\t\t  \n\t\t\t\t\t\t\t  <a  href=\"https:\/\/vendiauto.com\/blog\/per-festeggiare-i-100-anni-di-aston-martin-una-supercar-che-ricorda-la-batmobile-anni-60-2013\"  >\n\t\t\t\t\t\t\t\t\t  <div class=\"yuzo-img-wrap \" style=\"width: 125px;height:90px;\">\n\t\t\t\t\t\t\t\t\t\t\n\t\t\t\t\t\t\t\t\t\t<div class=\"yuzo-img\" style=\"background:url('https:\/\/vendiauto.com\/blog\/wp-content\/uploads\/2013\/05\/aston_martin_cc100__la_supercar_che_ricorda_la_batmobile_anni__60_2472-150x150.jpg') 50% 50% no-repeat;width: 125px;height:90px;margin-bottom: 5px;background-size: cover; \"><\/div>\n\t\t\t\t\t\t\t\t\t  <\/div>\n\t\t\t\t\t\t\t\t\t  \n\t\t\t\t\t\t\t\t   <span class=\"yuzo__text--title\" style=\"font-size:13px;\">Per festeggiare i 100 anni di Aston Martin una sup...<\/span>\n\t\t\t\t\t\t\t  \n\t\t\t\t\t\t\t  \n\t\t\t\t\t\t\t  <\/a>\n\n\t\t\t\t\t\t  <\/div>\n\t\t\t\t\t\t  <div class=\"relatedthumb \" style=\"width:125px;float:left;overflow:hidden;\">  \n\t\t\t\t\t\t\t  \n\t\t\t\t\t\t\t  <a  href=\"https:\/\/vendiauto.com\/blog\/svelata-finalmente-la-nuova-spider-dei-record-ecco-la-mazda-mx-5-2015-2014\"  >\n\t\t\t\t\t\t\t\t\t  <div class=\"yuzo-img-wrap \" style=\"width: 125px;height:90px;\">\n\t\t\t\t\t\t\t\t\t\t\n\t\t\t\t\t\t\t\t\t\t<div class=\"yuzo-img\" style=\"background:url('https:\/\/vendiauto.com\/blog\/wp-content\/uploads\/2014\/09\/nuova-mazda-mx-5-2015-24-1-150x150.jpg') 50% 50% no-repeat;width: 125px;height:90px;margin-bottom: 5px;background-size: cover; \"><\/div>\n\t\t\t\t\t\t\t\t\t  <\/div>\n\t\t\t\t\t\t\t\t\t  \n\t\t\t\t\t\t\t\t   <span class=\"yuzo__text--title\" style=\"font-size:13px;\">Svelata finalmente la nuova \u201cspider dei reco...<\/span>\n\t\t\t\t\t\t\t  \n\t\t\t\t\t\t\t  \n\t\t\t\t\t\t\t  <\/a>\n\n\t\t\t\t\t\t  <\/div>\n\t\t\t\t\t\t  <div class=\"relatedthumb \" style=\"width:125px;float:left;overflow:hidden;\">  \n\t\t\t\t\t\t\t  \n\t\t\t\t\t\t\t  <a  href=\"https:\/\/vendiauto.com\/blog\/nuova-jeep-cherokee-partono-gli-ordini-in-italia-2014\"  >\n\t\t\t\t\t\t\t\t\t  <div class=\"yuzo-img-wrap \" style=\"width: 125px;height:90px;\">\n\t\t\t\t\t\t\t\t\t\t\n\t\t\t\t\t\t\t\t\t\t<div class=\"yuzo-img\" style=\"background:url('https:\/\/vendiauto.com\/blog\/wp-content\/uploads\/2014\/03\/Jeep_Cherokee_Trailhawk-150x150.jpg') 50% 50% no-repeat;width: 125px;height:90px;margin-bottom: 5px;background-size: cover; \"><\/div>\n\t\t\t\t\t\t\t\t\t  <\/div>\n\t\t\t\t\t\t\t\t\t  \n\t\t\t\t\t\t\t\t   <span class=\"yuzo__text--title\" style=\"font-size:13px;\">Nuova Jeep Cherokee: partono gli ordini in Italia<\/span>\n\t\t\t\t\t\t\t  \n\t\t\t\t\t\t\t  \n\t\t\t\t\t\t\t  <\/a>\n\n\t\t\t\t\t\t  <\/div>\n<\/div> <script>\n\t\t\t\t\t\t  jQuery(document).ready(function( $ ){\n\t\t\t\t\t\t\t\/\/jQuery('.yuzo_related_post').equalizer({ overflow : 'relatedthumb' });\n\t\t\t\t\t\t\tjQuery('.yuzo_related_post .yuzo_wraps').equalizer({ columns : '> div' });\n\t\t\t\t\t\t   })\n\t\t\t\t\t\t  <\/script> <!-- End Yuzo :) -->","protected":false},"excerpt":{"rendered":"<p>Piero Longhi, campione di rally, 46 enne,\u00a0con ben 50 gare vinte in carriera e ancora vincente il 13 marzo scorso al rally di Adria, \u00e8 il primo proprietario privato di un&#8217;Ampera in Italia. Il campione, che \u00e8 un appassionato di elettronica, automobili e corse, ritiene che l&#8217;\u00a0Ampera sia l&#8217;auto ideale per coniugare le sue passioni [&hellip;]<\/p>\n","protected":false},"author":2,"featured_media":0,"comment_status":"open","ping_status":"open","sticky":false,"template":"","format":"standard","meta":[],"categories":[2110],"tags":[968],"_links":{"self":[{"href":"https:\/\/vendiauto.com\/blog\/wp-json\/wp\/v2\/posts\/5657"}],"collection":[{"href":"https:\/\/vendiauto.com\/blog\/wp-json\/wp\/v2\/posts"}],"about":[{"href":"https:\/\/vendiauto.com\/blog\/wp-json\/wp\/v2\/types\/post"}],"author":[{"embeddable":true,"href":"https:\/\/vendiauto.com\/blog\/wp-json\/wp\/v2\/users\/2"}],"replies":[{"embeddable":true,"href":"https:\/\/vendiauto.com\/blog\/wp-json\/wp\/v2\/comments?post=5657"}],"version-history":[{"count":1,"href":"https:\/\/vendiauto.com\/blog\/wp-json\/wp\/v2\/posts\/5657\/revisions"}],"predecessor-version":[{"id":12130,"href":"https:\/\/vendiauto.com\/blog\/wp-json\/wp\/v2\/posts\/5657\/revisions\/12130"}],"wp:attachment":[{"href":"https:\/\/vendiauto.com\/blog\/wp-json\/wp\/v2\/media?parent=5657"}],"wp:term":[{"taxonomy":"category","embeddable":true,"href":"https:\/\/vendiauto.com\/blog\/wp-json\/wp\/v2\/categories?post=5657"},{"taxonomy":"post_tag","embeddable":true,"href":"https:\/\/vendiauto.com\/blog\/wp-json\/wp\/v2\/tags?post=5657"}],"curies":[{"name":"wp","href":"https:\/\/api.w.org\/{rel}","templated":true}]}}