{"id":5885,"date":"2012-06-05T14:23:48","date_gmt":"2012-06-05T13:23:48","guid":{"rendered":"http:\/\/www.vendiauto.com\/blog\/?p=5885"},"modified":"2016-09-14T14:52:09","modified_gmt":"2016-09-14T13:52:09","slug":"opel-meriva-cambio-automatico-anche-sul-motore-benzina","status":"publish","type":"post","link":"https:\/\/vendiauto.com\/blog\/opel-meriva-cambio-automatico-anche-sul-motore-benzina-2012","title":{"rendered":"Opel Meriva: cambio automatico anche sul motore benzina"},"content":{"rendered":"\n<!-- Quick Adsense WordPress Plugin: http:\/\/quickadsense.com\/ -->\n<div style=\"float: none; margin:10px 0 10px 0; text-align:center;\">\n<!--leonative-->\r\n<!-- 5x1 -->\r\n<div id='div-gpt-ad-5x1-0' class='div-gpt-ad div-gpt-ad-inread'>\r\n<script type='text\/javascript'>\r\ngoogletag.cmd.push(function() { googletag.display('div-gpt-ad-5x1-0'); });\r\n<\/script>\r\n<\/div>\n<\/div>\n<p style=\"text-align: center;\"><a href=\"http:\/\/www.vendiauto.com\/blog\/wp-content\/uploads\/2012\/06\/opel-meriva-leader-del-segmento-ora-con-cambio-automatico-sul-motore-benzina-266661.jpg\"><img class=\"aligncenter  wp-image-5886\" style=\"border: 1px solid black;\" title=\"opel-meriva-leader-del-segmento-ora-con-cambio-automatico-sul-motore-benzina-266661\" src=\"http:\/\/www.vendiauto.com\/blog\/wp-content\/uploads\/2012\/06\/opel-meriva-leader-del-segmento-ora-con-cambio-automatico-sul-motore-benzina-266661.jpg\" alt=\"\" width=\"540\" srcset=\"https:\/\/vendiauto.com\/blog\/wp-content\/uploads\/2012\/06\/opel-meriva-leader-del-segmento-ora-con-cambio-automatico-sul-motore-benzina-266661.jpg 640w, https:\/\/vendiauto.com\/blog\/wp-content\/uploads\/2012\/06\/opel-meriva-leader-del-segmento-ora-con-cambio-automatico-sul-motore-benzina-266661-300x200.jpg 300w\" sizes=\"(max-width: 640px) 100vw, 640px\" \/><\/a><\/p>\n<p style=\"text-align: justify;\">Design affascinante, qualit\u00e0 elevata, flessibilit\u00e0 unica e soprattutto ergonomia eccellente queste le caratteristiche\u00a0principali\u00a0che contribuiscono al successo di <strong>Opel Meriva<\/strong>.\u00a0Il leader europeo del segmento B delle monovolume \u00e8 ora disponibile anche in versione benzina turbo 1.4\u00a0con cambio automatico\u00a0\u00a0a sei velocit\u00e0 di nuova generazione.\u00a0<!--more-->A parte l\u2019aumento dell\u2019efficienza, le ottimizzazioni principali riguardano la riduzione dei tempi di cambiata e la diminuzione di rumore e vibrazioni.\u00a0Proprio come la trasmissione precedente, con il cambio automatico a sei velocit\u00e0 di nuova generazione, si pu\u00f2 utilizzare anche la funzione ActiveSelect che aziona il cambio manuale, spingendo in avanti o tirando\u00a0all&#8217;indietro\u00a0il selettore del cambio. Il controllo attivo della trasmissione elettronica prevede numerose funzioni intelligenti, come l\u2019attivazione automatica del folle quando la vettura \u00e8 ferma per risparmiare carburante o il programma hill che modifica le modalit\u00e0 di cambiata in relazione al dislivello della salita o della discesa. Un altro elemento positivo \u00e8 la riduzione di 30 mm delle dimensioni dell\u2019unit\u00e0, che aumenta la sicurezza in caso di urto.\u00a0Le sedute FlexSpace, il sistema FlexDoors, i sedili ergonomici disponibili a richiesta, la console centrale FlexRail e il portabici integrato FlexFix a richiesta hanno fatto s\u00ec che la Oper conquistasse\u00a0il prestigioso marchio di approvazione AGR assegnato dal\u00a0comitato indipendente tedesco di esperti di salute posturale, \u201cAktion Gesunder R\u00fccken e.V.\u201d<\/p>\n\n<div style=\"font-size: 0px; height: 0px; line-height: 0px; margin: 0; padding: 0; clear: both;\"><\/div><!-- Begin Yuzo --><div class='yuzo_related_post style-1'  data-version='5.12.88'><!-- without result --><div class='yuzo_clearfixed yuzo__title yuzo__title'><h2>Potrebbe anche Interessarti <\/h2><\/div>\n\t\t\t\t\t\t  <div class=\"relatedthumb \" style=\"width:125px;float:left;overflow:hidden;\">  \n\t\t\t\t\t\t\t  \n\t\t\t\t\t\t\t  <a  href=\"https:\/\/vendiauto.com\/blog\/ford-kuga-e-nissan-qashqai-sfida-tra-crossover-2015\"  >\n\t\t\t\t\t\t\t\t\t  <div class=\"yuzo-img-wrap \" style=\"width: 125px;height:90px;\">\n\t\t\t\t\t\t\t\t\t\t\n\t\t\t\t\t\t\t\t\t\t<div class=\"yuzo-img\" style=\"background:url('https:\/\/vendiauto.com\/blog\/wp-content\/uploads\/2015\/05\/Ford-Kuga_confronto_Nissan-Qashqai-150x150.jpg') 50% 50% no-repeat;width: 125px;height:90px;margin-bottom: 5px;background-size: cover; \"><\/div>\n\t\t\t\t\t\t\t\t\t  <\/div>\n\t\t\t\t\t\t\t\t\t  \n\t\t\t\t\t\t\t\t   <span class=\"yuzo__text--title\" style=\"font-size:13px;\">Ford Kuga e Nissan Qashqai: sfida tra Crossover<\/span>\n\t\t\t\t\t\t\t  \n\t\t\t\t\t\t\t  \n\t\t\t\t\t\t\t  <\/a>\n\n\t\t\t\t\t\t  <\/div>\n\t\t\t\t\t\t  <div class=\"relatedthumb \" style=\"width:125px;float:left;overflow:hidden;\">  \n\t\t\t\t\t\t\t  \n\t\t\t\t\t\t\t  <a  href=\"https:\/\/vendiauto.com\/blog\/honda-civic-auto-dellanno-2012-scelta-dalle-donne-2012\"  >\n\t\t\t\t\t\t\t\t\t  <div class=\"yuzo-img-wrap \" style=\"width: 125px;height:90px;\">\n\t\t\t\t\t\t\t\t\t\t\n\t\t\t\t\t\t\t\t\t\t<div class=\"yuzo-img\" style=\"background:url('https:\/\/vendiauto.com\/blog\/wp-content\/uploads\/2012\/10\/nuova-honda-civic-2012-150x150.jpg') 50% 50% no-repeat;width: 125px;height:90px;margin-bottom: 5px;background-size: cover; \"><\/div>\n\t\t\t\t\t\t\t\t\t  <\/div>\n\t\t\t\t\t\t\t\t\t  \n\t\t\t\t\t\t\t\t   <span class=\"yuzo__text--title\" style=\"font-size:13px;\">Honda Civic auto dell\u2019anno 2012 scelta dalle...<\/span>\n\t\t\t\t\t\t\t  \n\t\t\t\t\t\t\t  \n\t\t\t\t\t\t\t  <\/a>\n\n\t\t\t\t\t\t  <\/div>\n\t\t\t\t\t\t  <div class=\"relatedthumb \" style=\"width:125px;float:left;overflow:hidden;\">  \n\t\t\t\t\t\t\t  \n\t\t\t\t\t\t\t  <a  href=\"https:\/\/vendiauto.com\/blog\/svelata-finalmente-la-nuova-spider-dei-record-ecco-la-mazda-mx-5-2015-2014\"  >\n\t\t\t\t\t\t\t\t\t  <div class=\"yuzo-img-wrap \" style=\"width: 125px;height:90px;\">\n\t\t\t\t\t\t\t\t\t\t\n\t\t\t\t\t\t\t\t\t\t<div class=\"yuzo-img\" style=\"background:url('https:\/\/vendiauto.com\/blog\/wp-content\/uploads\/2014\/09\/nuova-mazda-mx-5-2015-24-1-150x150.jpg') 50% 50% no-repeat;width: 125px;height:90px;margin-bottom: 5px;background-size: cover; \"><\/div>\n\t\t\t\t\t\t\t\t\t  <\/div>\n\t\t\t\t\t\t\t\t\t  \n\t\t\t\t\t\t\t\t   <span class=\"yuzo__text--title\" style=\"font-size:13px;\">Svelata finalmente la nuova \u201cspider dei reco...<\/span>\n\t\t\t\t\t\t\t  \n\t\t\t\t\t\t\t  \n\t\t\t\t\t\t\t  <\/a>\n\n\t\t\t\t\t\t  <\/div>\n\t\t\t\t\t\t  <div class=\"relatedthumb \" style=\"width:125px;float:left;overflow:hidden;\">  \n\t\t\t\t\t\t\t  \n\t\t\t\t\t\t\t  <a  href=\"https:\/\/vendiauto.com\/blog\/la-cambiano-di-pininfarina-eletta-la-concept-piu-bella-di-ginevra-2012-2012\"  >\n\t\t\t\t\t\t\t\t\t  <div class=\"yuzo-img-wrap \" style=\"width: 125px;height:90px;\">\n\t\t\t\t\t\t\t\t\t\t\n\t\t\t\t\t\t\t\t\t\t<div class=\"yuzo-img\" style=\"background:url('https:\/\/vendiauto.com\/blog\/wp-content\/uploads\/2012\/04\/cambiano-eletta-concept-piu-bella-di-ginevra-2012-cambiano-14-150x150.jpg') 50% 50% no-repeat;width: 125px;height:90px;margin-bottom: 5px;background-size: cover; \"><\/div>\n\t\t\t\t\t\t\t\t\t  <\/div>\n\t\t\t\t\t\t\t\t\t  \n\t\t\t\t\t\t\t\t   <span class=\"yuzo__text--title\" style=\"font-size:13px;\">La Cambiano di Pininfarina eletta la concept pi\u00f9 b...<\/span>\n\t\t\t\t\t\t\t  \n\t\t\t\t\t\t\t  \n\t\t\t\t\t\t\t  <\/a>\n\n\t\t\t\t\t\t  <\/div>\n<\/div> <script>\n\t\t\t\t\t\t  jQuery(document).ready(function( $ ){\n\t\t\t\t\t\t\t\/\/jQuery('.yuzo_related_post').equalizer({ overflow : 'relatedthumb' });\n\t\t\t\t\t\t\tjQuery('.yuzo_related_post .yuzo_wraps').equalizer({ columns : '> div' });\n\t\t\t\t\t\t   })\n\t\t\t\t\t\t  <\/script> <!-- End Yuzo :) -->","protected":false},"excerpt":{"rendered":"<p>Design affascinante, qualit\u00e0 elevata, flessibilit\u00e0 unica e soprattutto ergonomia eccellente queste le caratteristiche\u00a0principali\u00a0che contribuiscono al successo di Opel Meriva.\u00a0Il leader europeo del segmento B delle monovolume \u00e8 ora disponibile anche in versione benzina turbo 1.4\u00a0con cambio automatico\u00a0\u00a0a sei velocit\u00e0 di nuova generazione.\u00a0 Potrebbe anche Interessarti Ford Vertrek, nuovo concept car di Ford Ecco la nuova [&hellip;]<\/p>\n","protected":false},"author":4,"featured_media":0,"comment_status":"open","ping_status":"open","sticky":false,"template":"","format":"standard","meta":[],"categories":[2110],"tags":[1164,483],"_links":{"self":[{"href":"https:\/\/vendiauto.com\/blog\/wp-json\/wp\/v2\/posts\/5885"}],"collection":[{"href":"https:\/\/vendiauto.com\/blog\/wp-json\/wp\/v2\/posts"}],"about":[{"href":"https:\/\/vendiauto.com\/blog\/wp-json\/wp\/v2\/types\/post"}],"author":[{"embeddable":true,"href":"https:\/\/vendiauto.com\/blog\/wp-json\/wp\/v2\/users\/4"}],"replies":[{"embeddable":true,"href":"https:\/\/vendiauto.com\/blog\/wp-json\/wp\/v2\/comments?post=5885"}],"version-history":[{"count":1,"href":"https:\/\/vendiauto.com\/blog\/wp-json\/wp\/v2\/posts\/5885\/revisions"}],"predecessor-version":[{"id":12463,"href":"https:\/\/vendiauto.com\/blog\/wp-json\/wp\/v2\/posts\/5885\/revisions\/12463"}],"wp:attachment":[{"href":"https:\/\/vendiauto.com\/blog\/wp-json\/wp\/v2\/media?parent=5885"}],"wp:term":[{"taxonomy":"category","embeddable":true,"href":"https:\/\/vendiauto.com\/blog\/wp-json\/wp\/v2\/categories?post=5885"},{"taxonomy":"post_tag","embeddable":true,"href":"https:\/\/vendiauto.com\/blog\/wp-json\/wp\/v2\/tags?post=5885"}],"curies":[{"name":"wp","href":"https:\/\/api.w.org\/{rel}","templated":true}]}}