{"id":5924,"date":"2012-06-07T16:14:24","date_gmt":"2012-06-07T15:14:24","guid":{"rendered":"http:\/\/www.vendiauto.com\/blog\/?p=5924"},"modified":"2016-09-14T11:50:25","modified_gmt":"2016-09-14T10:50:25","slug":"unestate-di-cinema-con-renault","status":"publish","type":"post","link":"https:\/\/vendiauto.com\/blog\/unestate-di-cinema-con-renault-2012","title":{"rendered":"Un&#8217;estate di cinema con Renault"},"content":{"rendered":"\n<!-- Quick Adsense WordPress Plugin: http:\/\/quickadsense.com\/ -->\n<div style=\"float: none; margin:10px 0 10px 0; text-align:center;\">\n<!--leonative-->\r\n<!-- 5x1 -->\r\n<div id='div-gpt-ad-5x1-0' class='div-gpt-ad div-gpt-ad-inread'>\r\n<script type='text\/javascript'>\r\ngoogletag.cmd.push(function() { googletag.display('div-gpt-ad-5x1-0'); });\r\n<\/script>\r\n<\/div>\n<\/div>\n<p style=\"text-align: center;\"><img class=\"aligncenter  wp-image-5935\" style=\"border: 1px solid black;\" title=\"renault-cannes\" src=\"http:\/\/www.vendiauto.com\/blog\/wp-content\/uploads\/2012\/06\/renault-cannes.jpg\" alt=\"\" width=\"530\" srcset=\"https:\/\/vendiauto.com\/blog\/wp-content\/uploads\/2012\/06\/renault-cannes.jpg 1024w, https:\/\/vendiauto.com\/blog\/wp-content\/uploads\/2012\/06\/renault-cannes-300x181.jpg 300w\" sizes=\"(max-width: 1024px) 100vw, 1024px\" \/><\/p>\n<p>Dopo la sua partecipazione alla recente 65\u00b0 edizione del <a href=\"http:\/\/www.vendiauto.com\/blog\/renault-partner-ufficiale-del-65-festival-di-cannes-2012\">Festival di Cannes<\/a>, come accompagnatrice ufficiale di star, nuovi talenti, registi e produttori sul tappeto rosso con l\u2019innovativo urban crosser elettrico <strong><a href=\"http:\/\/www.vendiauto.com\/blog\/renault-twizy-lauto-low-cost-amata-dai-vip-2012\">Twizy<\/a><\/strong>, la berlina elettrica<strong> Fluence Z.E.<\/strong> e <strong>Latitude<\/strong>, <strong>Renault<\/strong> sar\u00e0 protagonista anche durante le notti del cinema dell\u2019Estate Romana.<!--more--><\/p>\n<p>Il marchio Renault \u00e8 legato al cinema\u00a0da pi\u00f9 di un secolo e porta avanti il proprio impegno nelle produzioni cinematografiche e televisive attraverso una politica attiva di partnership e product placement.<br \/>\nInfatti a partire dal mese di giugno, e fino a settembre, Renault sar\u00e0 sponsor di tre appuntamenti cinematografici durante l&#8217;evento romano:<\/p>\n<p>&#8211; \u201c<strong>I grandi Festival\u201d,<\/strong> che\u00a0\u00a0si terr\u00e0 nelle sale pi\u00f9 famose della capitale e nei giardini di Piazza Vittorio, con l&#8217;intento di evidenziare il legame ideale tra i pi\u00f9 prestigiosi Festival cinematografici internazionali e Roma.<\/p>\n<p>&#8211; <strong>\u201cLe vie del cinema da Cannes a Roma\u201d &#8211;\u00a0<\/strong>giunto alla 17^ edizione &#8211; che si svolger\u00e0 dall\u20198 al 14 giugno e rappresenta la pi\u00f9 suggestiva vetrina di anteprime provenienti dal<strong><em> <\/em><\/strong>Festival International du Film de Cannes.<\/p>\n<p>&#8211; <strong>\u201cCinemacitt\u00e0\u201d<\/strong>, che si terr\u00e0 presso 15 comuni del Lazio durante i mesi di luglio e agosto, e che ha come obiettivo quello di agevolare la cultura filmica nei luoghi che non sono dotati di sale cinematografiche offrendo la possibilit\u00e0 a tutti gli spettatori di assistere a proiezioni gratuite di film italiani ed europei.<\/p>\n<p>&nbsp;<\/p>\n\n<div style=\"font-size: 0px; height: 0px; line-height: 0px; margin: 0; padding: 0; clear: both;\"><\/div><!-- Begin Yuzo --><div class='yuzo_related_post style-1'  data-version='5.12.88'><!-- without result --><div class='yuzo_clearfixed yuzo__title yuzo__title'><h2>Potrebbe anche Interessarti <\/h2><\/div>\n\t\t\t\t\t\t  <div class=\"relatedthumb \" style=\"width:125px;float:left;overflow:hidden;\">  \n\t\t\t\t\t\t\t  \n\t\t\t\t\t\t\t  <a  href=\"https:\/\/vendiauto.com\/blog\/nuova-caterham-seven-motorsport-2011\"  >\n\t\t\t\t\t\t\t\t\t  <div class=\"yuzo-img-wrap \" style=\"width: 125px;height:90px;\">\n\t\t\t\t\t\t\t\t\t\t\n\t\t\t\t\t\t\t\t\t\t<div class=\"yuzo-img\" style=\"background:url('https:\/\/vendiauto.com\/blog\/wp-content\/uploads\/2011\/04\/337494_3347_big_caterham-7_1-150x150.jpg') 50% 50% no-repeat;width: 125px;height:90px;margin-bottom: 5px;background-size: cover; \"><\/div>\n\t\t\t\t\t\t\t\t\t  <\/div>\n\t\t\t\t\t\t\t\t\t  \n\t\t\t\t\t\t\t\t   <span class=\"yuzo__text--title\" style=\"font-size:13px;\">Nuova Caterham Seven Motorsport<\/span>\n\t\t\t\t\t\t\t  \n\t\t\t\t\t\t\t  \n\t\t\t\t\t\t\t  <\/a>\n\n\t\t\t\t\t\t  <\/div>\n\t\t\t\t\t\t  <div class=\"relatedthumb \" style=\"width:125px;float:left;overflow:hidden;\">  \n\t\t\t\t\t\t\t  \n\t\t\t\t\t\t\t  <a  href=\"https:\/\/vendiauto.com\/blog\/nuova-citroen-c1-per-scoprire-il-lato-bello-della-citta-2014\"  >\n\t\t\t\t\t\t\t\t\t  <div class=\"yuzo-img-wrap \" style=\"width: 125px;height:90px;\">\n\t\t\t\t\t\t\t\t\t\t\n\t\t\t\t\t\t\t\t\t\t<div class=\"yuzo-img\" style=\"background:url('https:\/\/vendiauto.com\/blog\/wp-content\/uploads\/2014\/02\/nuova-citroen-c1-150x150.jpg') 50% 50% no-repeat;width: 125px;height:90px;margin-bottom: 5px;background-size: cover; \"><\/div>\n\t\t\t\t\t\t\t\t\t  <\/div>\n\t\t\t\t\t\t\t\t\t  \n\t\t\t\t\t\t\t\t   <span class=\"yuzo__text--title\" style=\"font-size:13px;\">Nuova CITRO\u00cbN C1 per scoprire il lato bello della ...<\/span>\n\t\t\t\t\t\t\t  \n\t\t\t\t\t\t\t  \n\t\t\t\t\t\t\t  <\/a>\n\n\t\t\t\t\t\t  <\/div>\n\t\t\t\t\t\t  <div class=\"relatedthumb \" style=\"width:125px;float:left;overflow:hidden;\">  \n\t\t\t\t\t\t\t  \n\t\t\t\t\t\t\t  <a  href=\"https:\/\/vendiauto.com\/blog\/torna-la-cizeta-ecco-la-arrabbiata-2015\"  >\n\t\t\t\t\t\t\t\t\t  <div class=\"yuzo-img-wrap \" style=\"width: 125px;height:90px;\">\n\t\t\t\t\t\t\t\t\t\t\n\t\t\t\t\t\t\t\t\t\t<div class=\"yuzo-img\" style=\"background:url('https:\/\/vendiauto.com\/blog\/wp-content\/uploads\/2015\/03\/side-alto-150x150.jpg') 50% 50% no-repeat;width: 125px;height:90px;margin-bottom: 5px;background-size: cover; \"><\/div>\n\t\t\t\t\t\t\t\t\t  <\/div>\n\t\t\t\t\t\t\t\t\t  \n\t\t\t\t\t\t\t\t   <span class=\"yuzo__text--title\" style=\"font-size:13px;\">Torna la Cizeta: ecco la Arrabbiata!<\/span>\n\t\t\t\t\t\t\t  \n\t\t\t\t\t\t\t  \n\t\t\t\t\t\t\t  <\/a>\n\n\t\t\t\t\t\t  <\/div>\n\t\t\t\t\t\t  <div class=\"relatedthumb \" style=\"width:125px;float:left;overflow:hidden;\">  \n\t\t\t\t\t\t\t  \n\t\t\t\t\t\t\t  <a  href=\"https:\/\/vendiauto.com\/blog\/rolls-royce-ghost-vendite-a-gonfie-vele-2010\"  >\n\t\t\t\t\t\t\t\t\t  <div class=\"yuzo-img-wrap \" style=\"width: 125px;height:90px;\">\n\t\t\t\t\t\t\t\t\t\t\n\t\t\t\t\t\t\t\t\t\t<div class=\"yuzo-img\" style=\"background:url('https:\/\/vendiauto.com\/blog\/wp-content\/uploads\/2010\/12\/Rolls-Royce-Ghost-150x150.jpg') 50% 50% no-repeat;width: 125px;height:90px;margin-bottom: 5px;background-size: cover; \"><\/div>\n\t\t\t\t\t\t\t\t\t  <\/div>\n\t\t\t\t\t\t\t\t\t  \n\t\t\t\t\t\t\t\t   <span class=\"yuzo__text--title\" style=\"font-size:13px;\">Rolls Royce Ghost\u2026vendite a gonfie vele!<\/span>\n\t\t\t\t\t\t\t  \n\t\t\t\t\t\t\t  \n\t\t\t\t\t\t\t  <\/a>\n\n\t\t\t\t\t\t  <\/div>\n<\/div> <script>\n\t\t\t\t\t\t  jQuery(document).ready(function( $ ){\n\t\t\t\t\t\t\t\/\/jQuery('.yuzo_related_post').equalizer({ overflow : 'relatedthumb' });\n\t\t\t\t\t\t\tjQuery('.yuzo_related_post .yuzo_wraps').equalizer({ columns : '> div' });\n\t\t\t\t\t\t   })\n\t\t\t\t\t\t  <\/script> <!-- End Yuzo :) -->","protected":false},"excerpt":{"rendered":"<p>Dopo la sua partecipazione alla recente 65\u00b0 edizione del Festival di Cannes, come accompagnatrice ufficiale di star, nuovi talenti, registi e produttori sul tappeto rosso con l\u2019innovativo urban crosser elettrico Twizy, la berlina elettrica Fluence Z.E. e Latitude, Renault sar\u00e0 protagonista anche durante le notti del cinema dell\u2019Estate Romana. Potrebbe anche Interessarti Novit\u00e0 auto: le [&hellip;]<\/p>\n","protected":false},"author":2,"featured_media":0,"comment_status":"open","ping_status":"open","sticky":false,"template":"","format":"standard","meta":[],"categories":[127],"tags":[1170,1171,1169],"_links":{"self":[{"href":"https:\/\/vendiauto.com\/blog\/wp-json\/wp\/v2\/posts\/5924"}],"collection":[{"href":"https:\/\/vendiauto.com\/blog\/wp-json\/wp\/v2\/posts"}],"about":[{"href":"https:\/\/vendiauto.com\/blog\/wp-json\/wp\/v2\/types\/post"}],"author":[{"embeddable":true,"href":"https:\/\/vendiauto.com\/blog\/wp-json\/wp\/v2\/users\/2"}],"replies":[{"embeddable":true,"href":"https:\/\/vendiauto.com\/blog\/wp-json\/wp\/v2\/comments?post=5924"}],"version-history":[{"count":1,"href":"https:\/\/vendiauto.com\/blog\/wp-json\/wp\/v2\/posts\/5924\/revisions"}],"predecessor-version":[{"id":9821,"href":"https:\/\/vendiauto.com\/blog\/wp-json\/wp\/v2\/posts\/5924\/revisions\/9821"}],"wp:attachment":[{"href":"https:\/\/vendiauto.com\/blog\/wp-json\/wp\/v2\/media?parent=5924"}],"wp:term":[{"taxonomy":"category","embeddable":true,"href":"https:\/\/vendiauto.com\/blog\/wp-json\/wp\/v2\/categories?post=5924"},{"taxonomy":"post_tag","embeddable":true,"href":"https:\/\/vendiauto.com\/blog\/wp-json\/wp\/v2\/tags?post=5924"}],"curies":[{"name":"wp","href":"https:\/\/api.w.org\/{rel}","templated":true}]}}