{"id":6244,"date":"2012-06-26T18:11:47","date_gmt":"2012-06-26T17:11:47","guid":{"rendered":"http:\/\/www.vendiauto.com\/blog\/?p=6244"},"modified":"2016-09-14T15:04:16","modified_gmt":"2016-09-14T14:04:16","slug":"lancia-delta-protagonista-al-final-event-del-progetto-eurofot","status":"publish","type":"post","link":"https:\/\/vendiauto.com\/blog\/lancia-delta-protagonista-al-final-event-del-progetto-eurofot-2012","title":{"rendered":"Lancia Delta protagonista al &#8220;Final Event&#8221; del progetto euroFOT"},"content":{"rendered":"\n<!-- Quick Adsense WordPress Plugin: http:\/\/quickadsense.com\/ -->\n<div style=\"float: none; margin:10px 0 10px 0; text-align:center;\">\n<!--leonative-->\r\n<!-- 5x1 -->\r\n<div id='div-gpt-ad-5x1-0' class='div-gpt-ad div-gpt-ad-inread'>\r\n<script type='text\/javascript'>\r\ngoogletag.cmd.push(function() { googletag.display('div-gpt-ad-5x1-0'); });\r\n<\/script>\r\n<\/div>\n<\/div>\n<p style=\"text-align: center;\"><a href=\"http:\/\/www.vendiauto.com\/blog\/wp-content\/uploads\/2012\/06\/lancia-delta-interni.jpg\"><img class=\"aligncenter  wp-image-6248\" style=\"border: 1px solid black;\" title=\"lancia-delta\" src=\"http:\/\/www.vendiauto.com\/blog\/wp-content\/uploads\/2012\/06\/lancia-delta-interni.jpg\" alt=\"\" width=\"540\" srcset=\"https:\/\/vendiauto.com\/blog\/wp-content\/uploads\/2012\/06\/lancia-delta-interni.jpg 1024w, https:\/\/vendiauto.com\/blog\/wp-content\/uploads\/2012\/06\/lancia-delta-interni-300x217.jpg 300w\" sizes=\"(max-width: 1024px) 100vw, 1024px\" \/><\/a><\/p>\n<p style=\"text-align: justify;\"><strong>&#8220;Field Operational Test&#8221;<\/strong> \u00e8 il progetto nel quale i maggiori costruttori europei hanno verificato, coinvolgendo direttamente i loro Clienti,\u00a0 i benefici in termini di sicurezza ottenibili nelle reali condizioni di traffico con i pi\u00f9 moderni sistemi di assistenza alla guida.<!--more--> Nel corso dell&#8217;evento conclusivo, in\u00a0programma\u00a0dal 26 al 27 giugno a\u00a0Bruxelles, parteciperanno anche\u00a0<strong>Lancia<\/strong> e il <strong>Centro Ricerche<\/strong> <strong>Fiat<\/strong>. In particoalre\u00a0sar\u00e0 esposta una <strong>Lancia Delta<\/strong> equipaggiata con il sofisticato sistema <strong>&#8220;Driving Advisor&#8221;<\/strong>, che avvisa il guidatore dell&#8217;avvicinamento involontario al bordo della corsia causato da attimo di distrazione o \u00a0da un colpo. L&#8217;immagine acquisita da una telecamera posta sul parabrezza viene elaborata per misurare la posizione del veicolo rispetto alle linee che delimitano la\u00a0 corsia di marcia.\u00a0 Se l&#8217;analisi rileva il rischio di una uscita di corsia viene applicata una coppia al volante, ottenuta grazie al servosterzo elettrico di cui la vettura \u00e8 dotata. L&#8217;aspetto chiave del sistema \u00e8 un&#8217;interazione naturale e intuitiva, con informazioni che risultano immediatamente interpretabili e comprensibili, senza necessit\u00e0 di elaborati ragionamenti, a tutto vantaggio della rapidit\u00e0 di risposta e della riduzione del carico cognitivo.\u00a0Il progetto<strong> &#8220;euroFOT&#8221;<\/strong>, giunto alla sua conclusione, fa parte di un grosso sforzo della Commissione Europea per promuovere la diffusione di sistemi avanzati per il supporto alla guida e la sicurezza preventiva,\u00a0 attraverso una concreta ed estesa verifica sul campo, in condizioni reali di traffico, dei benefici che possono dare in termini di sicurezza stradale, come \u00e8 emerso chiaramente nel caso del Driving Advisor di Lancia.<\/p>\n\n<div style=\"font-size: 0px; height: 0px; line-height: 0px; margin: 0; padding: 0; clear: both;\"><\/div><!-- Begin Yuzo --><div class='yuzo_related_post style-1'  data-version='5.12.88'><!-- without result --><div class='yuzo_clearfixed yuzo__title yuzo__title'><h2>Potrebbe anche Interessarti <\/h2><\/div>\n\t\t\t\t\t\t  <div class=\"relatedthumb \" style=\"width:125px;float:left;overflow:hidden;\">  \n\t\t\t\t\t\t\t  \n\t\t\t\t\t\t\t  <a  href=\"https:\/\/vendiauto.com\/blog\/fotografata-su-strada-la-nuova-suv-compatta-di-fiat-la-500x-2014\"  >\n\t\t\t\t\t\t\t\t\t  <div class=\"yuzo-img-wrap \" style=\"width: 125px;height:90px;\">\n\t\t\t\t\t\t\t\t\t\t\n\t\t\t\t\t\t\t\t\t\t<div class=\"yuzo-img\" style=\"background:url('https:\/\/vendiauto.com\/blog\/wp-content\/uploads\/2014\/08\/fiat-500-x-001davanti-150x150.jpg') 50% 50% no-repeat;width: 125px;height:90px;margin-bottom: 5px;background-size: cover; \"><\/div>\n\t\t\t\t\t\t\t\t\t  <\/div>\n\t\t\t\t\t\t\t\t\t  \n\t\t\t\t\t\t\t\t   <span class=\"yuzo__text--title\" style=\"font-size:13px;\">Fotografata su strada la nuova Suv compatta di Fia...<\/span>\n\t\t\t\t\t\t\t  \n\t\t\t\t\t\t\t  \n\t\t\t\t\t\t\t  <\/a>\n\n\t\t\t\t\t\t  <\/div>\n\t\t\t\t\t\t  <div class=\"relatedthumb \" style=\"width:125px;float:left;overflow:hidden;\">  \n\t\t\t\t\t\t\t  \n\t\t\t\t\t\t\t  <a  href=\"https:\/\/vendiauto.com\/blog\/ford-focus-rs-le-mans-classic-2010\"  >\n\t\t\t\t\t\t\t\t\t  <div class=\"yuzo-img-wrap \" style=\"width: 125px;height:90px;\">\n\t\t\t\t\t\t\t\t\t\t\n\t\t\t\t\t\t\t\t\t\t<div class=\"yuzo-img\" style=\"background:url('https:\/\/vendiauto.com\/blog\/wp-content\/uploads\/2010\/06\/ford_focus_rs_le_mans_classic_01-150x150.jpg') 50% 50% no-repeat;width: 125px;height:90px;margin-bottom: 5px;background-size: cover; \"><\/div>\n\t\t\t\t\t\t\t\t\t  <\/div>\n\t\t\t\t\t\t\t\t\t  \n\t\t\t\t\t\t\t\t   <span class=\"yuzo__text--title\" style=\"font-size:13px;\">Ford Focus RS Le Mans Classic<\/span>\n\t\t\t\t\t\t\t  \n\t\t\t\t\t\t\t  \n\t\t\t\t\t\t\t  <\/a>\n\n\t\t\t\t\t\t  <\/div>\n\t\t\t\t\t\t  <div class=\"relatedthumb \" style=\"width:125px;float:left;overflow:hidden;\">  \n\t\t\t\t\t\t\t  \n\t\t\t\t\t\t\t  <a  href=\"https:\/\/vendiauto.com\/blog\/mercedes-pensa-ad-una-piccola-sls-2011\"  >\n\t\t\t\t\t\t\t\t\t  <div class=\"yuzo-img-wrap \" style=\"width: 125px;height:90px;\">\n\t\t\t\t\t\t\t\t\t\t\n\t\t\t\t\t\t\t\t\t\t<div class=\"yuzo-img\" style=\"background:url('https:\/\/vendiauto.com\/blog\/wp-content\/uploads\/2011\/07\/slc-okokok-150x150.jpg') 50% 50% no-repeat;width: 125px;height:90px;margin-bottom: 5px;background-size: cover; \"><\/div>\n\t\t\t\t\t\t\t\t\t  <\/div>\n\t\t\t\t\t\t\t\t\t  \n\t\t\t\t\t\t\t\t   <span class=\"yuzo__text--title\" style=\"font-size:13px;\">Mercedes pensa ad una piccola SLS?<\/span>\n\t\t\t\t\t\t\t  \n\t\t\t\t\t\t\t  \n\t\t\t\t\t\t\t  <\/a>\n\n\t\t\t\t\t\t  <\/div>\n\t\t\t\t\t\t  <div class=\"relatedthumb \" style=\"width:125px;float:left;overflow:hidden;\">  \n\t\t\t\t\t\t\t  \n\t\t\t\t\t\t\t  <a  href=\"https:\/\/vendiauto.com\/blog\/ecco-la-ferrari-f60-america-2014\"  >\n\t\t\t\t\t\t\t\t\t  <div class=\"yuzo-img-wrap \" style=\"width: 125px;height:90px;\">\n\t\t\t\t\t\t\t\t\t\t\n\t\t\t\t\t\t\t\t\t\t<div class=\"yuzo-img\" style=\"background:url('https:\/\/vendiauto.com\/blog\/wp-content\/uploads\/2014\/10\/cq5dam.web_.960.800-3-150x150.jpeg') 50% 50% no-repeat;width: 125px;height:90px;margin-bottom: 5px;background-size: cover; \"><\/div>\n\t\t\t\t\t\t\t\t\t  <\/div>\n\t\t\t\t\t\t\t\t\t  \n\t\t\t\t\t\t\t\t   <span class=\"yuzo__text--title\" style=\"font-size:13px;\">Ecco la Ferrari F60 America!<\/span>\n\t\t\t\t\t\t\t  \n\t\t\t\t\t\t\t  \n\t\t\t\t\t\t\t  <\/a>\n\n\t\t\t\t\t\t  <\/div>\n<\/div> <script>\n\t\t\t\t\t\t  jQuery(document).ready(function( $ ){\n\t\t\t\t\t\t\t\/\/jQuery('.yuzo_related_post').equalizer({ overflow : 'relatedthumb' });\n\t\t\t\t\t\t\tjQuery('.yuzo_related_post .yuzo_wraps').equalizer({ columns : '> div' });\n\t\t\t\t\t\t   })\n\t\t\t\t\t\t  <\/script> <!-- End Yuzo :) -->","protected":false},"excerpt":{"rendered":"<p>&#8220;Field Operational Test&#8221; \u00e8 il progetto nel quale i maggiori costruttori europei hanno verificato, coinvolgendo direttamente i loro Clienti,\u00a0 i benefici in termini di sicurezza ottenibili nelle reali condizioni di traffico con i pi\u00f9 moderni sistemi di assistenza alla guida. Potrebbe anche Interessarti La nuova Spider Alfa Romeo arriver\u00e0 nel 2014? Nuova Fiat 500L: pi\u00f9 [&hellip;]<\/p>\n","protected":false},"author":4,"featured_media":0,"comment_status":"open","ping_status":"open","sticky":false,"template":"","format":"standard","meta":[],"categories":[2109],"tags":[1224,1223,388,397,1225],"_links":{"self":[{"href":"https:\/\/vendiauto.com\/blog\/wp-json\/wp\/v2\/posts\/6244"}],"collection":[{"href":"https:\/\/vendiauto.com\/blog\/wp-json\/wp\/v2\/posts"}],"about":[{"href":"https:\/\/vendiauto.com\/blog\/wp-json\/wp\/v2\/types\/post"}],"author":[{"embeddable":true,"href":"https:\/\/vendiauto.com\/blog\/wp-json\/wp\/v2\/users\/4"}],"replies":[{"embeddable":true,"href":"https:\/\/vendiauto.com\/blog\/wp-json\/wp\/v2\/comments?post=6244"}],"version-history":[{"count":1,"href":"https:\/\/vendiauto.com\/blog\/wp-json\/wp\/v2\/posts\/6244\/revisions"}],"predecessor-version":[{"id":12713,"href":"https:\/\/vendiauto.com\/blog\/wp-json\/wp\/v2\/posts\/6244\/revisions\/12713"}],"wp:attachment":[{"href":"https:\/\/vendiauto.com\/blog\/wp-json\/wp\/v2\/media?parent=6244"}],"wp:term":[{"taxonomy":"category","embeddable":true,"href":"https:\/\/vendiauto.com\/blog\/wp-json\/wp\/v2\/categories?post=6244"},{"taxonomy":"post_tag","embeddable":true,"href":"https:\/\/vendiauto.com\/blog\/wp-json\/wp\/v2\/tags?post=6244"}],"curies":[{"name":"wp","href":"https:\/\/api.w.org\/{rel}","templated":true}]}}