{"id":6278,"date":"2012-06-27T12:11:24","date_gmt":"2012-06-27T11:11:24","guid":{"rendered":"http:\/\/www.vendiauto.com\/blog\/?p=6278"},"modified":"2016-09-14T15:39:21","modified_gmt":"2016-09-14T14:39:21","slug":"toyota-primo-posto-nella-classifica-best-global-green-brands","status":"publish","type":"post","link":"https:\/\/vendiauto.com\/blog\/toyota-primo-posto-nella-classifica-best-global-green-brands-2012","title":{"rendered":"Toyota: primo posto nella classifica &#8220;Best Global Green Brands&#8221;"},"content":{"rendered":"\n<!-- Quick Adsense WordPress Plugin: http:\/\/quickadsense.com\/ -->\n<div style=\"float: none; margin:10px 0 10px 0; text-align:center;\">\n<!--leonative-->\r\n<!-- 5x1 -->\r\n<div id='div-gpt-ad-5x1-0' class='div-gpt-ad div-gpt-ad-inread'>\r\n<script type='text\/javascript'>\r\ngoogletag.cmd.push(function() { googletag.display('div-gpt-ad-5x1-0'); });\r\n<\/script>\r\n<\/div>\n<\/div>\n<p style=\"text-align: center;\"><a href=\"http:\/\/www.vendiauto.com\/blog\/wp-content\/uploads\/2012\/06\/toyota-si-aggiudica-per-il-secondo-anno-consecutivo-il-primo-posto-nella-classifica-best-global-green-brands-auris-hybrid.jpg\"><img class=\"aligncenter  wp-image-6279\" style=\"border: 1px solid black;\" title=\"toyota-si-aggiudica-per-il-secondo-anno-consecutivo-il-primo-posto-nella-classifica-best-global-green-brands-auris-hybrid\" src=\"http:\/\/www.vendiauto.com\/blog\/wp-content\/uploads\/2012\/06\/toyota-si-aggiudica-per-il-secondo-anno-consecutivo-il-primo-posto-nella-classifica-best-global-green-brands-auris-hybrid.jpg\" alt=\"\" width=\"540\" srcset=\"https:\/\/vendiauto.com\/blog\/wp-content\/uploads\/2012\/06\/toyota-si-aggiudica-per-il-secondo-anno-consecutivo-il-primo-posto-nella-classifica-best-global-green-brands-auris-hybrid.jpg 800w, https:\/\/vendiauto.com\/blog\/wp-content\/uploads\/2012\/06\/toyota-si-aggiudica-per-il-secondo-anno-consecutivo-il-primo-posto-nella-classifica-best-global-green-brands-auris-hybrid-300x189.jpg 300w\" sizes=\"(max-width: 800px) 100vw, 800px\" \/><\/a><\/p>\n<p style=\"text-align: justify;\">Nel secondo rapporto annuale <strong>\u201cBest Global Green Brands\u201d<\/strong>, la classifica dei brand pi\u00f9 ecologici stilata dalla societ\u00e0 di consulenza Interbrand, <strong>Toyota<\/strong> ha mantenuto per il secondo anno consecutivo il gradino pi\u00f9 alto del podio.\u00a0<!--more-->Lo studio, che prende in considerazione le informazioni pubbliche sulle prestazioni ambientali delle principali aziende, i dati affiancati anche dalle opinioni del pubblico sulla capacit\u00e0 nella promozione della sostenibilit\u00e0 ambientale, o della \u201cgreen image\u201d, ha lo scopo di definire e diffondere i risultati ecologici conseguiti da ciascun brand. Per il futuro l&#8217;intento di Toyota \u00e8\u00a0di realizzare la \u2018eco car\u2019 per eccellenza, oltre che un impegno costante nelle operazioni sostenibili, puntando alla riduzione delle emissioni carboniche anche all\u2019interno delle fasi di produzione e vendita. Il brand sta inoltre lavorando nel tentativo di preservare le risorse naturali mondiali mediante il riutilizzo e il riciclaggio dei materiali.\u00a0A partire da quest\u2019anno, la famiglia Prius sar\u00e0 formata in Europa dalla Toyota <strong>Prius<\/strong> convenzionale, della monovolume sette posti Toyota <strong>Prius+<\/strong> e della ricaricabile Toyota <strong>Prius Plug-in<\/strong>. Nel 2010 era stata inoltre lanciata la <strong>Auris Hybrid<\/strong> e ora la rivoluzione silenziosa di Toyota raggiunge anche il segmento B grazie a <strong>Yaris Hybrid<\/strong>.<\/p>\n<p>&nbsp;<\/p>\n\n<div style=\"font-size: 0px; height: 0px; line-height: 0px; margin: 0; padding: 0; clear: both;\"><\/div><!-- Begin Yuzo --><div class='yuzo_related_post style-1'  data-version='5.12.88'><!-- without result --><div class='yuzo_clearfixed yuzo__title yuzo__title'><h2>Potrebbe anche Interessarti <\/h2><\/div>\n\t\t\t\t\t\t  <div class=\"relatedthumb \" style=\"width:125px;float:left;overflow:hidden;\">  \n\t\t\t\t\t\t\t  \n\t\t\t\t\t\t\t  <a  href=\"https:\/\/vendiauto.com\/blog\/lats-automobili-resta-in-italia-2014\"  >\n\t\t\t\t\t\t\t\t\t  <div class=\"yuzo-img-wrap \" style=\"width: 125px;height:90px;\">\n\t\t\t\t\t\t\t\t\t\t\n\t\t\t\t\t\t\t\t\t\t<div class=\"yuzo-img\" style=\"background:url('https:\/\/vendiauto.com\/blog\/wp-content\/uploads\/2014\/11\/ats-leggera_4-150x150.jpg') 50% 50% no-repeat;width: 125px;height:90px;margin-bottom: 5px;background-size: cover; \"><\/div>\n\t\t\t\t\t\t\t\t\t  <\/div>\n\t\t\t\t\t\t\t\t\t  \n\t\t\t\t\t\t\t\t   <span class=\"yuzo__text--title\" style=\"font-size:13px;\">L\u2019ATS-Automobili resta in Italia: ecco il co...<\/span>\n\t\t\t\t\t\t\t  \n\t\t\t\t\t\t\t  \n\t\t\t\t\t\t\t  <\/a>\n\n\t\t\t\t\t\t  <\/div>\n\t\t\t\t\t\t  <div class=\"relatedthumb \" style=\"width:125px;float:left;overflow:hidden;\">  \n\t\t\t\t\t\t\t  \n\t\t\t\t\t\t\t  <a  href=\"https:\/\/vendiauto.com\/blog\/pininfarina-cambiano-al-salone-di-ginevra-la-nuova-concept-car-2012\"  >\n\t\t\t\t\t\t\t\t\t  <div class=\"yuzo-img-wrap \" style=\"width: 125px;height:90px;\">\n\t\t\t\t\t\t\t\t\t\t\n\t\t\t\t\t\t\t\t\t\t<div class=\"yuzo-img\" style=\"background:url('https:\/\/vendiauto.com\/blog\/wp-content\/uploads\/2012\/01\/PININFARINA-CAMBIANO-150x150.jpg') 50% 50% no-repeat;width: 125px;height:90px;margin-bottom: 5px;background-size: cover; \"><\/div>\n\t\t\t\t\t\t\t\t\t  <\/div>\n\t\t\t\t\t\t\t\t\t  \n\t\t\t\t\t\t\t\t   <span class=\"yuzo__text--title\" style=\"font-size:13px;\">Pininfarina Cambiano, al Salone di Ginevra la nuov...<\/span>\n\t\t\t\t\t\t\t  \n\t\t\t\t\t\t\t  \n\t\t\t\t\t\t\t  <\/a>\n\n\t\t\t\t\t\t  <\/div>\n\t\t\t\t\t\t  <div class=\"relatedthumb \" style=\"width:125px;float:left;overflow:hidden;\">  \n\t\t\t\t\t\t\t  \n\t\t\t\t\t\t\t  <a  href=\"https:\/\/vendiauto.com\/blog\/sesso-in-autopiace-a-8-italiani-su-10-2012\"  >\n\t\t\t\t\t\t\t\t\t  <div class=\"yuzo-img-wrap \" style=\"width: 125px;height:90px;\">\n\t\t\t\t\t\t\t\t\t\t\n\t\t\t\t\t\t\t\t\t\t<div class=\"yuzo-img\" style=\"background:url('https:\/\/vendiauto.com\/blog\/wp-content\/uploads\/2012\/02\/sesso-in-auto-sondaggio-150x150.jpg') 50% 50% no-repeat;width: 125px;height:90px;margin-bottom: 5px;background-size: cover; \"><\/div>\n\t\t\t\t\t\t\t\t\t  <\/div>\n\t\t\t\t\t\t\t\t\t  \n\t\t\t\t\t\t\t\t   <span class=\"yuzo__text--title\" style=\"font-size:13px;\">Sesso in auto:piace a 8 italiani su 10<\/span>\n\t\t\t\t\t\t\t  \n\t\t\t\t\t\t\t  \n\t\t\t\t\t\t\t  <\/a>\n\n\t\t\t\t\t\t  <\/div>\n\t\t\t\t\t\t  <div class=\"relatedthumb \" style=\"width:125px;float:left;overflow:hidden;\">  \n\t\t\t\t\t\t\t  \n\t\t\t\t\t\t\t  <a  href=\"https:\/\/vendiauto.com\/blog\/primo-teaser-della-lexus-cabrio-lf-c2-2014\"  >\n\t\t\t\t\t\t\t\t\t  <div class=\"yuzo-img-wrap \" style=\"width: 125px;height:90px;\">\n\t\t\t\t\t\t\t\t\t\t\n\t\t\t\t\t\t\t\t\t\t<div class=\"yuzo-img\" style=\"background:url('https:\/\/vendiauto.com\/blog\/wp-content\/uploads\/2014\/11\/cq5dam.web_.650.600-11-150x150.jpeg') 50% 50% no-repeat;width: 125px;height:90px;margin-bottom: 5px;background-size: cover; \"><\/div>\n\t\t\t\t\t\t\t\t\t  <\/div>\n\t\t\t\t\t\t\t\t\t  \n\t\t\t\t\t\t\t\t   <span class=\"yuzo__text--title\" style=\"font-size:13px;\">Primo teaser della Lexus cabrio LF-C2<\/span>\n\t\t\t\t\t\t\t  \n\t\t\t\t\t\t\t  \n\t\t\t\t\t\t\t  <\/a>\n\n\t\t\t\t\t\t  <\/div>\n<\/div> <script>\n\t\t\t\t\t\t  jQuery(document).ready(function( $ ){\n\t\t\t\t\t\t\t\/\/jQuery('.yuzo_related_post').equalizer({ overflow : 'relatedthumb' });\n\t\t\t\t\t\t\tjQuery('.yuzo_related_post .yuzo_wraps').equalizer({ columns : '> div' });\n\t\t\t\t\t\t   })\n\t\t\t\t\t\t  <\/script> <!-- End Yuzo :) -->","protected":false},"excerpt":{"rendered":"<p>Nel secondo rapporto annuale \u201cBest Global Green Brands\u201d, la classifica dei brand pi\u00f9 ecologici stilata dalla societ\u00e0 di consulenza Interbrand, Toyota ha mantenuto per il secondo anno consecutivo il gradino pi\u00f9 alto del podio.\u00a0 Potrebbe anche Interessarti Automobili e musica: le ferrari dei videoclip.. Al via l\u2019appuntamento invernale con il mondo Jeep&#8230; Jaguar al Fuorisalone [&hellip;]<\/p>\n","protected":false},"author":4,"featured_media":0,"comment_status":"open","ping_status":"open","sticky":false,"template":"","format":"standard","meta":[],"categories":[2110],"tags":[1235,1236,160,459,884],"_links":{"self":[{"href":"https:\/\/vendiauto.com\/blog\/wp-json\/wp\/v2\/posts\/6278"}],"collection":[{"href":"https:\/\/vendiauto.com\/blog\/wp-json\/wp\/v2\/posts"}],"about":[{"href":"https:\/\/vendiauto.com\/blog\/wp-json\/wp\/v2\/types\/post"}],"author":[{"embeddable":true,"href":"https:\/\/vendiauto.com\/blog\/wp-json\/wp\/v2\/users\/4"}],"replies":[{"embeddable":true,"href":"https:\/\/vendiauto.com\/blog\/wp-json\/wp\/v2\/comments?post=6278"}],"version-history":[{"count":1,"href":"https:\/\/vendiauto.com\/blog\/wp-json\/wp\/v2\/posts\/6278\/revisions"}],"predecessor-version":[{"id":12834,"href":"https:\/\/vendiauto.com\/blog\/wp-json\/wp\/v2\/posts\/6278\/revisions\/12834"}],"wp:attachment":[{"href":"https:\/\/vendiauto.com\/blog\/wp-json\/wp\/v2\/media?parent=6278"}],"wp:term":[{"taxonomy":"category","embeddable":true,"href":"https:\/\/vendiauto.com\/blog\/wp-json\/wp\/v2\/categories?post=6278"},{"taxonomy":"post_tag","embeddable":true,"href":"https:\/\/vendiauto.com\/blog\/wp-json\/wp\/v2\/tags?post=6278"}],"curies":[{"name":"wp","href":"https:\/\/api.w.org\/{rel}","templated":true}]}}