{"id":6402,"date":"2012-07-09T15:00:06","date_gmt":"2012-07-09T14:00:06","guid":{"rendered":"http:\/\/www.vendiauto.com\/blog\/?p=6402"},"modified":"2016-09-14T15:39:14","modified_gmt":"2016-09-14T14:39:14","slug":"nissan-juke-box-porta-in-strada-ministry-of-sound-inizia-il-tour-estivo","status":"publish","type":"post","link":"https:\/\/vendiauto.com\/blog\/nissan-juke-box-porta-in-strada-ministry-of-sound-inizia-il-tour-estivo-2012","title":{"rendered":"Nissan Juke Box porta in strada Ministry of Sound: inizia il tour estivo"},"content":{"rendered":"\n<!-- Quick Adsense WordPress Plugin: http:\/\/quickadsense.com\/ -->\n<div style=\"float: none; margin:10px 0 10px 0; text-align:center;\">\n<!--leonative-->\r\n<!-- 5x1 -->\r\n<div id='div-gpt-ad-5x1-0' class='div-gpt-ad div-gpt-ad-inread'>\r\n<script type='text\/javascript'>\r\ngoogletag.cmd.push(function() { googletag.display('div-gpt-ad-5x1-0'); });\r\n<\/script>\r\n<\/div>\n<\/div>\n<p style=\"text-align: left;\"><img class=\"aligncenter  wp-image-6403\" style=\"border: 1px solid black;\" title=\"nissan-juke-box-porta-in-strada-ministry-of-sound-inizia-il-tour-estivo-foto\" src=\"http:\/\/www.vendiauto.com\/blog\/wp-content\/uploads\/2012\/07\/nissan-juke-box-porta-in-strada-ministry-of-sound-inizia-il-tour-estivo-foto.png\" alt=\"\" width=\"530\" srcset=\"https:\/\/vendiauto.com\/blog\/wp-content\/uploads\/2012\/07\/nissan-juke-box-porta-in-strada-ministry-of-sound-inizia-il-tour-estivo-foto.png 1024w, https:\/\/vendiauto.com\/blog\/wp-content\/uploads\/2012\/07\/nissan-juke-box-porta-in-strada-ministry-of-sound-inizia-il-tour-estivo-foto-300x168.png 300w\" sizes=\"(max-width: 1024px) 100vw, 1024px\" \/><\/p>\n<p style=\"text-align: left;\">I primi di luglio \u00e8 iniziato il tour europeo \u201c<strong>Juke Box Summer Sessions<\/strong>\u201d\u00a0che durer\u00e0 12 settimane. Protagonista del tour sar\u00e0 il crossover di <strong>Nissan, <\/strong>per celebrare l&#8217;impianto audio mobile pi\u00f9 potente al mono: il<strong>\u00a0Juke Box.<!--more--><\/strong><\/p>\n<p style=\"text-align: left;\">Tra i principali eventi previsti nel tour, ci sono il festival Zomerkriebels nei Paesi Bassi (tenutosi il 7 luglio) e il\u00a0Formula Student 2012 a Silverstone in Gran Bretagna (13 luglio). Poi, il 20 luglio, il leggendario club spagnolo La\u00a0Terrazza di Barcellona ospiter\u00e0 il <strong>Juke Box<\/strong>, prima che venga riportato nel Regno<br \/>\nUnito dove sar\u00e0 a fianco dell\u2019artista di <strong>Ministry of Sound HADOUKEN<\/strong>!, che si esibir\u00e0 alla fine del mese in un concerto\u00a0live nel celebre Box di Ministry of Sound a Londra.<br \/>\n<strong>Nissan Juke Box<\/strong> \u00e8 l \u2019impianto audio mobile pi\u00f9 potente al mondo in grado di generare 18.900\u00a0W di potenza audio e pi\u00f9 di 150db (pi\u00f9 forte di un jumbo jet in decollo).<br \/>\nDurante il tour, l\u2019impianto audio, la consolle per il DJ e l\u2019impianto di\u00a0illuminazione progettato su misura, saranno messi alla prova da alcuni dei DJ resident pi\u00f9 popolari di Ministry of\u00a0Sound, tra cui <em>Shane Kehoe<\/em>, <em>Joelle Atkins e Des Paul<\/em>, conduttore della trasmissione radiofonica \u201cNissan Juke\u00a0Box Sessions\u201d.<\/p>\n<p>Durante le tappe del tour estivo, i suoni di ogni DJ set saranno registrati da Juke Box grazie allo studio radiofonico digitale incorporato, e tutti gli appassionati di musica dance di tutta Europa potranno riascoltare le registrazioni durante il programma radio <em>&#8220;Nissan Juke Box Sessions&#8221;<\/em>, trasmesso online ogni due settimane, il luned\u00ec dalle 17.00 alle\u00a019.00, sul <em>canale radio digitale di Ministry of Sound.<\/em><br \/>\nSU Facebook inoltre, tutti i fan potranno ascoltare gli spettacoli tramite un apposito widget inserito nella <em>pagina Nissan Juke\u00a0Official Facebook page<\/em>.<\/p>\n<p style=\"text-align: left;\"><strong>Appuntamenti del tour \u201cJuke Box Summer Sessions\u201d:<br \/>\n<\/strong><br \/>\n7 luglio \u2013 Ministry of Sound al festival di Zomerkriebels, Paesi Bassi<br \/>\n13 e 14 luglio \u2013 Formula Student 2012 a Silverstone, Regno Unito<br \/>\n20 luglio \u2013 Ministry of Sound presso La Terrazza, Barcellona, Spagna<br \/>\n26 luglio \u2013 Concerto live di HADOUKEN! Presso il Ministry of Sound di Londra, Regno Unito<br \/>\n28 luglio \u2013 Ministry of Sound al Millers, L\u2019Aia, Paesi Bassi<br \/>\n4 agosto \u2013 Spindler &amp; Klatt, Berlino, Germania<\/p>\n\n<div style=\"font-size: 0px; height: 0px; line-height: 0px; margin: 0; padding: 0; clear: both;\"><\/div><!-- Begin Yuzo --><div class='yuzo_related_post style-1'  data-version='5.12.88'><!-- without result --><div class='yuzo_clearfixed yuzo__title yuzo__title'><h2>Potrebbe anche Interessarti <\/h2><\/div>\n\t\t\t\t\t\t  <div class=\"relatedthumb \" style=\"width:125px;float:left;overflow:hidden;\">  \n\t\t\t\t\t\t\t  \n\t\t\t\t\t\t\t  <a  href=\"https:\/\/vendiauto.com\/blog\/lancia-e-main-sponsor-della-mostra-internazionale-darte-cinematografica-di-venezia-2012\"  >\n\t\t\t\t\t\t\t\t\t  <div class=\"yuzo-img-wrap \" style=\"width: 125px;height:90px;\">\n\t\t\t\t\t\t\t\t\t\t\n\t\t\t\t\t\t\t\t\t\t<div class=\"yuzo-img\" style=\"background:url('https:\/\/vendiauto.com\/blog\/wp-content\/uploads\/2012\/05\/L_Thema-150x150.jpg') 50% 50% no-repeat;width: 125px;height:90px;margin-bottom: 5px;background-size: cover; \"><\/div>\n\t\t\t\t\t\t\t\t\t  <\/div>\n\t\t\t\t\t\t\t\t\t  \n\t\t\t\t\t\t\t\t   <span class=\"yuzo__text--title\" style=\"font-size:13px;\">Lancia \u00e8 main sponsor della Mostra Internazionale ...<\/span>\n\t\t\t\t\t\t\t  \n\t\t\t\t\t\t\t  \n\t\t\t\t\t\t\t  <\/a>\n\n\t\t\t\t\t\t  <\/div>\n\t\t\t\t\t\t  <div class=\"relatedthumb \" style=\"width:125px;float:left;overflow:hidden;\">  \n\t\t\t\t\t\t\t  \n\t\t\t\t\t\t\t  <a  href=\"https:\/\/vendiauto.com\/blog\/nuova-ferrari-ff-2011-2011\"  >\n\t\t\t\t\t\t\t\t\t  <div class=\"yuzo-img-wrap \" style=\"width: 125px;height:90px;\">\n\t\t\t\t\t\t\t\t\t\t\n\t\t\t\t\t\t\t\t\t\t<div class=\"yuzo-img\" style=\"background:url('https:\/\/vendiauto.com\/blog\/wp-content\/uploads\/2011\/01\/320124_5296_big_ferrari-ff-1dietro-150x150.jpg') 50% 50% no-repeat;width: 125px;height:90px;margin-bottom: 5px;background-size: cover; \"><\/div>\n\t\t\t\t\t\t\t\t\t  <\/div>\n\t\t\t\t\t\t\t\t\t  \n\t\t\t\t\t\t\t\t   <span class=\"yuzo__text--title\" style=\"font-size:13px;\">Nuova Ferrari FF 2011<\/span>\n\t\t\t\t\t\t\t  \n\t\t\t\t\t\t\t  \n\t\t\t\t\t\t\t  <\/a>\n\n\t\t\t\t\t\t  <\/div>\n\t\t\t\t\t\t  <div class=\"relatedthumb \" style=\"width:125px;float:left;overflow:hidden;\">  \n\t\t\t\t\t\t\t  \n\t\t\t\t\t\t\t  <a  href=\"https:\/\/vendiauto.com\/blog\/nuova-audi-a3-sedan-my2013-2013\"  >\n\t\t\t\t\t\t\t\t\t  <div class=\"yuzo-img-wrap \" style=\"width: 125px;height:90px;\">\n\t\t\t\t\t\t\t\t\t\t\n\t\t\t\t\t\t\t\t\t\t<div class=\"yuzo-img\" style=\"background:url('https:\/\/vendiauto.com\/blog\/wp-content\/uploads\/2013\/07\/Audi-A3-berlina-vendiauto-150x150.jpg') 50% 50% no-repeat;width: 125px;height:90px;margin-bottom: 5px;background-size: cover; \"><\/div>\n\t\t\t\t\t\t\t\t\t  <\/div>\n\t\t\t\t\t\t\t\t\t  \n\t\t\t\t\t\t\t\t   <span class=\"yuzo__text--title\" style=\"font-size:13px;\">Nuova Audi A3 Sedan MY2013<\/span>\n\t\t\t\t\t\t\t  \n\t\t\t\t\t\t\t  \n\t\t\t\t\t\t\t  <\/a>\n\n\t\t\t\t\t\t  <\/div>\n\t\t\t\t\t\t  <div class=\"relatedthumb \" style=\"width:125px;float:left;overflow:hidden;\">  \n\t\t\t\t\t\t\t  \n\t\t\t\t\t\t\t  <a  href=\"https:\/\/vendiauto.com\/blog\/ferrari-f12-in-vendita-a-274-400-euro-2012\"  >\n\t\t\t\t\t\t\t\t\t  <div class=\"yuzo-img-wrap \" style=\"width: 125px;height:90px;\">\n\t\t\t\t\t\t\t\t\t\t\n\t\t\t\t\t\t\t\t\t\t<div class=\"yuzo-img\" style=\"background:url('https:\/\/vendiauto.com\/blog\/wp-content\/uploads\/2012\/07\/Ferrari-F12-Berlinetta-07-150x150.jpg') 50% 50% no-repeat;width: 125px;height:90px;margin-bottom: 5px;background-size: cover; \"><\/div>\n\t\t\t\t\t\t\t\t\t  <\/div>\n\t\t\t\t\t\t\t\t\t  \n\t\t\t\t\t\t\t\t   <span class=\"yuzo__text--title\" style=\"font-size:13px;\">Ferrari F12 in vendita a 274.400 euro!<\/span>\n\t\t\t\t\t\t\t  \n\t\t\t\t\t\t\t  \n\t\t\t\t\t\t\t  <\/a>\n\n\t\t\t\t\t\t  <\/div>\n<\/div> <script>\n\t\t\t\t\t\t  jQuery(document).ready(function( $ ){\n\t\t\t\t\t\t\t\/\/jQuery('.yuzo_related_post').equalizer({ overflow : 'relatedthumb' });\n\t\t\t\t\t\t\tjQuery('.yuzo_related_post .yuzo_wraps').equalizer({ columns : '> div' });\n\t\t\t\t\t\t   })\n\t\t\t\t\t\t  <\/script> <!-- End Yuzo :) -->","protected":false},"excerpt":{"rendered":"<p>I primi di luglio \u00e8 iniziato il tour europeo \u201cJuke Box Summer Sessions\u201d\u00a0che durer\u00e0 12 settimane. Protagonista del tour sar\u00e0 il crossover di Nissan, per celebrare l&#8217;impianto audio mobile pi\u00f9 potente al mono: il\u00a0Juke Box. Potrebbe anche Interessarti Al Salone di Ginevra la Koenigsegg Agera R Model Y&#8230; Nuovissima Audi A1 Nuova Fiat Panda Fiat [&hellip;]<\/p>\n","protected":false},"author":2,"featured_media":0,"comment_status":"open","ping_status":"open","sticky":false,"template":"","format":"standard","meta":[],"categories":[2110],"tags":[1276,1275],"_links":{"self":[{"href":"https:\/\/vendiauto.com\/blog\/wp-json\/wp\/v2\/posts\/6402"}],"collection":[{"href":"https:\/\/vendiauto.com\/blog\/wp-json\/wp\/v2\/posts"}],"about":[{"href":"https:\/\/vendiauto.com\/blog\/wp-json\/wp\/v2\/types\/post"}],"author":[{"embeddable":true,"href":"https:\/\/vendiauto.com\/blog\/wp-json\/wp\/v2\/users\/2"}],"replies":[{"embeddable":true,"href":"https:\/\/vendiauto.com\/blog\/wp-json\/wp\/v2\/comments?post=6402"}],"version-history":[{"count":1,"href":"https:\/\/vendiauto.com\/blog\/wp-json\/wp\/v2\/posts\/6402\/revisions"}],"predecessor-version":[{"id":9809,"href":"https:\/\/vendiauto.com\/blog\/wp-json\/wp\/v2\/posts\/6402\/revisions\/9809"}],"wp:attachment":[{"href":"https:\/\/vendiauto.com\/blog\/wp-json\/wp\/v2\/media?parent=6402"}],"wp:term":[{"taxonomy":"category","embeddable":true,"href":"https:\/\/vendiauto.com\/blog\/wp-json\/wp\/v2\/categories?post=6402"},{"taxonomy":"post_tag","embeddable":true,"href":"https:\/\/vendiauto.com\/blog\/wp-json\/wp\/v2\/tags?post=6402"}],"curies":[{"name":"wp","href":"https:\/\/api.w.org\/{rel}","templated":true}]}}