{"id":6611,"date":"2012-08-01T16:57:55","date_gmt":"2012-08-01T15:57:55","guid":{"rendered":"http:\/\/www.vendiauto.com\/blog\/?p=6611"},"modified":"2016-09-14T15:38:56","modified_gmt":"2016-09-14T14:38:56","slug":"infiniti-emerg-e-vince-lautomotive-brand-contest-2012-per-le-concept-cars","status":"publish","type":"post","link":"https:\/\/vendiauto.com\/blog\/infiniti-emerg-e-vince-lautomotive-brand-contest-2012-per-le-concept-cars-2012","title":{"rendered":"Infiniti Emerg-e vince l&#8217;Automotive brand contest 2012 per le concept cars"},"content":{"rendered":"\n<!-- Quick Adsense WordPress Plugin: http:\/\/quickadsense.com\/ -->\n<div style=\"float: none; margin:10px 0 10px 0; text-align:center;\">\n<!--leonative-->\r\n<!-- 5x1 -->\r\n<div id='div-gpt-ad-5x1-0' class='div-gpt-ad div-gpt-ad-inread'>\r\n<script type='text\/javascript'>\r\ngoogletag.cmd.push(function() { googletag.display('div-gpt-ad-5x1-0'); });\r\n<\/script>\r\n<\/div>\n<\/div>\n<p style=\"text-align: center;\"><a href=\"http:\/\/www.vendiauto.com\/blog\/wp-content\/uploads\/2012\/08\/infiniti-emerg-e-vince-lautomotive-brand-contest-2012-per-le-concept-cars-infiniti-emerg-e-front-hires.jpg\"><img class=\"aligncenter  wp-image-6612\" style=\"border: 1px solid black;\" title=\"infiniti-emerg-e-vince-lautomotive-brand-contest-2012-per-le-concept-cars\" src=\"http:\/\/www.vendiauto.com\/blog\/wp-content\/uploads\/2012\/08\/infiniti-emerg-e-vince-lautomotive-brand-contest-2012-per-le-concept-cars-infiniti-emerg-e-front-hires.jpg\" alt=\"\" width=\"540\" srcset=\"https:\/\/vendiauto.com\/blog\/wp-content\/uploads\/2012\/08\/infiniti-emerg-e-vince-lautomotive-brand-contest-2012-per-le-concept-cars-infiniti-emerg-e-front-hires.jpg 1024w, https:\/\/vendiauto.com\/blog\/wp-content\/uploads\/2012\/08\/infiniti-emerg-e-vince-lautomotive-brand-contest-2012-per-le-concept-cars-infiniti-emerg-e-front-hires-300x200.jpg 300w\" sizes=\"(max-width: 1024px) 100vw, 1024px\" \/><\/a><\/p>\n<p style=\"text-align: justify;\"><strong>Infiniti Emerg-e<\/strong>, la prima elettrica ad autonomia estesa del marchio, lanciata al salone di Ginevra all\u2019inizio dell\u2019anno\u00a0\u00a0\u00e8 la vincitrice del prestigioso premio <strong>\u201cAutomotive Brand Contest 2012\u201d<\/strong> per la categoria delle concept car. Il premio sar\u00e0 ufficialmente consegnato il 27 Settembre al Salone di Parigi, e \u00a0riconosce l\u2019eccellenza e l\u2019innovazione nel design, celebrando l\u2019approccio fresco e fluido di Infiniti, che si evidenzia nelle curve che esaltano l\u2019aerodinamica di Infiniti Emerg-e.<!--more--> Ma le conferme ottenute nei mesi\u00a0precedenti\u00a0non lasciavano dubbi del grande successo che questa vettura avrebbe avuto e questo riconoscimento \u00e8 la prova tangibile dell\u2019intenzione di Infiniti di produrre un audace e iconico modello, simbolo della promessa Infiniti di \u201cInspired Performance\u201d. Una novit\u00e0 per il mercato europeo anche perch\u00e8 Emerg-e \u00e8 il primo progetto Infiniti realizzato inquesto continente. La concept car \u00e8 stata realizzata attraverso la partnership del marchio con il progetto \u201cTechnology Strategy Board del governo inglese, che mira a velocizzare l\u2019immissione sul mercato di veicoli a basso impatto ambientale.<\/p>\n\n<div style=\"font-size: 0px; height: 0px; line-height: 0px; margin: 0; padding: 0; clear: both;\"><\/div><!-- Begin Yuzo --><div class='yuzo_related_post style-1'  data-version='5.12.88'><!-- without result --><div class='yuzo_clearfixed yuzo__title yuzo__title'><h2>Potrebbe anche Interessarti <\/h2><\/div>\n\t\t\t\t\t\t  <div class=\"relatedthumb \" style=\"width:125px;float:left;overflow:hidden;\">  \n\t\t\t\t\t\t\t  \n\t\t\t\t\t\t\t  <a  href=\"https:\/\/vendiauto.com\/blog\/top-marques-2012-lamborghini-aventador-lp-700-4-2012\"  >\n\t\t\t\t\t\t\t\t\t  <div class=\"yuzo-img-wrap \" style=\"width: 125px;height:90px;\">\n\t\t\t\t\t\t\t\t\t\t\n\t\t\t\t\t\t\t\t\t\t<div class=\"yuzo-img\" style=\"background:url('https:\/\/vendiauto.com\/blog\/wp-content\/uploads\/2012\/05\/lamborghini-150x150.jpg') 50% 50% no-repeat;width: 125px;height:90px;margin-bottom: 5px;background-size: cover; \"><\/div>\n\t\t\t\t\t\t\t\t\t  <\/div>\n\t\t\t\t\t\t\t\t\t  \n\t\t\t\t\t\t\t\t   <span class=\"yuzo__text--title\" style=\"font-size:13px;\">Top Marques 2012: Lamborghini Aventador LP 700 \u2013 4...<\/span>\n\t\t\t\t\t\t\t  \n\t\t\t\t\t\t\t  \n\t\t\t\t\t\t\t  <\/a>\n\n\t\t\t\t\t\t  <\/div>\n\t\t\t\t\t\t  <div class=\"relatedthumb \" style=\"width:125px;float:left;overflow:hidden;\">  \n\t\t\t\t\t\t\t  \n\t\t\t\t\t\t\t  <a  href=\"https:\/\/vendiauto.com\/blog\/video-teaser-del-nuovo-suv-bentley-2014\"  >\n\t\t\t\t\t\t\t\t\t  <div class=\"yuzo-img-wrap \" style=\"width: 125px;height:90px;\">\n\t\t\t\t\t\t\t\t\t\t\n\t\t\t\t\t\t\t\t\t\t<div class=\"yuzo-img\" style=\"background:url('https:\/\/vendiauto.com\/blog\/wp-content\/uploads\/2014\/11\/bentley-suv-concept-150x150.jpg') 50% 50% no-repeat;width: 125px;height:90px;margin-bottom: 5px;background-size: cover; \"><\/div>\n\t\t\t\t\t\t\t\t\t  <\/div>\n\t\t\t\t\t\t\t\t\t  \n\t\t\t\t\t\t\t\t   <span class=\"yuzo__text--title\" style=\"font-size:13px;\">Video teaser del nuovo suv Bentley!<\/span>\n\t\t\t\t\t\t\t  \n\t\t\t\t\t\t\t  \n\t\t\t\t\t\t\t  <\/a>\n\n\t\t\t\t\t\t  <\/div>\n\t\t\t\t\t\t  <div class=\"relatedthumb \" style=\"width:125px;float:left;overflow:hidden;\">  \n\t\t\t\t\t\t\t  \n\t\t\t\t\t\t\t  <a  href=\"https:\/\/vendiauto.com\/blog\/debutto-a-venezia-del-film-di-muccino-prodotto-da-lancia-she-was-here-2012\"  >\n\t\t\t\t\t\t\t\t\t  <div class=\"yuzo-img-wrap \" style=\"width: 125px;height:90px;\">\n\t\t\t\t\t\t\t\t\t\t\n\t\t\t\t\t\t\t\t\t\t<div class=\"yuzo-img\" style=\"background:url('https:\/\/vendiauto.com\/blog\/wp-content\/uploads\/2012\/09\/she-was-here-lancia-muccino-150x150.jpg') 50% 50% no-repeat;width: 125px;height:90px;margin-bottom: 5px;background-size: cover; \"><\/div>\n\t\t\t\t\t\t\t\t\t  <\/div>\n\t\t\t\t\t\t\t\t\t  \n\t\t\t\t\t\t\t\t   <span class=\"yuzo__text--title\" style=\"font-size:13px;\">Debutto a Venezia del film di Muccino prodotto da ...<\/span>\n\t\t\t\t\t\t\t  \n\t\t\t\t\t\t\t  \n\t\t\t\t\t\t\t  <\/a>\n\n\t\t\t\t\t\t  <\/div>\n\t\t\t\t\t\t  <div class=\"relatedthumb \" style=\"width:125px;float:left;overflow:hidden;\">  \n\t\t\t\t\t\t\t  \n\t\t\t\t\t\t\t  <a  href=\"https:\/\/vendiauto.com\/blog\/per-la-prima-volta-la-nuova-viper-sara-dotata-di-esp-2011\"  >\n\t\t\t\t\t\t\t\t\t  <div class=\"yuzo-img-wrap \" style=\"width: 125px;height:90px;\">\n\t\t\t\t\t\t\t\t\t\t\n\t\t\t\t\t\t\t\t\t\t<div class=\"yuzo-img\" style=\"background:url('https:\/\/vendiauto.com\/blog\/wp-content\/uploads\/2011\/04\/DodgeViperTesting-150x150.jpg') 50% 50% no-repeat;width: 125px;height:90px;margin-bottom: 5px;background-size: cover; \"><\/div>\n\t\t\t\t\t\t\t\t\t  <\/div>\n\t\t\t\t\t\t\t\t\t  \n\t\t\t\t\t\t\t\t   <span class=\"yuzo__text--title\" style=\"font-size:13px;\">Per la prima volta la nuova Viper sar\u00e0 dotata di E...<\/span>\n\t\t\t\t\t\t\t  \n\t\t\t\t\t\t\t  \n\t\t\t\t\t\t\t  <\/a>\n\n\t\t\t\t\t\t  <\/div>\n<\/div> <script>\n\t\t\t\t\t\t  jQuery(document).ready(function( $ ){\n\t\t\t\t\t\t\t\/\/jQuery('.yuzo_related_post').equalizer({ overflow : 'relatedthumb' });\n\t\t\t\t\t\t\tjQuery('.yuzo_related_post .yuzo_wraps').equalizer({ columns : '> div' });\n\t\t\t\t\t\t   })\n\t\t\t\t\t\t  <\/script> <!-- End Yuzo :) -->","protected":false},"excerpt":{"rendered":"<p>Infiniti Emerg-e, la prima elettrica ad autonomia estesa del marchio, lanciata al salone di Ginevra all\u2019inizio dell\u2019anno\u00a0\u00a0\u00e8 la vincitrice del prestigioso premio \u201cAutomotive Brand Contest 2012\u201d per la categoria delle concept car. Il premio sar\u00e0 ufficialmente consegnato il 27 Settembre al Salone di Parigi, e \u00a0riconosce l\u2019eccellenza e l\u2019innovazione nel design, celebrando l\u2019approccio fresco e [&hellip;]<\/p>\n","protected":false},"author":4,"featured_media":0,"comment_status":"open","ping_status":"open","sticky":false,"template":"","format":"standard","meta":[],"categories":[2110],"tags":[1316,1180],"_links":{"self":[{"href":"https:\/\/vendiauto.com\/blog\/wp-json\/wp\/v2\/posts\/6611"}],"collection":[{"href":"https:\/\/vendiauto.com\/blog\/wp-json\/wp\/v2\/posts"}],"about":[{"href":"https:\/\/vendiauto.com\/blog\/wp-json\/wp\/v2\/types\/post"}],"author":[{"embeddable":true,"href":"https:\/\/vendiauto.com\/blog\/wp-json\/wp\/v2\/users\/4"}],"replies":[{"embeddable":true,"href":"https:\/\/vendiauto.com\/blog\/wp-json\/wp\/v2\/comments?post=6611"}],"version-history":[{"count":1,"href":"https:\/\/vendiauto.com\/blog\/wp-json\/wp\/v2\/posts\/6611\/revisions"}],"predecessor-version":[{"id":12825,"href":"https:\/\/vendiauto.com\/blog\/wp-json\/wp\/v2\/posts\/6611\/revisions\/12825"}],"wp:attachment":[{"href":"https:\/\/vendiauto.com\/blog\/wp-json\/wp\/v2\/media?parent=6611"}],"wp:term":[{"taxonomy":"category","embeddable":true,"href":"https:\/\/vendiauto.com\/blog\/wp-json\/wp\/v2\/categories?post=6611"},{"taxonomy":"post_tag","embeddable":true,"href":"https:\/\/vendiauto.com\/blog\/wp-json\/wp\/v2\/tags?post=6611"}],"curies":[{"name":"wp","href":"https:\/\/api.w.org\/{rel}","templated":true}]}}