{"id":6849,"date":"2012-08-24T14:42:51","date_gmt":"2012-08-24T13:42:51","guid":{"rendered":"http:\/\/www.vendiauto.com\/blog\/?p=6849"},"modified":"2016-09-14T11:42:47","modified_gmt":"2016-09-14T10:42:47","slug":"ecco-la-ford-mustang-convertible-my2013","status":"publish","type":"post","link":"https:\/\/vendiauto.com\/blog\/ecco-la-ford-mustang-convertible-my2013-2012","title":{"rendered":"Ecco la Ford Mustang Convertible MY2013"},"content":{"rendered":"\n<!-- Quick Adsense WordPress Plugin: http:\/\/quickadsense.com\/ -->\n<div style=\"float: none; margin:10px 0 10px 0; text-align:center;\">\n<!--leonative-->\r\n<!-- 5x1 -->\r\n<div id='div-gpt-ad-5x1-0' class='div-gpt-ad div-gpt-ad-inread'>\r\n<script type='text\/javascript'>\r\ngoogletag.cmd.push(function() { googletag.display('div-gpt-ad-5x1-0'); });\r\n<\/script>\r\n<\/div>\n<\/div>\n<p><img class=\"alignnone  wp-image-6850\" style=\"border: 1px solid black;\" title=\"ford mustang 2013\" src=\"http:\/\/www.vendiauto.com\/blog\/wp-content\/uploads\/2012\/08\/ford-mustang-2013.jpg\" alt=\"\" width=\"540\" srcset=\"https:\/\/vendiauto.com\/blog\/wp-content\/uploads\/2012\/08\/ford-mustang-2013.jpg 600w, https:\/\/vendiauto.com\/blog\/wp-content\/uploads\/2012\/08\/ford-mustang-2013-300x186.jpg 300w\" sizes=\"(max-width: 600px) 100vw, 600px\" \/><\/p>\n<p>Passano gli anni ma il fascino \u00e8 sempre lo stesso: anzi, parafrasando il detto &#8220;pi\u00f9 il tempo passa, pi\u00f9 il vino \u00e8 buono&#8221; potremmo dire lo stesso di lei. Stiamo parlando della Ford Mustang che anticipa l&#8217;edizione 2013 con la sua cabrio o per meglio dire Convertible.<\/p>\n<p><!--more--><\/p>\n<p>E cos\u00ec proprio nel mese pi\u00f9 caldo dell&#8217;anno, Ford lancia sul mercato la Mustang Convertible. Si tratta per lo pi\u00f9 di un aggiornamento estetico e con delle piccole migliorie tecniche. A livello estetico si pu\u00f2 notare un nuovo musetto con una calandra pi\u00f9 curvilinea ed ispirata a quelle delle Mustang Shelby degli anni passati. Ora il frontale \u00e8 pi\u00f9 aggressivo con l&#8217;adozione di una nuova griglia e il nuovo disegno delle prese d&#8217;aria. Completano il quadro nuovi cerchi in lega, nuovi colori per la carrozzeria e nuovi fari al posteriore. Anche gli interni beneficiano di alcuni aggiornamenti: ora si potr\u00e0 scegliere tra diversi tipi di sedili e conformazioni con pellami di pregio. Inoltre il my2013 vanta un abitacolo pi\u00f9 raffinato e tecnologico con l&#8217;adozione di un sistema di infotainment con display da 4,2 pollici.\u00a0con Ma le novit\u00e0 non finiscono qui: la Convertible 2013\u00a0pu\u00f2 contare anche su un nuovo motore:: Un V6 da\u00a03,7 litri\u00a0con una potenza di 305 cv. La Ford Mustang Convertible\u00a0my 2013 dovrebbe partire da un listino poco sotto i\u00a050.000 euro.<\/p>\n\n<div style=\"font-size: 0px; height: 0px; line-height: 0px; margin: 0; padding: 0; clear: both;\"><\/div><!-- Begin Yuzo --><div class='yuzo_related_post style-1'  data-version='5.12.88'><!-- without result --><div class='yuzo_clearfixed yuzo__title yuzo__title'><h2>Potrebbe anche Interessarti <\/h2><\/div>\n\t\t\t\t\t\t  <div class=\"relatedthumb \" style=\"width:125px;float:left;overflow:hidden;\">  \n\t\t\t\t\t\t\t  \n\t\t\t\t\t\t\t  <a  href=\"https:\/\/vendiauto.com\/blog\/mini-countryman-all4-racing-2010\"  >\n\t\t\t\t\t\t\t\t\t  <div class=\"yuzo-img-wrap \" style=\"width: 125px;height:90px;\">\n\t\t\t\t\t\t\t\t\t\t\n\t\t\t\t\t\t\t\t\t\t<div class=\"yuzo-img\" style=\"background:url('https:\/\/vendiauto.com\/blog\/wp-content\/uploads\/2010\/12\/dakar_1-150x150.jpg') 50% 50% no-repeat;width: 125px;height:90px;margin-bottom: 5px;background-size: cover; \"><\/div>\n\t\t\t\t\t\t\t\t\t  <\/div>\n\t\t\t\t\t\t\t\t\t  \n\t\t\t\t\t\t\t\t   <span class=\"yuzo__text--title\" style=\"font-size:13px;\">Mini Countryman All4 racing<\/span>\n\t\t\t\t\t\t\t  \n\t\t\t\t\t\t\t  \n\t\t\t\t\t\t\t  <\/a>\n\n\t\t\t\t\t\t  <\/div>\n\t\t\t\t\t\t  <div class=\"relatedthumb \" style=\"width:125px;float:left;overflow:hidden;\">  \n\t\t\t\t\t\t\t  \n\t\t\t\t\t\t\t  <a  href=\"https:\/\/vendiauto.com\/blog\/il-principe-del-qatar-vince-la-dakar-2011-2011\"  >\n\t\t\t\t\t\t\t\t\t  <div class=\"yuzo-img-wrap \" style=\"width: 125px;height:90px;\">\n\t\t\t\t\t\t\t\t\t\t\n\t\t\t\t\t\t\t\t\t\t<div class=\"yuzo-img\" style=\"background:url('https:\/\/vendiauto.com\/blog\/wp-content\/uploads\/2011\/01\/319223_7465_big_Aviary-dakar-com-Picture-11-150x150.jpg') 50% 50% no-repeat;width: 125px;height:90px;margin-bottom: 5px;background-size: cover; \"><\/div>\n\t\t\t\t\t\t\t\t\t  <\/div>\n\t\t\t\t\t\t\t\t\t  \n\t\t\t\t\t\t\t\t   <span class=\"yuzo__text--title\" style=\"font-size:13px;\">Il Principe del Qatar vince la Dakar 2011<\/span>\n\t\t\t\t\t\t\t  \n\t\t\t\t\t\t\t  \n\t\t\t\t\t\t\t  <\/a>\n\n\t\t\t\t\t\t  <\/div>\n\t\t\t\t\t\t  <div class=\"relatedthumb \" style=\"width:125px;float:left;overflow:hidden;\">  \n\t\t\t\t\t\t\t  \n\t\t\t\t\t\t\t  <a  href=\"https:\/\/vendiauto.com\/blog\/nuova-jeep-cherokee-partono-gli-ordini-in-italia-2014\"  >\n\t\t\t\t\t\t\t\t\t  <div class=\"yuzo-img-wrap \" style=\"width: 125px;height:90px;\">\n\t\t\t\t\t\t\t\t\t\t\n\t\t\t\t\t\t\t\t\t\t<div class=\"yuzo-img\" style=\"background:url('https:\/\/vendiauto.com\/blog\/wp-content\/uploads\/2014\/03\/Jeep_Cherokee_Trailhawk-150x150.jpg') 50% 50% no-repeat;width: 125px;height:90px;margin-bottom: 5px;background-size: cover; \"><\/div>\n\t\t\t\t\t\t\t\t\t  <\/div>\n\t\t\t\t\t\t\t\t\t  \n\t\t\t\t\t\t\t\t   <span class=\"yuzo__text--title\" style=\"font-size:13px;\">Nuova Jeep Cherokee: partono gli ordini in Italia<\/span>\n\t\t\t\t\t\t\t  \n\t\t\t\t\t\t\t  \n\t\t\t\t\t\t\t  <\/a>\n\n\t\t\t\t\t\t  <\/div>\n\t\t\t\t\t\t  <div class=\"relatedthumb \" style=\"width:125px;float:left;overflow:hidden;\">  \n\t\t\t\t\t\t\t  \n\t\t\t\t\t\t\t  <a  href=\"https:\/\/vendiauto.com\/blog\/novita-in-casa-suzuki-ecco-la-celerio-2014\"  >\n\t\t\t\t\t\t\t\t\t  <div class=\"yuzo-img-wrap \" style=\"width: 125px;height:90px;\">\n\t\t\t\t\t\t\t\t\t\t\n\t\t\t\t\t\t\t\t\t\t<div class=\"yuzo-img\" style=\"background:url('https:\/\/vendiauto.com\/blog\/wp-content\/uploads\/2014\/09\/Suzuki-Celerio-13-150x150.jpg') 50% 50% no-repeat;width: 125px;height:90px;margin-bottom: 5px;background-size: cover; \"><\/div>\n\t\t\t\t\t\t\t\t\t  <\/div>\n\t\t\t\t\t\t\t\t\t  \n\t\t\t\t\t\t\t\t   <span class=\"yuzo__text--title\" style=\"font-size:13px;\">Novit\u00e0 in casa Suzuki: ecco la Celerio!<\/span>\n\t\t\t\t\t\t\t  \n\t\t\t\t\t\t\t  \n\t\t\t\t\t\t\t  <\/a>\n\n\t\t\t\t\t\t  <\/div>\n<\/div> <script>\n\t\t\t\t\t\t  jQuery(document).ready(function( $ ){\n\t\t\t\t\t\t\t\/\/jQuery('.yuzo_related_post').equalizer({ overflow : 'relatedthumb' });\n\t\t\t\t\t\t\tjQuery('.yuzo_related_post .yuzo_wraps').equalizer({ columns : '> div' });\n\t\t\t\t\t\t   })\n\t\t\t\t\t\t  <\/script> <!-- End Yuzo :) -->","protected":false},"excerpt":{"rendered":"<p>Passano gli anni ma il fascino \u00e8 sempre lo stesso: anzi, parafrasando il detto &#8220;pi\u00f9 il tempo passa, pi\u00f9 il vino \u00e8 buono&#8221; potremmo dire lo stesso di lei. Stiamo parlando della Ford Mustang che anticipa l&#8217;edizione 2013 con la sua cabrio o per meglio dire Convertible. Potrebbe anche Interessarti Fiat 500L linving: l\u2019auto per [&hellip;]<\/p>\n","protected":false},"author":3,"featured_media":0,"comment_status":"open","ping_status":"open","sticky":false,"template":"","format":"standard","meta":[],"categories":[2110],"tags":[1360],"_links":{"self":[{"href":"https:\/\/vendiauto.com\/blog\/wp-json\/wp\/v2\/posts\/6849"}],"collection":[{"href":"https:\/\/vendiauto.com\/blog\/wp-json\/wp\/v2\/posts"}],"about":[{"href":"https:\/\/vendiauto.com\/blog\/wp-json\/wp\/v2\/types\/post"}],"author":[{"embeddable":true,"href":"https:\/\/vendiauto.com\/blog\/wp-json\/wp\/v2\/users\/3"}],"replies":[{"embeddable":true,"href":"https:\/\/vendiauto.com\/blog\/wp-json\/wp\/v2\/comments?post=6849"}],"version-history":[{"count":1,"href":"https:\/\/vendiauto.com\/blog\/wp-json\/wp\/v2\/posts\/6849\/revisions"}],"predecessor-version":[{"id":12155,"href":"https:\/\/vendiauto.com\/blog\/wp-json\/wp\/v2\/posts\/6849\/revisions\/12155"}],"wp:attachment":[{"href":"https:\/\/vendiauto.com\/blog\/wp-json\/wp\/v2\/media?parent=6849"}],"wp:term":[{"taxonomy":"category","embeddable":true,"href":"https:\/\/vendiauto.com\/blog\/wp-json\/wp\/v2\/categories?post=6849"},{"taxonomy":"post_tag","embeddable":true,"href":"https:\/\/vendiauto.com\/blog\/wp-json\/wp\/v2\/tags?post=6849"}],"curies":[{"name":"wp","href":"https:\/\/api.w.org\/{rel}","templated":true}]}}