{"id":6854,"date":"2012-08-24T17:02:24","date_gmt":"2012-08-24T16:02:24","guid":{"rendered":"http:\/\/www.vendiauto.com\/blog\/?p=6854"},"modified":"2016-09-14T11:51:46","modified_gmt":"2016-09-14T10:51:46","slug":"audi-city-londra","status":"publish","type":"post","link":"https:\/\/vendiauto.com\/blog\/audi-city-londra-2012","title":{"rendered":"Audi city Londra"},"content":{"rendered":"\n<!-- Quick Adsense WordPress Plugin: http:\/\/quickadsense.com\/ -->\n<div style=\"float: none; margin:10px 0 10px 0; text-align:center;\">\n<!--leonative-->\r\n<!-- 5x1 -->\r\n<div id='div-gpt-ad-5x1-0' class='div-gpt-ad div-gpt-ad-inread'>\r\n<script type='text\/javascript'>\r\ngoogletag.cmd.push(function() { googletag.display('div-gpt-ad-5x1-0'); });\r\n<\/script>\r\n<\/div>\n<\/div>\n<p style=\"text-align: center;\"><img class=\"aligncenter  wp-image-6857\" style=\"border: 1px solid black;\" title=\"audi-city-london\" src=\"http:\/\/www.vendiauto.com\/blog\/wp-content\/uploads\/2012\/08\/audi-city-london.png\" alt=\"\" width=\"540\" srcset=\"https:\/\/vendiauto.com\/blog\/wp-content\/uploads\/2012\/08\/audi-city-london.png 800w, https:\/\/vendiauto.com\/blog\/wp-content\/uploads\/2012\/08\/audi-city-london-300x168.png 300w\" sizes=\"(max-width: 800px) 100vw, 800px\" \/><\/p>\n<p>Audi, in anteprima mondiale ha lanciato a Piccadilly di Londra\u00a0il primo showroom digitale &#8211; <strong>Audi city<\/strong> .\u00a0<!--more-->Si tratta di una nuovissima esperienza di vendita al dettaglio altamente tecnologica, uno show room in cui \u00e8 possibile\u00a0avere a disposizione sotto gli occhi l&#8217;intera gamma di veicoli con tutte le configurazioni possibili e immaginabili per quanto riguarda colori, allestimenti, accessori.<br \/>\nLa concessionaria tradizionale si evolve trasformandosi in uno spazio &#8220;compact&#8221; che \u00e8 possibile piazzare nel centro delle pi\u00f9 grandi metropoli (Audi ha in programma di aprirne 20 in tutto il mondo entro il 2015), avendo a disposizione l&#8217;intera gamma in digitale. In questo modo, il Cliente, una volta varcata la soglia dello showroom, avr\u00e0 a disposizione tutte le configurazioni possibili, riprodotte in digitale in scala 1:1 sulle pareti-schermi circostanti; i venditori dovranno avere dimestichezza con le tecnologie e con il mouse faranno in modo di far visualizzare i singoli dettagli tecnici rendendo cos\u00ec pi\u00f9 intuitiva la comprensione delle diverse innovazioni.\u00a0Audi, infatti, consapevole del livello elevato di preparazione tecnica richiesto al personale di questi nuovi store, si occuper\u00e0 di formare direttamente i propri collaboratori e offrir\u00e0 \u00a0supporto ai concessionari nella selezione e nella formazione del personale.<\/p>\n<p>Peter Schwarzenbauer, responsabile vendite e marketing della casa di Ingolstadt, ha cos\u00ec commentato la proposta di Audi: &#8220;<em>Audi City \u00e8 l&#8217;unione perfetta di due mondi: presentazione digitale dei prodotti e contatto diretto con il concessionario. Questo nuovo concetto di store ci permette di essere ancora pi\u00f9 vicini ai nostri clienti dal punto di vista geografico, ma anche e soprattutto nella qualit\u00e0 del rapporto che instauriamo con loro, perch\u00e9 Audi City lascia spazio a servizi realmente personalizzati e a un contatto sempre pi\u00f9 diretto con l&#8217;acquirente. Oggi pi\u00f9 che mai, le persone danno grande importanza al rapporto di fiducia diretto e personale che instaurano con il brand della propria automobile, soprattutto considerato il numero crescente di prodotti e di informazioni disponibili. Audi City regala un&#8217;esperienza indimenticabile del marchio, direttamente nella vita reale dei nostri clienti, ma indissolubilmente legata all&#8217;offerta on-line<\/em>&#8220;.<\/p>\n<p>Ma gli Audi City non saranno soltanto dei &#8220;semplici&#8221; showroom poich\u00e9 rappresenteranno un luogo di aggregazione per i fan del brand e non solo poich\u00e9 una volta &#8220;chiuse le saracinesche&#8221;, al termine dei consueti orari di lavoro, potranno accogliere eventi come letture, tavole rotonde e mostre su argomenti che vanno dallo sviluppo urbano alla mobilit\u00e0, oppure su arte, cultura e design. Il tutto ovviamente sempre sotto l&#8217;ala del marchio dei quattro anelli<br \/>\nAll&#8217;inaugurazione hanno partecipato numerosi ospiti VIP tra cui C<em>live Owen, Thandie Newton, Bryan Ferry, Alexa Chung, David Gandy, Edie Campbell e Jay Jopling.<br \/>\n<\/em><br \/>\n<em>Di seguito il video di presentazione ufficiale di Audi city Londra:<\/em><\/p>\n<p><object width=\"540\" height=\"260\" classid=\"clsid:d27cdb6e-ae6d-11cf-96b8-444553540000\" codebase=\"http:\/\/download.macromedia.com\/pub\/shockwave\/cabs\/flash\/swflash.cab#version=6,0,40,0\"><param name=\"allowFullScreen\" value=\"true\" \/><param name=\"allowscriptaccess\" value=\"always\" \/><param name=\"src\" value=\"http:\/\/www.youtube.com\/v\/3VZa45ZX4vU?version=3&amp;hl=it_IT\" \/><param name=\"allowfullscreen\" value=\"true\" \/><embed width=\"540\" height=\"260\" type=\"application\/x-shockwave-flash\" src=\"http:\/\/www.youtube.com\/v\/3VZa45ZX4vU?version=3&amp;hl=it_IT\" allowFullScreen=\"true\" allowscriptaccess=\"always\" allowfullscreen=\"true\" \/><\/object><\/p>\n<p>&nbsp;<\/p>\n\n<div style=\"font-size: 0px; height: 0px; line-height: 0px; margin: 0; padding: 0; clear: both;\"><\/div><!-- Begin Yuzo --><div class='yuzo_related_post style-1'  data-version='5.12.88'><!-- without result --><div class='yuzo_clearfixed yuzo__title yuzo__title'><h2>Potrebbe anche Interessarti <\/h2><\/div>\n\t\t\t\t\t\t  <div class=\"relatedthumb \" style=\"width:125px;float:left;overflow:hidden;\">  \n\t\t\t\t\t\t\t  \n\t\t\t\t\t\t\t  <a  href=\"https:\/\/vendiauto.com\/blog\/nuovo-suv-de-tomaso-nel-2011-2011\"  >\n\t\t\t\t\t\t\t\t\t  <div class=\"yuzo-img-wrap \" style=\"width: 125px;height:90px;\">\n\t\t\t\t\t\t\t\t\t\t\n\t\t\t\t\t\t\t\t\t\t<div class=\"yuzo-img\" style=\"background:url('https:\/\/vendiauto.com\/blog\/wp-content\/uploads\/2011\/01\/dtrpangt5s9386a12222211111111111111111-150x150.jpg') 50% 50% no-repeat;width: 125px;height:90px;margin-bottom: 5px;background-size: cover; \"><\/div>\n\t\t\t\t\t\t\t\t\t  <\/div>\n\t\t\t\t\t\t\t\t\t  \n\t\t\t\t\t\t\t\t   <span class=\"yuzo__text--title\" style=\"font-size:13px;\">Nuovo Suv De Tomaso nel 2011?<\/span>\n\t\t\t\t\t\t\t  \n\t\t\t\t\t\t\t  \n\t\t\t\t\t\t\t  <\/a>\n\n\t\t\t\t\t\t  <\/div>\n\t\t\t\t\t\t  <div class=\"relatedthumb \" style=\"width:125px;float:left;overflow:hidden;\">  \n\t\t\t\t\t\t\t  \n\t\t\t\t\t\t\t  <a  href=\"https:\/\/vendiauto.com\/blog\/antifurto-una-questione-di-sedere-2012\"  >\n\t\t\t\t\t\t\t\t\t  <div class=\"yuzo-img-wrap \" style=\"width: 125px;height:90px;\">\n\t\t\t\t\t\t\t\t\t\t\n\t\t\t\t\t\t\t\t\t\t<div class=\"yuzo-img\" style=\"background:url('https:\/\/vendiauto.com\/blog\/wp-content\/uploads\/2012\/01\/antifurto-auto-sedere-150x150.jpg') 50% 50% no-repeat;width: 125px;height:90px;margin-bottom: 5px;background-size: cover; \"><\/div>\n\t\t\t\t\t\t\t\t\t  <\/div>\n\t\t\t\t\t\t\t\t\t  \n\t\t\t\t\t\t\t\t   <span class=\"yuzo__text--title\" style=\"font-size:13px;\">Antifurto, una questione di sedere<\/span>\n\t\t\t\t\t\t\t  \n\t\t\t\t\t\t\t  \n\t\t\t\t\t\t\t  <\/a>\n\n\t\t\t\t\t\t  <\/div>\n\t\t\t\t\t\t  <div class=\"relatedthumb \" style=\"width:125px;float:left;overflow:hidden;\">  \n\t\t\t\t\t\t\t  \n\t\t\t\t\t\t\t  <a  href=\"https:\/\/vendiauto.com\/blog\/caldo-le-regole-per-viaggiare-in-auto-senza-problemi-2012\"  >\n\t\t\t\t\t\t\t\t\t  <div class=\"yuzo-img-wrap \" style=\"width: 125px;height:90px;\">\n\t\t\t\t\t\t\t\t\t\t\n\t\t\t\t\t\t\t\t\t\t<div class=\"yuzo-img\" style=\"background:url('https:\/\/vendiauto.com\/blog\/wp-content\/uploads\/2012\/08\/caldo-auto-150x150.jpg') 50% 50% no-repeat;width: 125px;height:90px;margin-bottom: 5px;background-size: cover; \"><\/div>\n\t\t\t\t\t\t\t\t\t  <\/div>\n\t\t\t\t\t\t\t\t\t  \n\t\t\t\t\t\t\t\t   <span class=\"yuzo__text--title\" style=\"font-size:13px;\">Caldo: le regole per viaggiare in auto senza probl...<\/span>\n\t\t\t\t\t\t\t  \n\t\t\t\t\t\t\t  \n\t\t\t\t\t\t\t  <\/a>\n\n\t\t\t\t\t\t  <\/div>\n\t\t\t\t\t\t  <div class=\"relatedthumb \" style=\"width:125px;float:left;overflow:hidden;\">  \n\t\t\t\t\t\t\t  \n\t\t\t\t\t\t\t  <a  href=\"https:\/\/vendiauto.com\/blog\/audi-q2-vivace-e-silenziosa-2016\"  >\n\t\t\t\t\t\t\t\t\t  <div class=\"yuzo-img-wrap \" style=\"width: 125px;height:90px;\">\n\t\t\t\t\t\t\t\t\t\t\n\t\t\t\t\t\t\t\t\t\t<div class=\"yuzo-img\" style=\"background:url('https:\/\/vendiauto.com\/blog\/wp-content\/uploads\/2016\/09\/Audi-Q2-150x150.jpg') 50% 50% no-repeat;width: 125px;height:90px;margin-bottom: 5px;background-size: cover; \"><\/div>\n\t\t\t\t\t\t\t\t\t  <\/div>\n\t\t\t\t\t\t\t\t\t  \n\t\t\t\t\t\t\t\t   <span class=\"yuzo__text--title\" style=\"font-size:13px;\">Audi Q2: vivace e silenziosa<\/span>\n\t\t\t\t\t\t\t  \n\t\t\t\t\t\t\t  \n\t\t\t\t\t\t\t  <\/a>\n\n\t\t\t\t\t\t  <\/div>\n<\/div> <script>\n\t\t\t\t\t\t  jQuery(document).ready(function( $ ){\n\t\t\t\t\t\t\t\/\/jQuery('.yuzo_related_post').equalizer({ overflow : 'relatedthumb' });\n\t\t\t\t\t\t\tjQuery('.yuzo_related_post .yuzo_wraps').equalizer({ columns : '> div' });\n\t\t\t\t\t\t   })\n\t\t\t\t\t\t  <\/script> <!-- End Yuzo :) -->","protected":false},"excerpt":{"rendered":"<p>Audi, in anteprima mondiale ha lanciato a Piccadilly di Londra\u00a0il primo showroom digitale &#8211; Audi city .\u00a0 Potrebbe anche Interessarti Prodotto il primo esemplare di Fisker Karma Sms: Ford lancia un sistema di lettura vocale Salone di Francoforte 2013 Fiat 500L: dopo il successo del primo porte aperte&#8230;<\/p>\n","protected":false},"author":2,"featured_media":0,"comment_status":"open","ping_status":"open","sticky":false,"template":"","format":"standard","meta":[],"categories":[127],"tags":[1361],"_links":{"self":[{"href":"https:\/\/vendiauto.com\/blog\/wp-json\/wp\/v2\/posts\/6854"}],"collection":[{"href":"https:\/\/vendiauto.com\/blog\/wp-json\/wp\/v2\/posts"}],"about":[{"href":"https:\/\/vendiauto.com\/blog\/wp-json\/wp\/v2\/types\/post"}],"author":[{"embeddable":true,"href":"https:\/\/vendiauto.com\/blog\/wp-json\/wp\/v2\/users\/2"}],"replies":[{"embeddable":true,"href":"https:\/\/vendiauto.com\/blog\/wp-json\/wp\/v2\/comments?post=6854"}],"version-history":[{"count":1,"href":"https:\/\/vendiauto.com\/blog\/wp-json\/wp\/v2\/posts\/6854\/revisions"}],"predecessor-version":[{"id":12255,"href":"https:\/\/vendiauto.com\/blog\/wp-json\/wp\/v2\/posts\/6854\/revisions\/12255"}],"wp:attachment":[{"href":"https:\/\/vendiauto.com\/blog\/wp-json\/wp\/v2\/media?parent=6854"}],"wp:term":[{"taxonomy":"category","embeddable":true,"href":"https:\/\/vendiauto.com\/blog\/wp-json\/wp\/v2\/categories?post=6854"},{"taxonomy":"post_tag","embeddable":true,"href":"https:\/\/vendiauto.com\/blog\/wp-json\/wp\/v2\/tags?post=6854"}],"curies":[{"name":"wp","href":"https:\/\/api.w.org\/{rel}","templated":true}]}}