{"id":6897,"date":"2012-08-27T14:33:43","date_gmt":"2012-08-27T13:33:43","guid":{"rendered":"http:\/\/www.vendiauto.com\/blog\/?p=6897"},"modified":"2016-09-14T14:50:39","modified_gmt":"2016-09-14T13:50:39","slug":"in-arrivo-la-peugeot-208-gti","status":"publish","type":"post","link":"https:\/\/vendiauto.com\/blog\/in-arrivo-la-peugeot-208-gti-2012","title":{"rendered":"In arrivo la Peugeot 208 GTI"},"content":{"rendered":"\n<!-- Quick Adsense WordPress Plugin: http:\/\/quickadsense.com\/ -->\n<div style=\"float: none; margin:10px 0 10px 0; text-align:center;\">\n<!--leonative-->\r\n<!-- 5x1 -->\r\n<div id='div-gpt-ad-5x1-0' class='div-gpt-ad div-gpt-ad-inread'>\r\n<script type='text\/javascript'>\r\ngoogletag.cmd.push(function() { googletag.display('div-gpt-ad-5x1-0'); });\r\n<\/script>\r\n<\/div>\n<\/div>\n<p><img loading=\"lazy\" class=\"alignnone  wp-image-6899\" style=\"border: 1px solid black;\" title=\"peugeot-208-gti-xy-concept-35\" src=\"http:\/\/www.vendiauto.com\/blog\/wp-content\/uploads\/2012\/08\/peugeot-208-gti-xy-concept-35.jpg\" alt=\"\" width=\"530\" height=\"298\" srcset=\"https:\/\/vendiauto.com\/blog\/wp-content\/uploads\/2012\/08\/peugeot-208-gti-xy-concept-35.jpg 530w, https:\/\/vendiauto.com\/blog\/wp-content\/uploads\/2012\/08\/peugeot-208-gti-xy-concept-35-300x168.jpg 300w\" sizes=\"(max-width: 530px) 100vw, 530px\" \/><\/p>\n<p>La gloriosa Peugeot 205 GTI avr\u00e0 la sua erede: a breve debutter\u00e0 sui mercati la 208 GTI, versione di punta per quanto riguarda sportivit\u00e0 e prestazioni della piccola della casa del leone.<\/p>\n<p><!--more--><\/p>\n<p>Anticipata da una concept all&#8217;ultimo Salone di Ginevra, la 208 GTI sar\u00e0 caratterizzata come \u00e8 giusto che sia da un piglio marcatamento sportivo e corsaiolo. Esternamente la piccola bomba francese sar\u00e0 riconoscibile dalle sorelle meno potenti per alcuni elementi distintivi come ad esempio i cerchi in lega esclusivi da 18&#8243; e che lasciano intravedere le grandi pinze dei freni verniciate di rosso, il voluminoso spoiler posto sulla sommit\u00e0 del lunotto e le\u00a0minigonne laterali e lo spoiler anteriore pi\u00f9 marcati. Anche internamente il look si fa pi\u00f9 sportivo grazie a sedili anatomici ad alto contenimento e strumentazione completamente ridisegnata e con inserti dal tono pi\u00f9 sportivo. Sulla versione pi\u00f9 pepata della gamma 208 trova posto il gi\u00e0 conosciuto\u00a0motore 1.600 cc benzina THP portato per l&#8217;occasione a 200 cv di potenza massima e accoppiato ad un cambio manuale a sei rapporti.\u00a0Al momento il\u00a0prezzo della 208 GTI non \u00e8 stato ancora dichiarato.<\/p>\n\n<div style=\"font-size: 0px; height: 0px; line-height: 0px; margin: 0; padding: 0; clear: both;\"><\/div><!-- Begin Yuzo --><div class='yuzo_related_post style-1'  data-version='5.12.88'><!-- without result --><div class='yuzo_clearfixed yuzo__title yuzo__title'><h2>Potrebbe anche Interessarti <\/h2><\/div>\n\t\t\t\t\t\t  <div class=\"relatedthumb \" style=\"width:125px;float:left;overflow:hidden;\">  \n\t\t\t\t\t\t\t  \n\t\t\t\t\t\t\t  <a  href=\"https:\/\/vendiauto.com\/blog\/nissan-nv200-sara-il-nuovo-taxi-a-new-york-ed-anche-a-londra-e-ufficiale-2012\"  >\n\t\t\t\t\t\t\t\t\t  <div class=\"yuzo-img-wrap \" style=\"width: 125px;height:90px;\">\n\t\t\t\t\t\t\t\t\t\t\n\t\t\t\t\t\t\t\t\t\t<div class=\"yuzo-img\" style=\"background:url('https:\/\/vendiauto.com\/blog\/wp-content\/uploads\/2012\/09\/Nissan-NV200-taxi-londra-150x150.jpg') 50% 50% no-repeat;width: 125px;height:90px;margin-bottom: 5px;background-size: cover; \"><\/div>\n\t\t\t\t\t\t\t\t\t  <\/div>\n\t\t\t\t\t\t\t\t\t  \n\t\t\t\t\t\t\t\t   <span class=\"yuzo__text--title\" style=\"font-size:13px;\">Nissan NV200 sar\u00e0 il nuovo taxi a New York ed anch...<\/span>\n\t\t\t\t\t\t\t  \n\t\t\t\t\t\t\t  \n\t\t\t\t\t\t\t  <\/a>\n\n\t\t\t\t\t\t  <\/div>\n\t\t\t\t\t\t  <div class=\"relatedthumb \" style=\"width:125px;float:left;overflow:hidden;\">  \n\t\t\t\t\t\t\t  \n\t\t\t\t\t\t\t  <a  href=\"https:\/\/vendiauto.com\/blog\/sciopero-dei-benzinai-lo-stop-riguarda-solo-le-aree-di-servizio-in-autostrada-2015\"  >\n\t\t\t\t\t\t\t\t\t  <div class=\"yuzo-img-wrap \" style=\"width: 125px;height:90px;\">\n\t\t\t\t\t\t\t\t\t\t\n\t\t\t\t\t\t\t\t\t\t<div class=\"yuzo-img\" style=\"background:url('https:\/\/vendiauto.com\/blog\/wp-content\/uploads\/2015\/03\/Sciopero-benzinai-autostrada-150x150.jpg') 50% 50% no-repeat;width: 125px;height:90px;margin-bottom: 5px;background-size: cover; \"><\/div>\n\t\t\t\t\t\t\t\t\t  <\/div>\n\t\t\t\t\t\t\t\t\t  \n\t\t\t\t\t\t\t\t   <span class=\"yuzo__text--title\" style=\"font-size:13px;\">Sciopero dei benzinai: lo stop riguarda solo le ar...<\/span>\n\t\t\t\t\t\t\t  \n\t\t\t\t\t\t\t  \n\t\t\t\t\t\t\t  <\/a>\n\n\t\t\t\t\t\t  <\/div>\n\t\t\t\t\t\t  <div class=\"relatedthumb \" style=\"width:125px;float:left;overflow:hidden;\">  \n\t\t\t\t\t\t\t  \n\t\t\t\t\t\t\t  <a  href=\"https:\/\/vendiauto.com\/blog\/lancia-ypsilon-il-ritorno-dellelefantino-2013\"  >\n\t\t\t\t\t\t\t\t\t  <div class=\"yuzo-img-wrap \" style=\"width: 125px;height:90px;\">\n\t\t\t\t\t\t\t\t\t\t\n\t\t\t\t\t\t\t\t\t\t<div class=\"yuzo-img\" style=\"background:url('https:\/\/vendiauto.com\/blog\/wp-content\/uploads\/2013\/04\/lancia-ypsilon-elefantino-2013-150x150.jpg') 50% 50% no-repeat;width: 125px;height:90px;margin-bottom: 5px;background-size: cover; \"><\/div>\n\t\t\t\t\t\t\t\t\t  <\/div>\n\t\t\t\t\t\t\t\t\t  \n\t\t\t\t\t\t\t\t   <span class=\"yuzo__text--title\" style=\"font-size:13px;\">Lancia Ypsilon il ritorno dell\u2019Elefantino<\/span>\n\t\t\t\t\t\t\t  \n\t\t\t\t\t\t\t  \n\t\t\t\t\t\t\t  <\/a>\n\n\t\t\t\t\t\t  <\/div>\n\t\t\t\t\t\t  <div class=\"relatedthumb \" style=\"width:125px;float:left;overflow:hidden;\">  \n\t\t\t\t\t\t\t  \n\t\t\t\t\t\t\t  <a  href=\"https:\/\/vendiauto.com\/blog\/multe-rincari-dal-primo-gennaio-2012\"  >\n\t\t\t\t\t\t\t\t\t  <div class=\"yuzo-img-wrap \" style=\"width: 125px;height:90px;\">\n\t\t\t\t\t\t\t\t\t\t\n\t\t\t\t\t\t\t\t\t\t<div class=\"yuzo-img\" style=\"background:url('https:\/\/vendiauto.com\/blog\/wp-content\/uploads\/2012\/12\/multe_aumento-150x150.jpeg') 50% 50% no-repeat;width: 125px;height:90px;margin-bottom: 5px;background-size: cover; \"><\/div>\n\t\t\t\t\t\t\t\t\t  <\/div>\n\t\t\t\t\t\t\t\t\t  \n\t\t\t\t\t\t\t\t   <span class=\"yuzo__text--title\" style=\"font-size:13px;\">Multe: rincari dal primo gennaio<\/span>\n\t\t\t\t\t\t\t  \n\t\t\t\t\t\t\t  \n\t\t\t\t\t\t\t  <\/a>\n\n\t\t\t\t\t\t  <\/div>\n<\/div> <script>\n\t\t\t\t\t\t  jQuery(document).ready(function( $ ){\n\t\t\t\t\t\t\t\/\/jQuery('.yuzo_related_post').equalizer({ overflow : 'relatedthumb' });\n\t\t\t\t\t\t\tjQuery('.yuzo_related_post .yuzo_wraps').equalizer({ columns : '> div' });\n\t\t\t\t\t\t   })\n\t\t\t\t\t\t  <\/script> <!-- End Yuzo :) -->","protected":false},"excerpt":{"rendered":"<p>La gloriosa Peugeot 205 GTI avr\u00e0 la sua erede: a breve debutter\u00e0 sui mercati la 208 GTI, versione di punta per quanto riguarda sportivit\u00e0 e prestazioni della piccola della casa del leone. Potrebbe anche Interessarti Kitt: l\u2019auto di Supercar rinasce in Toscana Nel 2011 General Motors \u00e8 il primo costruttore al &#8230; Qualche consiglio anti [&hellip;]<\/p>\n","protected":false},"author":3,"featured_media":0,"comment_status":"open","ping_status":"open","sticky":false,"template":"","format":"standard","meta":[],"categories":[2110],"tags":[1365],"_links":{"self":[{"href":"https:\/\/vendiauto.com\/blog\/wp-json\/wp\/v2\/posts\/6897"}],"collection":[{"href":"https:\/\/vendiauto.com\/blog\/wp-json\/wp\/v2\/posts"}],"about":[{"href":"https:\/\/vendiauto.com\/blog\/wp-json\/wp\/v2\/types\/post"}],"author":[{"embeddable":true,"href":"https:\/\/vendiauto.com\/blog\/wp-json\/wp\/v2\/users\/3"}],"replies":[{"embeddable":true,"href":"https:\/\/vendiauto.com\/blog\/wp-json\/wp\/v2\/comments?post=6897"}],"version-history":[{"count":1,"href":"https:\/\/vendiauto.com\/blog\/wp-json\/wp\/v2\/posts\/6897\/revisions"}],"predecessor-version":[{"id":12423,"href":"https:\/\/vendiauto.com\/blog\/wp-json\/wp\/v2\/posts\/6897\/revisions\/12423"}],"wp:attachment":[{"href":"https:\/\/vendiauto.com\/blog\/wp-json\/wp\/v2\/media?parent=6897"}],"wp:term":[{"taxonomy":"category","embeddable":true,"href":"https:\/\/vendiauto.com\/blog\/wp-json\/wp\/v2\/categories?post=6897"},{"taxonomy":"post_tag","embeddable":true,"href":"https:\/\/vendiauto.com\/blog\/wp-json\/wp\/v2\/tags?post=6897"}],"curies":[{"name":"wp","href":"https:\/\/api.w.org\/{rel}","templated":true}]}}