{"id":7265,"date":"2012-09-20T08:56:10","date_gmt":"2012-09-20T07:56:10","guid":{"rendered":"http:\/\/www.vendiauto.com\/blog\/?p=7265"},"modified":"2016-09-14T15:38:34","modified_gmt":"2016-09-14T14:38:34","slug":"jeep-sponsor-della-mostra-dedicata-alle-elezioni-presidenziali-statunitensi","status":"publish","type":"post","link":"https:\/\/vendiauto.com\/blog\/jeep-sponsor-della-mostra-dedicata-alle-elezioni-presidenziali-statunitensi-2012","title":{"rendered":"Jeep sponsor della mostra dedicata alle elezioni presidenziali statunitensi"},"content":{"rendered":"\n<!-- Quick Adsense WordPress Plugin: http:\/\/quickadsense.com\/ -->\n<div style=\"float: none; margin:10px 0 10px 0; text-align:center;\">\n<!--leonative-->\r\n<!-- 5x1 -->\r\n<div id='div-gpt-ad-5x1-0' class='div-gpt-ad div-gpt-ad-inread'>\r\n<script type='text\/javascript'>\r\ngoogletag.cmd.push(function() { googletag.display('div-gpt-ad-5x1-0'); });\r\n<\/script>\r\n<\/div>\n<\/div>\n<p style=\"text-align: center;\"><img loading=\"lazy\" class=\"aligncenter  wp-image-7266\" style=\"border: 1px solid black;\" title=\"Jeep-Mostra-For Presidente-USA\" src=\"http:\/\/www.vendiauto.com\/blog\/wp-content\/uploads\/2012\/09\/Jeep-Mostra-For-Presidente-USA.jpg\" alt=\"\" width=\"540\" height=\"360\" srcset=\"https:\/\/vendiauto.com\/blog\/wp-content\/uploads\/2012\/09\/Jeep-Mostra-For-Presidente-USA.jpg 1024w, https:\/\/vendiauto.com\/blog\/wp-content\/uploads\/2012\/09\/Jeep-Mostra-For-Presidente-USA-300x200.jpg 300w\" sizes=\"(max-width: 540px) 100vw, 540px\" \/><\/p>\n<p style=\"text-align: justify;\"><strong>&#8220;For President&#8221;<\/strong> \u00e8 \u00a0la mostra interamente dedicata alle elezioni presidenziali statunitensi che si terr\u00e0 presso la Fondazione Sandretto Re Rebaudengo di Torino dal <strong>19 settembre al 6 gennaio 2013<\/strong>. Sponsor della rassegna sar\u00e0 Jeep<strong>; <\/strong>il brand \u00e8 presente con uno spazio \u00a0dedicato all&#8217;interno della Fondazione dove il pubblico potr\u00e0 ammirare alcune immagini pubblicitarie del prodotti Jeep che hanno accompagnato le diverse corse alla Casa Bianca.<!--more--> Da John Fitzgerald Kennedy, il primo presidente che ha raggiunto il resto del pianeta attraverso i media televisivi,\u00a0<em>For President<\/em>\u00a0ripercorre la storia delle diverse campagne elettorali utilizzando il fotogiornalismo, l&#8217;arte contemporanea e la grande produzione di gadget e pubblicit\u00e0 dei vari candidati. Sullo sfondo dei cambiamenti socio-culturali dell&#8217;epoca, le suggestive immagini di Jeep scandiscono le tappe salienti di una storia leggendaria nata oltre 70 anni fa.\u00a0In esposizione passato e presente del marchio con\u00a0<strong>CJ7 Renegade Levis 1976<\/strong> e\u00a0<strong>Wrangler Unlimited Sahara<\/strong> che\u00a0raccontano l&#8217;evoluzione di un marchio leggendario che \u00e8 sinonimo di<strong> libert\u00e0<\/strong>, <strong>avventura<\/strong>, <strong>autenticit\u00e0<\/strong> e <strong>passione<\/strong>. <strong>Libert\u00e0<\/strong> come stato mentale e determinazione nel seguire i propri istinti. <strong>Avventura<\/strong> come vocazione. <strong>Autenticit\u00e0<\/strong>, perch\u00e9 Jeep \u00e8 il primo marchio \u00a0ad aver esplorato l&#8217;outdoor diventandone leader indiscusso. <strong>Passione<\/strong> come impulso a vivere pienamente la propria individualit\u00e0.<\/p>\n<p>&nbsp;<\/p>\n\n<div style=\"font-size: 0px; height: 0px; line-height: 0px; margin: 0; padding: 0; clear: both;\"><\/div><!-- Begin Yuzo --><div class='yuzo_related_post style-1'  data-version='5.12.88'><!-- without result --><div class='yuzo_clearfixed yuzo__title yuzo__title'><h2>Potrebbe anche Interessarti <\/h2><\/div>\n\t\t\t\t\t\t  <div class=\"relatedthumb \" style=\"width:125px;float:left;overflow:hidden;\">  \n\t\t\t\t\t\t\t  \n\t\t\t\t\t\t\t  <a  href=\"https:\/\/vendiauto.com\/blog\/carburante-come-risparmiare-per-il-week-end-di-ferragosto-2014\"  >\n\t\t\t\t\t\t\t\t\t  <div class=\"yuzo-img-wrap \" style=\"width: 125px;height:90px;\">\n\t\t\t\t\t\t\t\t\t\t\n\t\t\t\t\t\t\t\t\t\t<div class=\"yuzo-img\" style=\"background:url('https:\/\/vendiauto.com\/blog\/wp-content\/uploads\/2014\/08\/Distributori-benzina-come-cambiano-i-cartelloni.-Prezzi-piu-chiari-e-visibili-su-internet-150x150.jpg') 50% 50% no-repeat;width: 125px;height:90px;margin-bottom: 5px;background-size: cover; \"><\/div>\n\t\t\t\t\t\t\t\t\t  <\/div>\n\t\t\t\t\t\t\t\t\t  \n\t\t\t\t\t\t\t\t   <span class=\"yuzo__text--title\" style=\"font-size:13px;\">Benzina, Diesel, gpl e metano: come risparmiare pe...<\/span>\n\t\t\t\t\t\t\t  \n\t\t\t\t\t\t\t  \n\t\t\t\t\t\t\t  <\/a>\n\n\t\t\t\t\t\t  <\/div>\n\t\t\t\t\t\t  <div class=\"relatedthumb \" style=\"width:125px;float:left;overflow:hidden;\">  \n\t\t\t\t\t\t\t  \n\t\t\t\t\t\t\t  <a  href=\"https:\/\/vendiauto.com\/blog\/scoop-tesla-lancera-linedita-iii-2014\"  >\n\t\t\t\t\t\t\t\t\t  <div class=\"yuzo-img-wrap \" style=\"width: 125px;height:90px;\">\n\t\t\t\t\t\t\t\t\t\t\n\t\t\t\t\t\t\t\t\t\t<div class=\"yuzo-img\" style=\"background:url('https:\/\/vendiauto.com\/blog\/wp-content\/uploads\/2014\/07\/Tesla-Model-E-1-150x150.jpg') 50% 50% no-repeat;width: 125px;height:90px;margin-bottom: 5px;background-size: cover; \"><\/div>\n\t\t\t\t\t\t\t\t\t  <\/div>\n\t\t\t\t\t\t\t\t\t  \n\t\t\t\t\t\t\t\t   <span class=\"yuzo__text--title\" style=\"font-size:13px;\">Scoop! Tesla Motors lancer\u00e0 l\u2019inedita &#8221...<\/span>\n\t\t\t\t\t\t\t  \n\t\t\t\t\t\t\t  \n\t\t\t\t\t\t\t  <\/a>\n\n\t\t\t\t\t\t  <\/div>\n\t\t\t\t\t\t  <div class=\"relatedthumb \" style=\"width:125px;float:left;overflow:hidden;\">  \n\t\t\t\t\t\t\t  \n\t\t\t\t\t\t\t  <a  href=\"https:\/\/vendiauto.com\/blog\/fiat-presenta-la-500l-2012\"  >\n\t\t\t\t\t\t\t\t\t  <div class=\"yuzo-img-wrap \" style=\"width: 125px;height:90px;\">\n\t\t\t\t\t\t\t\t\t\t\n\t\t\t\t\t\t\t\t\t\t<div class=\"yuzo-img\" style=\"background:url('https:\/\/vendiauto.com\/blog\/wp-content\/uploads\/2012\/02\/Fiat-500L-2012-150x150.jpg') 50% 50% no-repeat;width: 125px;height:90px;margin-bottom: 5px;background-size: cover; \"><\/div>\n\t\t\t\t\t\t\t\t\t  <\/div>\n\t\t\t\t\t\t\t\t\t  \n\t\t\t\t\t\t\t\t   <span class=\"yuzo__text--title\" style=\"font-size:13px;\">Fiat presenta la 500L<\/span>\n\t\t\t\t\t\t\t  \n\t\t\t\t\t\t\t  \n\t\t\t\t\t\t\t  <\/a>\n\n\t\t\t\t\t\t  <\/div>\n\t\t\t\t\t\t  <div class=\"relatedthumb \" style=\"width:125px;float:left;overflow:hidden;\">  \n\t\t\t\t\t\t\t  \n\t\t\t\t\t\t\t  <a  href=\"https:\/\/vendiauto.com\/blog\/nissan-juke-box-porta-in-strada-ministry-of-sound-inizia-il-tour-estivo-2012\"  >\n\t\t\t\t\t\t\t\t\t  <div class=\"yuzo-img-wrap \" style=\"width: 125px;height:90px;\">\n\t\t\t\t\t\t\t\t\t\t\n\t\t\t\t\t\t\t\t\t\t<div class=\"yuzo-img\" style=\"background:url('https:\/\/vendiauto.com\/blog\/wp-content\/uploads\/2012\/07\/nissan-juke-box-porta-in-strada-ministry-of-sound-inizia-il-tour-estivo-foto-150x150.png') 50% 50% no-repeat;width: 125px;height:90px;margin-bottom: 5px;background-size: cover; \"><\/div>\n\t\t\t\t\t\t\t\t\t  <\/div>\n\t\t\t\t\t\t\t\t\t  \n\t\t\t\t\t\t\t\t   <span class=\"yuzo__text--title\" style=\"font-size:13px;\">Nissan Juke Box porta in strada Ministry of Sound:...<\/span>\n\t\t\t\t\t\t\t  \n\t\t\t\t\t\t\t  \n\t\t\t\t\t\t\t  <\/a>\n\n\t\t\t\t\t\t  <\/div>\n<\/div> <script>\n\t\t\t\t\t\t  jQuery(document).ready(function( $ ){\n\t\t\t\t\t\t\t\/\/jQuery('.yuzo_related_post').equalizer({ overflow : 'relatedthumb' });\n\t\t\t\t\t\t\tjQuery('.yuzo_related_post .yuzo_wraps').equalizer({ columns : '> div' });\n\t\t\t\t\t\t   })\n\t\t\t\t\t\t  <\/script> <!-- End Yuzo :) -->","protected":false},"excerpt":{"rendered":"<p>&#8220;For President&#8221; \u00e8 \u00a0la mostra interamente dedicata alle elezioni presidenziali statunitensi che si terr\u00e0 presso la Fondazione Sandretto Re Rebaudengo di Torino dal 19 settembre al 6 gennaio 2013. Sponsor della rassegna sar\u00e0 Jeep; il brand \u00e8 presente con uno spazio \u00a0dedicato all&#8217;interno della Fondazione dove il pubblico potr\u00e0 ammirare alcune immagini pubblicitarie del prodotti [&hellip;]<\/p>\n","protected":false},"author":4,"featured_media":0,"comment_status":"open","ping_status":"open","sticky":false,"template":"","format":"standard","meta":[],"categories":[2110],"tags":[1427,1426,287,1428],"_links":{"self":[{"href":"https:\/\/vendiauto.com\/blog\/wp-json\/wp\/v2\/posts\/7265"}],"collection":[{"href":"https:\/\/vendiauto.com\/blog\/wp-json\/wp\/v2\/posts"}],"about":[{"href":"https:\/\/vendiauto.com\/blog\/wp-json\/wp\/v2\/types\/post"}],"author":[{"embeddable":true,"href":"https:\/\/vendiauto.com\/blog\/wp-json\/wp\/v2\/users\/4"}],"replies":[{"embeddable":true,"href":"https:\/\/vendiauto.com\/blog\/wp-json\/wp\/v2\/comments?post=7265"}],"version-history":[{"count":1,"href":"https:\/\/vendiauto.com\/blog\/wp-json\/wp\/v2\/posts\/7265\/revisions"}],"predecessor-version":[{"id":12813,"href":"https:\/\/vendiauto.com\/blog\/wp-json\/wp\/v2\/posts\/7265\/revisions\/12813"}],"wp:attachment":[{"href":"https:\/\/vendiauto.com\/blog\/wp-json\/wp\/v2\/media?parent=7265"}],"wp:term":[{"taxonomy":"category","embeddable":true,"href":"https:\/\/vendiauto.com\/blog\/wp-json\/wp\/v2\/categories?post=7265"},{"taxonomy":"post_tag","embeddable":true,"href":"https:\/\/vendiauto.com\/blog\/wp-json\/wp\/v2\/tags?post=7265"}],"curies":[{"name":"wp","href":"https:\/\/api.w.org\/{rel}","templated":true}]}}