{"id":7411,"date":"2012-09-27T19:11:03","date_gmt":"2012-09-27T18:11:03","guid":{"rendered":"http:\/\/www.vendiauto.com\/blog\/?p=7411"},"modified":"2016-09-14T11:44:19","modified_gmt":"2016-09-14T10:44:19","slug":"svelata-a-parigi-la-nuova-mclaren-p1","status":"publish","type":"post","link":"https:\/\/vendiauto.com\/blog\/svelata-a-parigi-la-nuova-mclaren-p1-2012","title":{"rendered":"Svelata a Parigi la nuova McLaren P1"},"content":{"rendered":"\n<!-- Quick Adsense WordPress Plugin: http:\/\/quickadsense.com\/ -->\n<div style=\"float: none; margin:10px 0 10px 0; text-align:center;\">\n<!--leonative-->\r\n<!-- 5x1 -->\r\n<div id='div-gpt-ad-5x1-0' class='div-gpt-ad div-gpt-ad-inread'>\r\n<script type='text\/javascript'>\r\ngoogletag.cmd.push(function() { googletag.display('div-gpt-ad-5x1-0'); });\r\n<\/script>\r\n<\/div>\n<\/div>\n<p><img loading=\"lazy\" class=\"alignnone size-full wp-image-7412\" title=\"McLaren\" src=\"http:\/\/www.vendiauto.com\/blog\/wp-content\/uploads\/2012\/09\/p1dietro.jpg\" alt=\"\" width=\"630\" height=\"473\" srcset=\"https:\/\/vendiauto.com\/blog\/wp-content\/uploads\/2012\/09\/p1dietro.jpg 630w, https:\/\/vendiauto.com\/blog\/wp-content\/uploads\/2012\/09\/p1dietro-300x225.jpg 300w\" sizes=\"(max-width: 630px) 100vw, 630px\" \/><\/p>\n<p>Il grande giorno \u00e8 arrivato: oggi la \u00a0McLaren ha svelato in occasione del Salone di Parigi 2012 la nuovissima P1 al grande pubblico. Ed \u00e8 stata una presentazione aspettata con grande curiosit\u00e0 da parte di appassionati e non.<\/p>\n<p><!--more--><\/p>\n<p>Curiosit\u00e0 che non \u00e8 stata cancellata del tutto visto che chi si aspettava una succulenta scheda ricca di dati tecnici \u00e8 rimasto a bocca asciutta in quanto questi ultimi saranno divulgati in un secondo momento. Dati tecnici a parte (ma ancora per poco), l&#8217;hanno fatta da padrone le parole pronunciate dai responsabili del progetto P1, a cominciare da Ron Dennis. Il numero uno di McLaren\u00a0ha esordito dicendo che\u00a0\u201c<em>la nuova P1 ha preso ispirazione direttamente dalla McLaren che gareggia in Formula 1 e\u00a0rappresenta il risultato di 50 anni di corse automobilistiche. Venti anni fa abbiamo alzato il tiro in fatto di prestazioni con la McLaren F1 e il nostro obiettivo, con la P1, \u00e8 quello di ridefinirle ancora una volta<\/em>\u201d. Antony Sheriff, managing director di McLaren, ha cos\u00ec\u00a0 definito la nuova P1: \u201c<em>la pi\u00f9 eccitante, la pi\u00f9 efficiente, la pi\u00f9 tecnologicamente avanzata e la pi\u00f9 dinamica supercar mai costruita<\/em>\u201d. Bastano queste due dichiarazioni a rendere l&#8217;idea di cosa rappresenti la P1 per la McLaren. Nell&#8217;unica nota di presentazione la casa di Woking dichiara che con la P1 &#8220;<em>ha l&#8217;unico obiettivo di essere la miglior driver&#8217;s car al mondo, in pista e su strada<\/em>&#8220;. Non resta che aspettare la scheda coi dati tecnici per rendersi conto di che numeri abbia in serbo la P1.<\/p>\n\n<div style=\"font-size: 0px; height: 0px; line-height: 0px; margin: 0; padding: 0; clear: both;\"><\/div><!-- Begin Yuzo --><div class='yuzo_related_post style-1'  data-version='5.12.88'><!-- without result --><div class='yuzo_clearfixed yuzo__title yuzo__title'><h2>Potrebbe anche Interessarti <\/h2><\/div>\n\t\t\t\t\t\t  <div class=\"relatedthumb \" style=\"width:125px;float:left;overflow:hidden;\">  \n\t\t\t\t\t\t\t  \n\t\t\t\t\t\t\t  <a  href=\"https:\/\/vendiauto.com\/blog\/incentivi-per-auto-elettriche-in-francia-bonus-di-10-000-euro-2015\"  >\n\t\t\t\t\t\t\t\t\t  <div class=\"yuzo-img-wrap \" style=\"width: 125px;height:90px;\">\n\t\t\t\t\t\t\t\t\t\t\n\t\t\t\t\t\t\t\t\t\t<div class=\"yuzo-img\" style=\"background:url('https:\/\/vendiauto.com\/blog\/wp-content\/uploads\/2015\/02\/Renault_ZOE_Preview-150x150.jpg') 50% 50% no-repeat;width: 125px;height:90px;margin-bottom: 5px;background-size: cover; \"><\/div>\n\t\t\t\t\t\t\t\t\t  <\/div>\n\t\t\t\t\t\t\t\t\t  \n\t\t\t\t\t\t\t\t   <span class=\"yuzo__text--title\" style=\"font-size:13px;\">Incentivi per auto elettriche: in Francia bonus di...<\/span>\n\t\t\t\t\t\t\t  \n\t\t\t\t\t\t\t  \n\t\t\t\t\t\t\t  <\/a>\n\n\t\t\t\t\t\t  <\/div>\n\t\t\t\t\t\t  <div class=\"relatedthumb \" style=\"width:125px;float:left;overflow:hidden;\">  \n\t\t\t\t\t\t\t  \n\t\t\t\t\t\t\t  <a  href=\"https:\/\/vendiauto.com\/blog\/top-marques-2012-pagani-huayra-2012\"  >\n\t\t\t\t\t\t\t\t\t  <div class=\"yuzo-img-wrap \" style=\"width: 125px;height:90px;\">\n\t\t\t\t\t\t\t\t\t\t\n\t\t\t\t\t\t\t\t\t\t<div class=\"yuzo-img\" style=\"background:url('https:\/\/vendiauto.com\/blog\/wp-content\/uploads\/2012\/05\/pagani-150x150.jpg') 50% 50% no-repeat;width: 125px;height:90px;margin-bottom: 5px;background-size: cover; \"><\/div>\n\t\t\t\t\t\t\t\t\t  <\/div>\n\t\t\t\t\t\t\t\t\t  \n\t\t\t\t\t\t\t\t   <span class=\"yuzo__text--title\" style=\"font-size:13px;\">Top Marques 2012: Pagani Huayra<\/span>\n\t\t\t\t\t\t\t  \n\t\t\t\t\t\t\t  \n\t\t\t\t\t\t\t  <\/a>\n\n\t\t\t\t\t\t  <\/div>\n\t\t\t\t\t\t  <div class=\"relatedthumb \" style=\"width:125px;float:left;overflow:hidden;\">  \n\t\t\t\t\t\t\t  \n\t\t\t\t\t\t\t  <a  href=\"https:\/\/vendiauto.com\/blog\/opel-arriva-lauto-dog-friendly-2012\"  >\n\t\t\t\t\t\t\t\t\t  <div class=\"yuzo-img-wrap \" style=\"width: 125px;height:90px;\">\n\t\t\t\t\t\t\t\t\t\t\n\t\t\t\t\t\t\t\t\t\t<div class=\"yuzo-img\" style=\"background:url('https:\/\/vendiauto.com\/blog\/wp-content\/uploads\/2012\/07\/Opel-dog-friendly-150x150.jpg') 50% 50% no-repeat;width: 125px;height:90px;margin-bottom: 5px;background-size: cover; \"><\/div>\n\t\t\t\t\t\t\t\t\t  <\/div>\n\t\t\t\t\t\t\t\t\t  \n\t\t\t\t\t\t\t\t   <span class=\"yuzo__text--title\" style=\"font-size:13px;\">Opel: arriva l\u2019auto dog friendly<\/span>\n\t\t\t\t\t\t\t  \n\t\t\t\t\t\t\t  \n\t\t\t\t\t\t\t  <\/a>\n\n\t\t\t\t\t\t  <\/div>\n\t\t\t\t\t\t  <div class=\"relatedthumb \" style=\"width:125px;float:left;overflow:hidden;\">  \n\t\t\t\t\t\t\t  \n\t\t\t\t\t\t\t  <a  href=\"https:\/\/vendiauto.com\/blog\/2013-che-rivoluzione-2013\"  >\n\t\t\t\t\t\t\t\t\t  <div class=\"yuzo-img-wrap \" style=\"width: 125px;height:90px;\">\n\t\t\t\t\t\t\t\t\t\t\n\t\t\t\t\t\t\t\t\t\t<div class=\"yuzo-img\" style=\"background:url('https:\/\/vendiauto.com\/blog\/wp-content\/uploads\/2013\/01\/2013-che-rivoluzione-150x150.jpg') 50% 50% no-repeat;width: 125px;height:90px;margin-bottom: 5px;background-size: cover; \"><\/div>\n\t\t\t\t\t\t\t\t\t  <\/div>\n\t\t\t\t\t\t\t\t\t  \n\t\t\t\t\t\t\t\t   <span class=\"yuzo__text--title\" style=\"font-size:13px;\">2013 che Rivoluzione!<\/span>\n\t\t\t\t\t\t\t  \n\t\t\t\t\t\t\t  \n\t\t\t\t\t\t\t  <\/a>\n\n\t\t\t\t\t\t  <\/div>\n<\/div> <script>\n\t\t\t\t\t\t  jQuery(document).ready(function( $ ){\n\t\t\t\t\t\t\t\/\/jQuery('.yuzo_related_post').equalizer({ overflow : 'relatedthumb' });\n\t\t\t\t\t\t\tjQuery('.yuzo_related_post .yuzo_wraps').equalizer({ columns : '> div' });\n\t\t\t\t\t\t   })\n\t\t\t\t\t\t  <\/script> <!-- End Yuzo :) -->","protected":false},"excerpt":{"rendered":"<p>Il grande giorno \u00e8 arrivato: oggi la \u00a0McLaren ha svelato in occasione del Salone di Parigi 2012 la nuovissima P1 al grande pubblico. Ed \u00e8 stata una presentazione aspettata con grande curiosit\u00e0 da parte di appassionati e non. Potrebbe anche Interessarti Nuova Mercedes Classe C Coup\u00e8 my2011 Cattive abitudini alla guida: gli errori pi\u00f9 frequ&#8230; [&hellip;]<\/p>\n","protected":false},"author":3,"featured_media":0,"comment_status":"open","ping_status":"open","sticky":false,"template":"","format":"standard","meta":[],"categories":[2110],"tags":[1436,1455],"_links":{"self":[{"href":"https:\/\/vendiauto.com\/blog\/wp-json\/wp\/v2\/posts\/7411"}],"collection":[{"href":"https:\/\/vendiauto.com\/blog\/wp-json\/wp\/v2\/posts"}],"about":[{"href":"https:\/\/vendiauto.com\/blog\/wp-json\/wp\/v2\/types\/post"}],"author":[{"embeddable":true,"href":"https:\/\/vendiauto.com\/blog\/wp-json\/wp\/v2\/users\/3"}],"replies":[{"embeddable":true,"href":"https:\/\/vendiauto.com\/blog\/wp-json\/wp\/v2\/comments?post=7411"}],"version-history":[{"count":1,"href":"https:\/\/vendiauto.com\/blog\/wp-json\/wp\/v2\/posts\/7411\/revisions"}],"predecessor-version":[{"id":12180,"href":"https:\/\/vendiauto.com\/blog\/wp-json\/wp\/v2\/posts\/7411\/revisions\/12180"}],"wp:attachment":[{"href":"https:\/\/vendiauto.com\/blog\/wp-json\/wp\/v2\/media?parent=7411"}],"wp:term":[{"taxonomy":"category","embeddable":true,"href":"https:\/\/vendiauto.com\/blog\/wp-json\/wp\/v2\/categories?post=7411"},{"taxonomy":"post_tag","embeddable":true,"href":"https:\/\/vendiauto.com\/blog\/wp-json\/wp\/v2\/tags?post=7411"}],"curies":[{"name":"wp","href":"https:\/\/api.w.org\/{rel}","templated":true}]}}