{"id":7583,"date":"2012-10-25T17:41:25","date_gmt":"2012-10-25T16:41:25","guid":{"rendered":"http:\/\/www.vendiauto.com\/blog\/?p=7583"},"modified":"2016-09-14T14:49:54","modified_gmt":"2016-09-14T13:49:54","slug":"peugeot-al-salone-auto-e-moto-depoca","status":"publish","type":"post","link":"https:\/\/vendiauto.com\/blog\/peugeot-al-salone-auto-e-moto-depoca-2012","title":{"rendered":"Peugeot al Salone Auto e Moto d\u2019Epoca"},"content":{"rendered":"\n<!-- Quick Adsense WordPress Plugin: http:\/\/quickadsense.com\/ -->\n<div style=\"float: none; margin:10px 0 10px 0; text-align:center;\">\n<!--leonative-->\r\n<!-- 5x1 -->\r\n<div id='div-gpt-ad-5x1-0' class='div-gpt-ad div-gpt-ad-inread'>\r\n<script type='text\/javascript'>\r\ngoogletag.cmd.push(function() { googletag.display('div-gpt-ad-5x1-0'); });\r\n<\/script>\r\n<\/div>\n<\/div>\n<p><img class=\"aligncenter  wp-image-7586\" style=\"border: 1px solid black;\" title=\"Peugeot 205 GTI\" src=\"http:\/\/www.vendiauto.com\/blog\/wp-content\/uploads\/2012\/10\/Peugeot-205-GTI.jpg\" alt=\"\" width=\"540\" srcset=\"https:\/\/vendiauto.com\/blog\/wp-content\/uploads\/2012\/10\/Peugeot-205-GTI.jpg 730w, https:\/\/vendiauto.com\/blog\/wp-content\/uploads\/2012\/10\/Peugeot-205-GTI-300x200.jpg 300w\" sizes=\"(max-width: 730px) 100vw, 730px\" \/>Al Salone di Auto e Moto d&#8217;epoca Peugeot espone una <strong>205 GTI<\/strong> e una <strong>205 Turbo16<\/strong> .<br \/>\nLa manifestazione si terr\u00e0 a Padova dal\u00a025 al 28 ottobre presso la Fiera di Padova.<!--more--><br \/>\nI due modelli scelti da <strong>Peugeot<\/strong>\u00a0rappresentano proprio i modelli con cui la casa automobilistica francese cominci\u00f2 ad imporsi, oltre che per seriet\u00e0 e affidabilit\u00e0, anche per dinamismo e sportivit\u00e0.\u00a0Nello stand <strong>Peugeot<\/strong> sar\u00e0 esposta anche una <strong>208 Ice Velvet<\/strong>.<\/p>\n<p><strong>Peugeot 205 GTI<\/strong><br \/>\nQuesto modello fu presentato durante i primi mesi del 1984. All&#8217;inizio era equipaggiata con un motore da 1.600 cm3 e 105 CV e successivamente, nel 1986, venne affiancata dalla versione 115 CV e dalla versione con motore da 1.900\u00a0cm3 con 130 CV, accelerazione 0-100 km\/h in 7,8 secondi e ben 206 km\/h di velocit\u00e0, identificata dai cerchi maggiorati\u00a0da 15\u201d e dalla scritta \u201c1.9\u201d sui fregi dei montanti posteriori.<br \/>\nLa <strong>Peugeot 205 GTI<\/strong>\u00a0in esposizione a Padova. di colore rosso e del 1988, \u00e8 stata acquistata di recente e restaurata a cura del Club Storico di Peugeot Italia.<\/p>\n<p><strong>Peugeot 205 Turbo16<\/strong><br \/>\nSI tratta di uno dei 200 esemplari \u201cstradali\u201d prodotti nel mondo.<br \/>\nLa <strong>Peugeot 205 Turbo16 <\/strong>ha un motore di 1775 cm3, 4 cilindri, 4 valvole per cilindro, per una potenza di 200 cavalli a 6.700 giri e una coppia di\u00a0255 Nm a 4.000 giri. Il telaio e la carrozzeria in materiali compositi, insieme lla trazione integrale,\u00a0conferiscono a questo modello leggerezza rendendola \u00a0il sogno per tutti i collezionisti di 205.<br \/>\nTutte le caratteristiche:<br \/>\nMotore centrale a destra dell\u2019asse posteriore, inclinato di 20\u00b0 verso retro<br \/>\n&#8211; cilindrata 1.775 cm3<br \/>\n-4 cilindri<br \/>\n\u2013 4 valvole a cilindro<br \/>\n\u2013\u00a0iniezione Bosch L-Jetronic &#8211; potenza 200 CV a 6.700 giri\/min<br \/>\n\u2013 coppia massima 255 Nm a 4.000 giri<br \/>\n\u2013 trazione integrale<br \/>\n\u2013 cambio\u00a0meccanico 5 marce<br \/>\n\u2013 velocit\u00e0 massima 210 km\/h<br \/>\n\u2013 accelerazione 0-100 km\/h in 6 secondi, 1 km da fermo in 27 secondi<br \/>\n\u2013 consumo\u00a012,2 l\/100 km<br \/>\n\u2013 lunghezza 3.820 mm, larghezza 1.700 mm, altezza 1.353 mm, passo 2.540 mm,<br \/>\n&#8211; peso a pieno carico 1.150 kg (530\u00a0ant, 615 post.)<br \/>\n\u2013 rapporto peso\/potenza 5,7 kg\/CV<br \/>\n\u2013 pneumatici 210\/55 TRX 390<\/p>\n<p><strong>Peugeot 208 Ice Velvet ed oltre<\/strong><br \/>\nSi tratta di una serie limitata prodotta per anticipare il lancio della 208. Prende il\u00a0nome dalla tinta satinata, equipaggiata con il Diesel 1.6 cm3 8V e-HDi 115 CV FAP\u00ae, associato a un cambio manuale a 6 marce.<\/p>\n<p>La <strong>Peugeot 208\u00a0<\/strong>ha fatto il suo debutto sul mercato italiano ad aprile, riscuotendo \u00a0subito un gran successo, non solo er le sue caratteristiche\u00a0estetiche e funzionali, ma anche per la sua dotazione hi-tech e perch\u00e8 rispondente alle esigente della clientela.<br \/>\nIn Italia <strong>Peugeot 208 <\/strong>\u00e8 presente con tre allestimenti:\u00a0<strong>Access, Active, Allure,<\/strong> oltre alla Business appositamente\u00a0studiata per le flotte aziendali, e con un&#8217;offerta di motori diesel e benzina.<br \/>\nMa ci saranno ancora novit\u00e0 previste per la \u00a0primavera prossima con l&#8217;arrivo della sportiva e della \u201ccittadina\u201d della gamma,\u00a0ossia 208 GTi e 208 XY.<\/p>\n\n<div style=\"font-size: 0px; height: 0px; line-height: 0px; margin: 0; padding: 0; clear: both;\"><\/div><!-- Begin Yuzo --><div class='yuzo_related_post style-1'  data-version='5.12.88'><!-- without result --><div class='yuzo_clearfixed yuzo__title yuzo__title'><h2>Potrebbe anche Interessarti <\/h2><\/div>\n\t\t\t\t\t\t  <div class=\"relatedthumb \" style=\"width:125px;float:left;overflow:hidden;\">  \n\t\t\t\t\t\t\t  \n\t\t\t\t\t\t\t  <a  href=\"https:\/\/vendiauto.com\/blog\/ecco-il-prototipo-definitivo-della-nuova-jaguar-f-type-2012\"  >\n\t\t\t\t\t\t\t\t\t  <div class=\"yuzo-img-wrap \" style=\"width: 125px;height:90px;\">\n\t\t\t\t\t\t\t\t\t\t\n\t\t\t\t\t\t\t\t\t\t<div class=\"yuzo-img\" style=\"background:url('https:\/\/vendiauto.com\/blog\/wp-content\/uploads\/2012\/04\/prototipoJaguarFType_01-150x150.jpg') 50% 50% no-repeat;width: 125px;height:90px;margin-bottom: 5px;background-size: cover; \"><\/div>\n\t\t\t\t\t\t\t\t\t  <\/div>\n\t\t\t\t\t\t\t\t\t  \n\t\t\t\t\t\t\t\t   <span class=\"yuzo__text--title\" style=\"font-size:13px;\">Ecco il prototipo definitivo della nuova Jaguar F-...<\/span>\n\t\t\t\t\t\t\t  \n\t\t\t\t\t\t\t  \n\t\t\t\t\t\t\t  <\/a>\n\n\t\t\t\t\t\t  <\/div>\n\t\t\t\t\t\t  <div class=\"relatedthumb \" style=\"width:125px;float:left;overflow:hidden;\">  \n\t\t\t\t\t\t\t  \n\t\t\t\t\t\t\t  <a  href=\"https:\/\/vendiauto.com\/blog\/chevrolet-al-salone-dellautomobile-di-ginevra-2012\"  >\n\t\t\t\t\t\t\t\t\t  <div class=\"yuzo-img-wrap \" style=\"width: 125px;height:90px;\">\n\t\t\t\t\t\t\t\t\t\t\n\t\t\t\t\t\t\t\t\t\t<div class=\"yuzo-img\" style=\"background:url('https:\/\/vendiauto.com\/blog\/wp-content\/uploads\/2012\/02\/275670-150x150.jpg') 50% 50% no-repeat;width: 125px;height:90px;margin-bottom: 5px;background-size: cover; \"><\/div>\n\t\t\t\t\t\t\t\t\t  <\/div>\n\t\t\t\t\t\t\t\t\t  \n\t\t\t\t\t\t\t\t   <span class=\"yuzo__text--title\" style=\"font-size:13px;\">Le novit\u00e0 di Chevrolet al Salone di Ginevra<\/span>\n\t\t\t\t\t\t\t  \n\t\t\t\t\t\t\t  \n\t\t\t\t\t\t\t  <\/a>\n\n\t\t\t\t\t\t  <\/div>\n\t\t\t\t\t\t  <div class=\"relatedthumb \" style=\"width:125px;float:left;overflow:hidden;\">  \n\t\t\t\t\t\t\t  \n\t\t\t\t\t\t\t  <a  href=\"https:\/\/vendiauto.com\/blog\/nuova-mini-coupe-2011-2011\"  >\n\t\t\t\t\t\t\t\t\t  <div class=\"yuzo-img-wrap \" style=\"width: 125px;height:90px;\">\n\t\t\t\t\t\t\t\t\t\t\n\t\t\t\t\t\t\t\t\t\t<div class=\"yuzo-img\" style=\"background:url('https:\/\/vendiauto.com\/blog\/wp-content\/uploads\/2011\/07\/350486_4144_big_mini-coupe-303-150x150.jpg') 50% 50% no-repeat;width: 125px;height:90px;margin-bottom: 5px;background-size: cover; \"><\/div>\n\t\t\t\t\t\t\t\t\t  <\/div>\n\t\t\t\t\t\t\t\t\t  \n\t\t\t\t\t\t\t\t   <span class=\"yuzo__text--title\" style=\"font-size:13px;\">Nuova Mini Coup\u00e8 2011<\/span>\n\t\t\t\t\t\t\t  \n\t\t\t\t\t\t\t  \n\t\t\t\t\t\t\t  <\/a>\n\n\t\t\t\t\t\t  <\/div>\n\t\t\t\t\t\t  <div class=\"relatedthumb \" style=\"width:125px;float:left;overflow:hidden;\">  \n\t\t\t\t\t\t\t  \n\t\t\t\t\t\t\t  <a  href=\"https:\/\/vendiauto.com\/blog\/tempo-di-restyling-per-laudi-a1-2014\"  >\n\t\t\t\t\t\t\t\t\t  <div class=\"yuzo-img-wrap \" style=\"width: 125px;height:90px;\">\n\t\t\t\t\t\t\t\t\t\t\n\t\t\t\t\t\t\t\t\t\t<div class=\"yuzo-img\" style=\"background:url('https:\/\/vendiauto.com\/blog\/wp-content\/uploads\/2014\/11\/2015-Audi-S1-Sportback-150x150.jpg') 50% 50% no-repeat;width: 125px;height:90px;margin-bottom: 5px;background-size: cover; \"><\/div>\n\t\t\t\t\t\t\t\t\t  <\/div>\n\t\t\t\t\t\t\t\t\t  \n\t\t\t\t\t\t\t\t   <span class=\"yuzo__text--title\" style=\"font-size:13px;\">Tempo di restyling per l\u2019Audi A1<\/span>\n\t\t\t\t\t\t\t  \n\t\t\t\t\t\t\t  \n\t\t\t\t\t\t\t  <\/a>\n\n\t\t\t\t\t\t  <\/div>\n<\/div> <script>\n\t\t\t\t\t\t  jQuery(document).ready(function( $ ){\n\t\t\t\t\t\t\t\/\/jQuery('.yuzo_related_post').equalizer({ overflow : 'relatedthumb' });\n\t\t\t\t\t\t\tjQuery('.yuzo_related_post .yuzo_wraps').equalizer({ columns : '> div' });\n\t\t\t\t\t\t   })\n\t\t\t\t\t\t  <\/script> <!-- End Yuzo :) -->","protected":false},"excerpt":{"rendered":"<p>Al Salone di Auto e Moto d&#8217;epoca Peugeot espone una 205 GTI e una 205 Turbo16 . La manifestazione si terr\u00e0 a Padova dal\u00a025 al 28 ottobre presso la Fiera di Padova. Potrebbe anche Interessarti Mercedes Concept Style Coup\u00e9: stile ribelle Ecco la nuova Bmw Serie 3 berlina my2012 Ecco la nuova Porsche Panamera MY2013! [&hellip;]<\/p>\n","protected":false},"author":2,"featured_media":0,"comment_status":"open","ping_status":"open","sticky":false,"template":"","format":"standard","meta":[],"categories":[2110],"tags":[1492,881],"_links":{"self":[{"href":"https:\/\/vendiauto.com\/blog\/wp-json\/wp\/v2\/posts\/7583"}],"collection":[{"href":"https:\/\/vendiauto.com\/blog\/wp-json\/wp\/v2\/posts"}],"about":[{"href":"https:\/\/vendiauto.com\/blog\/wp-json\/wp\/v2\/types\/post"}],"author":[{"embeddable":true,"href":"https:\/\/vendiauto.com\/blog\/wp-json\/wp\/v2\/users\/2"}],"replies":[{"embeddable":true,"href":"https:\/\/vendiauto.com\/blog\/wp-json\/wp\/v2\/comments?post=7583"}],"version-history":[{"count":1,"href":"https:\/\/vendiauto.com\/blog\/wp-json\/wp\/v2\/posts\/7583\/revisions"}],"predecessor-version":[{"id":12399,"href":"https:\/\/vendiauto.com\/blog\/wp-json\/wp\/v2\/posts\/7583\/revisions\/12399"}],"wp:attachment":[{"href":"https:\/\/vendiauto.com\/blog\/wp-json\/wp\/v2\/media?parent=7583"}],"wp:term":[{"taxonomy":"category","embeddable":true,"href":"https:\/\/vendiauto.com\/blog\/wp-json\/wp\/v2\/categories?post=7583"},{"taxonomy":"post_tag","embeddable":true,"href":"https:\/\/vendiauto.com\/blog\/wp-json\/wp\/v2\/tags?post=7583"}],"curies":[{"name":"wp","href":"https:\/\/api.w.org\/{rel}","templated":true}]}}