{"id":7676,"date":"2012-11-12T16:58:45","date_gmt":"2012-11-12T15:58:45","guid":{"rendered":"http:\/\/www.vendiauto.com\/blog\/?p=7676"},"modified":"2016-09-14T14:49:42","modified_gmt":"2016-09-14T13:49:42","slug":"nuova-golf-il-debutto-nelle-concessionarie","status":"publish","type":"post","link":"https:\/\/vendiauto.com\/blog\/nuova-golf-il-debutto-nelle-concessionarie-2012","title":{"rendered":"Nuova Golf: il debutto nelle concessionarie"},"content":{"rendered":"\n<!-- Quick Adsense WordPress Plugin: http:\/\/quickadsense.com\/ -->\n<div style=\"float: none; margin:10px 0 10px 0; text-align:center;\">\n<!--leonative-->\r\n<!-- 5x1 -->\r\n<div id='div-gpt-ad-5x1-0' class='div-gpt-ad div-gpt-ad-inread'>\r\n<script type='text\/javascript'>\r\ngoogletag.cmd.push(function() { googletag.display('div-gpt-ad-5x1-0'); });\r\n<\/script>\r\n<\/div>\n<\/div>\n<p style=\"text-align: center;\"><img loading=\"lazy\" class=\"aligncenter  wp-image-7678\" style=\"border: 1px solid black;\" title=\"Nuova-Golf-2012\" src=\"http:\/\/www.vendiauto.com\/blog\/wp-content\/uploads\/2012\/11\/la-nuova-golf-debutta-nelle-concessionarie-db2012au00942.jpg\" alt=\"\" width=\"540\" height=\"360\" srcset=\"https:\/\/vendiauto.com\/blog\/wp-content\/uploads\/2012\/11\/la-nuova-golf-debutta-nelle-concessionarie-db2012au00942.jpg 1024w, https:\/\/vendiauto.com\/blog\/wp-content\/uploads\/2012\/11\/la-nuova-golf-debutta-nelle-concessionarie-db2012au00942-300x200.jpg 300w\" sizes=\"(max-width: 540px) 100vw, 540px\" \/><\/p>\n<p style=\"text-align: justify;\">Dopo il lancio mondiale al Salone dell\u2019Automobile di Parigi, la <strong>nuova Golf<\/strong> ha debuttato nelle concessionarie lo scorso week end. E sar\u00e0 di nuovo protagonista nel prossimo <strong>porte aperte<\/strong> che si terr\u00e0 il <strong>17-18 novembre<\/strong>. Un doppio appuntamento per dare ai clienti la possibilit\u00e0 di conoscere dal vivo la settima generazione della bestseller Volkswagen che si basa sulla rivoluzionaria piattaforma modulare trasversale MQB grazie alla quale \u00a0\u00e8 stato possibile adottare numerose innovazioni tecnologiche. <!--more-->Tra le altre, ci sono gli avanzati sistemi di produzione che hanno portato a una riduzione del peso della vettura fino a100 kg, ottenuta senza dover rinunciare a sicurezza, comfort, e dimensioni maggiori con conseguente migliore abitabilit\u00e0.La Golf\u00e8 infatti pi\u00f9 lunga di56 mm(per un totale di4.255 mm) e ha un passo aumentato di59 mm(2.637 mm), il che ha consentito di definire un abitacolo significativamente pi\u00f9 ampio, che garantisce maggiore spazio ai passeggeri, specie i posteriori, e una capacit\u00e0 del bagagliaio di380 litri(30 litriin pi\u00f9). Se il contenimento del peso non ha condizionato l\u2019aumento delle dimensioni e dello spazio interno, \u00e8 stato invece decisivo per l\u2019abbattimento dei consumi che risultano inferiori fino a un massimo del 23% rispetto al modello precedente. La Golf VII \u00e8 disponibile con motori benzina sovralimentati nelle varianti 1.2. TSI 105 CV e 1.4 TSI 122 e 140 CV, mentre l\u2019offerta di propulsori Diesel comprende il 1.6 TDI 105 CV me il 2.0 TDI 150 CV. La nuova Golf \u00e8 dotata di serie, fin dall\u2019allestimento di accesso Trendline, dei migliori sistemi di sicurezza e di assistenza alla guida come il sistema di frenata anti collisione multipla, il dispositivo di rilevazione della stanchezza Fatigue Detection, sette airbag, il controllo elettronico della stabilizzazione ESC, l\u2019ABS e il differenziale autobloccante XDS. La \u00a0nuova Golf ha mantenuto un prezzo in linea con la versione precedente: il listino parte da 17.800 Euro per la 1.2 TSI 105 CV Trendline.<\/p>\n\n<div style=\"font-size: 0px; height: 0px; line-height: 0px; margin: 0; padding: 0; clear: both;\"><\/div><!-- Begin Yuzo --><div class='yuzo_related_post style-1'  data-version='5.12.88'><!-- without result --><div class='yuzo_clearfixed yuzo__title yuzo__title'><h2>Potrebbe anche Interessarti <\/h2><\/div>\n\t\t\t\t\t\t  <div class=\"relatedthumb \" style=\"width:125px;float:left;overflow:hidden;\">  \n\t\t\t\t\t\t\t  \n\t\t\t\t\t\t\t  <a  href=\"https:\/\/vendiauto.com\/blog\/nuova-mini-cooper-s-inspired-by-goodwood-2011\"  >\n\t\t\t\t\t\t\t\t\t  <div class=\"yuzo-img-wrap \" style=\"width: 125px;height:90px;\">\n\t\t\t\t\t\t\t\t\t\t\n\t\t\t\t\t\t\t\t\t\t<div class=\"yuzo-img\" style=\"background:url('https:\/\/vendiauto.com\/blog\/wp-content\/uploads\/2011\/04\/337712_3530_big_mini-goodwood-12dentro-150x150.jpg') 50% 50% no-repeat;width: 125px;height:90px;margin-bottom: 5px;background-size: cover; \"><\/div>\n\t\t\t\t\t\t\t\t\t  <\/div>\n\t\t\t\t\t\t\t\t\t  \n\t\t\t\t\t\t\t\t   <span class=\"yuzo__text--title\" style=\"font-size:13px;\">Nuova Mini Cooper S Inspired by Goodwood<\/span>\n\t\t\t\t\t\t\t  \n\t\t\t\t\t\t\t  \n\t\t\t\t\t\t\t  <\/a>\n\n\t\t\t\t\t\t  <\/div>\n\t\t\t\t\t\t  <div class=\"relatedthumb \" style=\"width:125px;float:left;overflow:hidden;\">  \n\t\t\t\t\t\t\t  \n\t\t\t\t\t\t\t  <a  href=\"https:\/\/vendiauto.com\/blog\/pininfarina-a-ginevra-con-un-tributo-a-sergio-2013\"  >\n\t\t\t\t\t\t\t\t\t  <div class=\"yuzo-img-wrap \" style=\"width: 125px;height:90px;\">\n\t\t\t\t\t\t\t\t\t\t\n\t\t\t\t\t\t\t\t\t\t<div class=\"yuzo-img\" style=\"background:url('https:\/\/vendiauto.com\/blog\/wp-content\/uploads\/2013\/02\/sergio-il-nuovo-concept-pininfarina-a-ginevra-2013-150x150.jpg') 50% 50% no-repeat;width: 125px;height:90px;margin-bottom: 5px;background-size: cover; \"><\/div>\n\t\t\t\t\t\t\t\t\t  <\/div>\n\t\t\t\t\t\t\t\t\t  \n\t\t\t\t\t\t\t\t   <span class=\"yuzo__text--title\" style=\"font-size:13px;\">Pininfarina a Ginevra con un tributo a Sergio<\/span>\n\t\t\t\t\t\t\t  \n\t\t\t\t\t\t\t  \n\t\t\t\t\t\t\t  <\/a>\n\n\t\t\t\t\t\t  <\/div>\n\t\t\t\t\t\t  <div class=\"relatedthumb \" style=\"width:125px;float:left;overflow:hidden;\">  \n\t\t\t\t\t\t\t  \n\t\t\t\t\t\t\t  <a  href=\"https:\/\/vendiauto.com\/blog\/le-poste-svedesi-scelgono-ancora-con-fiat-fiorino-2012\"  >\n\t\t\t\t\t\t\t\t\t  <div class=\"yuzo-img-wrap \" style=\"width: 125px;height:90px;\">\n\t\t\t\t\t\t\t\t\t\t\n\t\t\t\t\t\t\t\t\t\t<div class=\"yuzo-img\" style=\"background:url('https:\/\/vendiauto.com\/blog\/wp-content\/uploads\/2012\/03\/Poste-svedesiFIORINOFIAT-150x150.jpg') 50% 50% no-repeat;width: 125px;height:90px;margin-bottom: 5px;background-size: cover; \"><\/div>\n\t\t\t\t\t\t\t\t\t  <\/div>\n\t\t\t\t\t\t\t\t\t  \n\t\t\t\t\t\t\t\t   <span class=\"yuzo__text--title\" style=\"font-size:13px;\">Le Poste Svedesi scelgono ancora Fiat Fiorino<\/span>\n\t\t\t\t\t\t\t  \n\t\t\t\t\t\t\t  \n\t\t\t\t\t\t\t  <\/a>\n\n\t\t\t\t\t\t  <\/div>\n\t\t\t\t\t\t  <div class=\"relatedthumb \" style=\"width:125px;float:left;overflow:hidden;\">  \n\t\t\t\t\t\t\t  \n\t\t\t\t\t\t\t  <a  href=\"https:\/\/vendiauto.com\/blog\/slot-machine-lultimo-nemico-pubblico-della-sicurezza-stradale-2013\"  >\n\t\t\t\t\t\t\t\t\t  <div class=\"yuzo-img-wrap \" style=\"width: 125px;height:90px;\">\n\t\t\t\t\t\t\t\t\t\t\n\t\t\t\t\t\t\t\t\t\t<div class=\"yuzo-img\" style=\"background:url('https:\/\/vendiauto.com\/blog\/wp-content\/uploads\/2013\/04\/slot_machine_sicurezza_stradale-150x150.jpg') 50% 50% no-repeat;width: 125px;height:90px;margin-bottom: 5px;background-size: cover; \"><\/div>\n\t\t\t\t\t\t\t\t\t  <\/div>\n\t\t\t\t\t\t\t\t\t  \n\t\t\t\t\t\t\t\t   <span class=\"yuzo__text--title\" style=\"font-size:13px;\">Slot machine: l\u2019ultimo nemico pubblico della sicur...<\/span>\n\t\t\t\t\t\t\t  \n\t\t\t\t\t\t\t  \n\t\t\t\t\t\t\t  <\/a>\n\n\t\t\t\t\t\t  <\/div>\n<\/div> <script>\n\t\t\t\t\t\t  jQuery(document).ready(function( $ ){\n\t\t\t\t\t\t\t\/\/jQuery('.yuzo_related_post').equalizer({ overflow : 'relatedthumb' });\n\t\t\t\t\t\t\tjQuery('.yuzo_related_post .yuzo_wraps').equalizer({ columns : '> div' });\n\t\t\t\t\t\t   })\n\t\t\t\t\t\t  <\/script> <!-- End Yuzo :) -->","protected":false},"excerpt":{"rendered":"<p>Dopo il lancio mondiale al Salone dell\u2019Automobile di Parigi, la nuova Golf ha debuttato nelle concessionarie lo scorso week end. E sar\u00e0 di nuovo protagonista nel prossimo porte aperte che si terr\u00e0 il 17-18 novembre. Un doppio appuntamento per dare ai clienti la possibilit\u00e0 di conoscere dal vivo la settima generazione della bestseller Volkswagen che [&hellip;]<\/p>\n","protected":false},"author":4,"featured_media":0,"comment_status":"open","ping_status":"open","sticky":false,"template":"","format":"standard","meta":[],"categories":[2110],"tags":[64,754],"_links":{"self":[{"href":"https:\/\/vendiauto.com\/blog\/wp-json\/wp\/v2\/posts\/7676"}],"collection":[{"href":"https:\/\/vendiauto.com\/blog\/wp-json\/wp\/v2\/posts"}],"about":[{"href":"https:\/\/vendiauto.com\/blog\/wp-json\/wp\/v2\/types\/post"}],"author":[{"embeddable":true,"href":"https:\/\/vendiauto.com\/blog\/wp-json\/wp\/v2\/users\/4"}],"replies":[{"embeddable":true,"href":"https:\/\/vendiauto.com\/blog\/wp-json\/wp\/v2\/comments?post=7676"}],"version-history":[{"count":1,"href":"https:\/\/vendiauto.com\/blog\/wp-json\/wp\/v2\/posts\/7676\/revisions"}],"predecessor-version":[{"id":12393,"href":"https:\/\/vendiauto.com\/blog\/wp-json\/wp\/v2\/posts\/7676\/revisions\/12393"}],"wp:attachment":[{"href":"https:\/\/vendiauto.com\/blog\/wp-json\/wp\/v2\/media?parent=7676"}],"wp:term":[{"taxonomy":"category","embeddable":true,"href":"https:\/\/vendiauto.com\/blog\/wp-json\/wp\/v2\/categories?post=7676"},{"taxonomy":"post_tag","embeddable":true,"href":"https:\/\/vendiauto.com\/blog\/wp-json\/wp\/v2\/tags?post=7676"}],"curies":[{"name":"wp","href":"https:\/\/api.w.org\/{rel}","templated":true}]}}