{"id":8001,"date":"2013-01-18T15:15:08","date_gmt":"2013-01-18T14:15:08","guid":{"rendered":"http:\/\/www.vendiauto.com\/blog\/?p=8001"},"modified":"2016-09-14T11:58:46","modified_gmt":"2016-09-14T10:58:46","slug":"nuova-ford-fiesta-un-video-per-raccontare-24-ore-a-bordo-dellauto","status":"publish","type":"post","link":"https:\/\/vendiauto.com\/blog\/nuova-ford-fiesta-un-video-per-raccontare-24-ore-a-bordo-dellauto-2013","title":{"rendered":"Nuova Ford Fiesta: un video per raccontare 24 ore a bordo dell&#8217;auto"},"content":{"rendered":"\n<!-- Quick Adsense WordPress Plugin: http:\/\/quickadsense.com\/ -->\n<div style=\"float: none; margin:10px 0 10px 0; text-align:center;\">\n<!--leonative-->\r\n<!-- 5x1 -->\r\n<div id='div-gpt-ad-5x1-0' class='div-gpt-ad div-gpt-ad-inread'>\r\n<script type='text\/javascript'>\r\ngoogletag.cmd.push(function() { googletag.display('div-gpt-ad-5x1-0'); });\r\n<\/script>\r\n<\/div>\n<\/div>\n<p style=\"text-align: justify;\"><em>&#8220;Una nuova Fiesta, 24 ore. E tu cosa faresti?&#8221;<\/em> . Questo il claim scelto per la presentazione al pubblico della nuova <strong>Ford Fiesta<\/strong>. Una campagna pubblicitaria che coinvolge personaggi del mondo dello spettacolo, dell\u2019arte, ma anche semplici curiosi e amanti dell\u2019utilitaria pronti a partecipare all\u2019iniziativa.<!--more--> Tra i vari video, per il lancio Ford ha realizzato uno spot con<strong> Federico Russo<\/strong> noto conduttore radiofonico e <strong>Marisa Passera<\/strong> conosciuta anche con lo pseudonimo La Giada anche lei conduttrice radiofonica. Un filmato divertente con i due protagonisti a bordo della Fiesta per le strade di Milano alla scoperta di un&#8217;entusiasmante giornata, tra moda e divertimento. Il tutto con la curiosit\u00e0 di conoscere le novit\u00e0 per ci\u00f2 che concerne la funzionalit\u00e0 e il comfort ma anche i sistemi di informazione e di intrattenimento. Da ormai pi\u00f9 di 35 anni sul mercato la Ford Fiesta si presenta con un design rinnovato dallo stile contemporaneo. Tutti elementi pensati per valorizzare un\u2019intera giornata nel modo pi\u00f9 semplice, sicuro ed economico.<\/p>\n<p><iframe loading=\"lazy\" id=\"p_frame\" src=\"http:\/\/www.plavid.com\/adv_admin\/advplayer.php?width=540&amp;height=502&amp;text_color=ffffff&amp;sharebar=1&amp;t=1&amp;widescreen=0&amp;idp=1208&amp;id_campagna=222\" frameborder=\"0\" scrolling=\"off\" width=\"540\" height=\"502\"><\/iframe><\/p>\n<p style=\"text-align: justify;\">E per raccontarsi a bordo della Fiesta chiunque pu\u00f2 realizzare un video personalizzato attraverso la pagina facebook di Ford Fiesta grazie all\u2019app <strong>\u201cNuova Ford Fiesta. 24 ore. E tu cosa faresti?\u201d<\/strong>. L\u2019applicazione consente di ideare e concretizzare un filmato e condividerlo poi con gli amici sulla propria bacheca.<\/p>\n\n<div style=\"font-size: 0px; height: 0px; line-height: 0px; margin: 0; padding: 0; clear: both;\"><\/div><!-- Begin Yuzo --><div class='yuzo_related_post style-1'  data-version='5.12.88'><!-- without result --><div class='yuzo_clearfixed yuzo__title yuzo__title'><h2>Potrebbe anche Interessarti <\/h2><\/div>\n\t\t\t\t\t\t  <div class=\"relatedthumb \" style=\"width:125px;float:left;overflow:hidden;\">  \n\t\t\t\t\t\t\t  \n\t\t\t\t\t\t\t  <a  href=\"https:\/\/vendiauto.com\/blog\/nuova-aston-martin-virage-2011-2011\"  >\n\t\t\t\t\t\t\t\t\t  <div class=\"yuzo-img-wrap \" style=\"width: 125px;height:90px;\">\n\t\t\t\t\t\t\t\t\t\t\n\t\t\t\t\t\t\t\t\t\t<div class=\"yuzo-img\" style=\"background:url('https:\/\/vendiauto.com\/blog\/wp-content\/uploads\/2011\/03\/Aston-Martin-Virage-in-Geneva-2011-front-3-4-view-500x332-150x150.jpg') 50% 50% no-repeat;width: 125px;height:90px;margin-bottom: 5px;background-size: cover; \"><\/div>\n\t\t\t\t\t\t\t\t\t  <\/div>\n\t\t\t\t\t\t\t\t\t  \n\t\t\t\t\t\t\t\t   <span class=\"yuzo__text--title\" style=\"font-size:13px;\">Nuova Aston Martin Virage 2011<\/span>\n\t\t\t\t\t\t\t  \n\t\t\t\t\t\t\t  \n\t\t\t\t\t\t\t  <\/a>\n\n\t\t\t\t\t\t  <\/div>\n\t\t\t\t\t\t  <div class=\"relatedthumb \" style=\"width:125px;float:left;overflow:hidden;\">  \n\t\t\t\t\t\t\t  \n\t\t\t\t\t\t\t  <a  href=\"https:\/\/vendiauto.com\/blog\/il-jaguar-collectors-garageal-fuorisalone-di-milano-2012\"  >\n\t\t\t\t\t\t\t\t\t  <div class=\"yuzo-img-wrap \" style=\"width: 125px;height:90px;\">\n\t\t\t\t\t\t\t\t\t\t\n\t\t\t\t\t\t\t\t\t\t<div class=\"yuzo-img\" style=\"background:url('https:\/\/vendiauto.com\/blog\/wp-content\/uploads\/2012\/04\/XF-Sportbrake-Fuorisalone_Milano-150x150.jpg') 50% 50% no-repeat;width: 125px;height:90px;margin-bottom: 5px;background-size: cover; \"><\/div>\n\t\t\t\t\t\t\t\t\t  <\/div>\n\t\t\t\t\t\t\t\t\t  \n\t\t\t\t\t\t\t\t   <span class=\"yuzo__text--title\" style=\"font-size:13px;\">Jaguar al Fuorisalone di Milano 2012<\/span>\n\t\t\t\t\t\t\t  \n\t\t\t\t\t\t\t  \n\t\t\t\t\t\t\t  <\/a>\n\n\t\t\t\t\t\t  <\/div>\n\t\t\t\t\t\t  <div class=\"relatedthumb \" style=\"width:125px;float:left;overflow:hidden;\">  \n\t\t\t\t\t\t\t  \n\t\t\t\t\t\t\t  <a  href=\"https:\/\/vendiauto.com\/blog\/nuova-bmw-m5-755-al-nurburgring-2011\"  >\n\t\t\t\t\t\t\t\t\t  <div class=\"yuzo-img-wrap \" style=\"width: 125px;height:90px;\">\n\t\t\t\t\t\t\t\t\t\t\n\t\t\t\t\t\t\t\t\t\t<div class=\"yuzo-img\" style=\"background:url('https:\/\/vendiauto.com\/blog\/wp-content\/uploads\/2011\/06\/BmwM5F10_118-150x150.jpg') 50% 50% no-repeat;width: 125px;height:90px;margin-bottom: 5px;background-size: cover; \"><\/div>\n\t\t\t\t\t\t\t\t\t  <\/div>\n\t\t\t\t\t\t\t\t\t  \n\t\t\t\t\t\t\t\t   <span class=\"yuzo__text--title\" style=\"font-size:13px;\">Nuova Bmw M5: 7\u201955\u201d al Nurburgring!<\/span>\n\t\t\t\t\t\t\t  \n\t\t\t\t\t\t\t  \n\t\t\t\t\t\t\t  <\/a>\n\n\t\t\t\t\t\t  <\/div>\n\t\t\t\t\t\t  <div class=\"relatedthumb \" style=\"width:125px;float:left;overflow:hidden;\">  \n\t\t\t\t\t\t\t  \n\t\t\t\t\t\t\t  <a  href=\"https:\/\/vendiauto.com\/blog\/nuova-mercedes-cl-grand-edition-2012\"  >\n\t\t\t\t\t\t\t\t\t  <div class=\"yuzo-img-wrap \" style=\"width: 125px;height:90px;\">\n\t\t\t\t\t\t\t\t\t\t\n\t\t\t\t\t\t\t\t\t\t<div class=\"yuzo-img\" style=\"background:url('https:\/\/vendiauto.com\/blog\/wp-content\/uploads\/2012\/03\/Mercedes-CL-Grand-Edition-150x150.jpg') 50% 50% no-repeat;width: 125px;height:90px;margin-bottom: 5px;background-size: cover; \"><\/div>\n\t\t\t\t\t\t\t\t\t  <\/div>\n\t\t\t\t\t\t\t\t\t  \n\t\t\t\t\t\t\t\t   <span class=\"yuzo__text--title\" style=\"font-size:13px;\">Nuova Mercedes CL Grand Edition<\/span>\n\t\t\t\t\t\t\t  \n\t\t\t\t\t\t\t  \n\t\t\t\t\t\t\t  <\/a>\n\n\t\t\t\t\t\t  <\/div>\n<\/div> <script>\n\t\t\t\t\t\t  jQuery(document).ready(function( $ ){\n\t\t\t\t\t\t\t\/\/jQuery('.yuzo_related_post').equalizer({ overflow : 'relatedthumb' });\n\t\t\t\t\t\t\tjQuery('.yuzo_related_post .yuzo_wraps').equalizer({ columns : '> div' });\n\t\t\t\t\t\t   })\n\t\t\t\t\t\t  <\/script> <!-- End Yuzo :) -->","protected":false},"excerpt":{"rendered":"<p>&#8220;Una nuova Fiesta, 24 ore. E tu cosa faresti?&#8221; . Questo il claim scelto per la presentazione al pubblico della nuova Ford Fiesta. Una campagna pubblicitaria che coinvolge personaggi del mondo dello spettacolo, dell\u2019arte, ma anche semplici curiosi e amanti dell\u2019utilitaria pronti a partecipare all\u2019iniziativa. Potrebbe anche Interessarti Nuovo Q7: il debutto nei listini Audi [&hellip;]<\/p>\n","protected":false},"author":4,"featured_media":0,"comment_status":"open","ping_status":"open","sticky":false,"template":"","format":"standard","meta":[],"categories":[127],"tags":[24,1538,708,1539],"_links":{"self":[{"href":"https:\/\/vendiauto.com\/blog\/wp-json\/wp\/v2\/posts\/8001"}],"collection":[{"href":"https:\/\/vendiauto.com\/blog\/wp-json\/wp\/v2\/posts"}],"about":[{"href":"https:\/\/vendiauto.com\/blog\/wp-json\/wp\/v2\/types\/post"}],"author":[{"embeddable":true,"href":"https:\/\/vendiauto.com\/blog\/wp-json\/wp\/v2\/users\/4"}],"replies":[{"embeddable":true,"href":"https:\/\/vendiauto.com\/blog\/wp-json\/wp\/v2\/comments?post=8001"}],"version-history":[{"count":1,"href":"https:\/\/vendiauto.com\/blog\/wp-json\/wp\/v2\/posts\/8001\/revisions"}],"predecessor-version":[{"id":12292,"href":"https:\/\/vendiauto.com\/blog\/wp-json\/wp\/v2\/posts\/8001\/revisions\/12292"}],"wp:attachment":[{"href":"https:\/\/vendiauto.com\/blog\/wp-json\/wp\/v2\/media?parent=8001"}],"wp:term":[{"taxonomy":"category","embeddable":true,"href":"https:\/\/vendiauto.com\/blog\/wp-json\/wp\/v2\/categories?post=8001"},{"taxonomy":"post_tag","embeddable":true,"href":"https:\/\/vendiauto.com\/blog\/wp-json\/wp\/v2\/tags?post=8001"}],"curies":[{"name":"wp","href":"https:\/\/api.w.org\/{rel}","templated":true}]}}