{"id":8796,"date":"2013-06-02T16:54:16","date_gmt":"2013-06-02T15:54:16","guid":{"rendered":"http:\/\/www.vendiauto.com\/blog\/?p=8796"},"modified":"2016-09-14T14:47:46","modified_gmt":"2016-09-14T13:47:46","slug":"bentornata-ghibli","status":"publish","type":"post","link":"https:\/\/vendiauto.com\/blog\/bentornata-ghibli-2013","title":{"rendered":"Bentornata Ghibli!"},"content":{"rendered":"\n<!-- Quick Adsense WordPress Plugin: http:\/\/quickadsense.com\/ -->\n<div style=\"float: none; margin:10px 0 10px 0; text-align:center;\">\n<!--leonative-->\r\n<!-- 5x1 -->\r\n<div id='div-gpt-ad-5x1-0' class='div-gpt-ad div-gpt-ad-inread'>\r\n<script type='text\/javascript'>\r\ngoogletag.cmd.push(function() { googletag.display('div-gpt-ad-5x1-0'); });\r\n<\/script>\r\n<\/div>\n<\/div>\n<p><img class=\"alignnone  wp-image-8797\" style=\"border: 1px solid black;\" title=\"maserati-ghibli\" src=\"http:\/\/www.vendiauto.com\/blog\/wp-content\/uploads\/2013\/05\/maserati-ghibli-01.jpg\" alt=\"\" width=\"540\" srcset=\"https:\/\/vendiauto.com\/blog\/wp-content\/uploads\/2013\/05\/maserati-ghibli-01.jpg 960w, https:\/\/vendiauto.com\/blog\/wp-content\/uploads\/2013\/05\/maserati-ghibli-01-300x200.jpg 300w\" sizes=\"(max-width: 960px) 100vw, 960px\" \/><\/p>\n<p><strong>Ghibli<\/strong> \u00e8 il nome con cui \u00e8 chiamato un forte vento che spira in Libia da sud-est e che \u00e8 stato scelto pi\u00f9 volte dalla <strong>Maserati<\/strong> per alcuni dei suoi modelli. La prima volta che fu utilizzato, il nome <strong>Ghibli<\/strong> serv\u00ec ad identificare dal 1967 al 1973 una nuova coup\u00e8 della casa del tridente dalla linea filante, dai motori potenti ed in grado di dare del filo da torcere ad altre due supercar italiane del tempo come la <strong>Ferrari Daytona<\/strong> e la <strong>Lamborghini Miura<\/strong>.<\/p>\n<p><!--more-->La seconda volta che fu utilizzato, il nome del vento libico identific\u00f2 la seconda serie di <strong>Ghibli<\/strong> prodotta dal 1992 al 1996: a differenza della prima serie, quest\u2019ultima si riconosceva per una linea estremamente squadrata pur conservando la struttura di coup\u00e9 a due porte con quattro posti. All\u2019epoca la <strong>Ghibli<\/strong> seconda serie fu la pi\u00f9 potente 2.000 cc turbo del suo tempo potendo contare su ben 306 cv che la rendevano una delle coup\u00e9 pi\u00f9 prestazionali in quegli anni. Il 2013 segna l\u2019anno di debutto della terza generazione di Ghibli: un modello che se da un punto di vista del nome continua la tradizione del marchio, dall\u2019altro segna una decisa rottura col passato.<\/p>\n<p>Al Salone di Shanghai appena terminato sono caduti i veli alla nuova Maserati: ora <strong>la nuova Ghibli ha abbandonato la linea da coup\u00e8 per abbracciare quella di una grande berlina a quattro porte<\/strong> e cinque posti con dei tratti stilistici che richiamano fedelmente la <strong>Quattroporte<\/strong>. La nuova <strong>Ghibli<\/strong> si pu\u00f2 considerare la sorella minore della <strong>Quattroporte<\/strong> rispetto alla quale \u00e8 pi\u00f9 corta di 29 cm, facendo segnare alla voce lunghezza 4,97 cm. La<strong> Ghibli MY2013<\/strong> \u00e8 bella, molto bella: \u00e8 affascinante, elegante e sportiva allo stesso tempo. Probabilmente il passo pi\u00f9 corto e la lunghezza totale minore la rendono ancora pi\u00f9 sportiva della Quattroporte da cui deriva, anche se come detto in precedenza da quest\u2019ultima riceve in dote numerosi elementi di design: l\u2019ampia presa d\u2019aria frontale (anche se pi\u00f9 squadrata), i gruppi ottici anteriori e posteriori (ora pi\u00f9 appuntiti), la grande bombatura sul passaruota posteriore che ne esalta ancor di pi\u00f9 la grinta, la finestratura laterale (un po\u2019 pi\u00f9 compatta) e i tre sfoghi d\u2019aria (pi\u00f9 piccoli) subito dietro il passaruota anteriore. Si pu\u00f2 parlare quindi di una Maserati Quattroporte in miniatura? Non proprio. La nuova \u201ccompatta\u201d del tridente porta in grembo una ventata di novit\u00e0 di cui la sorella maggiore ne \u00e8 soltanto osservatrice. Innanzitutto il vento del cambiamento di cui la Ghibli ne \u00e8 \u00a0testimone comincia proprio dalla sede prescelta per la presentazione: il Salone di Shanghai scelto a favore di altri saloni perch\u00e9 ormai col suo 15% di consegne complessive, la Cina \u00e8 gi\u00e0 il secondo mercato (dopo quello statunitense) per le vetture del tridente e anche quello con le maggiori potenzialit\u00e0 di crescita. La <strong>Ghibli<\/strong> \u00e8 fondamentale per l\u2019aumento di vendite del marchio modenese cos\u00ec come pi\u00f9 volte auspicato da Harald Wester, amministratore delegato di Maserati, che punta a vendere 50.000 vetture (di cui la met\u00e0 Ghibli) entro il 2015. Proprio la <strong>Ghibli<\/strong> \u00e8 destinata ad inserire e rafforzare il marchio Maserati nei nuovi mercati emergenti, in particolar modo quello asiatico, per far fronte alla crisi di altri mercati, soprattutto quello europeo.<\/p>\n<p>Per far si che questo accada la <strong>Ghibli<\/strong> porta al debutto su una vettura del tridente delle novit\u00e0 impensabili solo fino a qualche anno fa: una motorizzazione diesel e la trazione integrale. Difatti oltre al classico motore a benzina sar\u00e0 possibile optare per la primissima volta per un motore diesel. Il classico propulsore alimentato a benzina e sviluppato tra l\u2019altro con Ferrari sar\u00e0 un <strong>V6 3.0 biturbo<\/strong> (in omaggio alla tradizione) declinato in due potenze da <strong>330 cv<\/strong> per la versione standard (0-100 km\/h in 5,7 secondi ed una velocit\u00e0 massima pari a 263 km\/h) e <strong>410 cv<\/strong> per la versione S (0-100 km\/h in soli 4,8 secondi ed una velocit\u00e0 massima pari a 285 km\/h). <strong>La rivoluzione sar\u00e0 invece il propulsore diesel: sempre un V6 3.0 da 275 cv<\/strong> e che probabilmente solo per il mercato italiano sar\u00e0 declinato a 250 cv per motivi fiscali. Ma la rivoluzione non finisce qua: <strong>la nuova Ghibli porter\u00e0 al debutto anche la trazione integrale denominata Q4<\/strong>: il sistema \u00e8 di tipo inseribile poich\u00e8 di base la potenza viene inviata alle sole ruote posteriori, ma all\u2019occorrenza la gestione elettronica ne trasferisce parte alle ruote anteriori, attivandosi in 150 millesimi di secondo e consentendo una ripartizione della coppia motrice del tipo 50:50 tra i due assi in modo tale da garantire il perfetto equilibrio tra prestazioni e sicurezza di marcia. La nuova Ghibli \u00e8 fondamentale per la Maserati, cos\u00ec come si legge in un comunicato stampa: \u201c<em>La Ghibli avr\u00e0 un carattere decisamente pi\u00f9 sportivo rispetto alla pi\u00f9 grande Quattroporte<\/em>. <em>Si tratta della prima berlina di Maserati in questo segmento e riflette la convinzione della compagnia che un numero sempre pi\u00f9 crescente di potenziali clienti del settore premium executive stia cercando di distinguersi attraverso un\u2019auto che sia unica, elegante e lussuosa\u201d<\/em>. Come dire Audi A6, Bmw Serie 5, Mercedes Classe E e Jaguar XF siete avvisate!<\/p>\n\n<div style=\"font-size: 0px; height: 0px; line-height: 0px; margin: 0; padding: 0; clear: both;\"><\/div><!-- Begin Yuzo --><div class='yuzo_related_post style-1'  data-version='5.12.88'><!-- without result --><div class='yuzo_clearfixed yuzo__title yuzo__title'><h2>Potrebbe anche Interessarti <\/h2><\/div>\n\t\t\t\t\t\t  <div class=\"relatedthumb \" style=\"width:125px;float:left;overflow:hidden;\">  \n\t\t\t\t\t\t\t  \n\t\t\t\t\t\t\t  <a  href=\"https:\/\/vendiauto.com\/blog\/roma-e-mobilita-elettrica-fiat-si-allea-con-il-comune-2012\"  >\n\t\t\t\t\t\t\t\t\t  <div class=\"yuzo-img-wrap \" style=\"width: 125px;height:90px;\">\n\t\t\t\t\t\t\t\t\t\t\n\t\t\t\t\t\t\t\t\t\t<div class=\"yuzo-img\" style=\"background:url('https:\/\/vendiauto.com\/blog\/wp-content\/uploads\/2012\/01\/fiorino-cargo-elettrico-150x150.jpg') 50% 50% no-repeat;width: 125px;height:90px;margin-bottom: 5px;background-size: cover; \"><\/div>\n\t\t\t\t\t\t\t\t\t  <\/div>\n\t\t\t\t\t\t\t\t\t  \n\t\t\t\t\t\t\t\t   <span class=\"yuzo__text--title\" style=\"font-size:13px;\">Roma e mobilit\u00e0 elettrica: Fiat si allea con il co...<\/span>\n\t\t\t\t\t\t\t  \n\t\t\t\t\t\t\t  \n\t\t\t\t\t\t\t  <\/a>\n\n\t\t\t\t\t\t  <\/div>\n\t\t\t\t\t\t  <div class=\"relatedthumb \" style=\"width:125px;float:left;overflow:hidden;\">  \n\t\t\t\t\t\t\t  \n\t\t\t\t\t\t\t  <a  href=\"https:\/\/vendiauto.com\/blog\/ecco-la-nuova-mercedes-sl-2011\"  >\n\t\t\t\t\t\t\t\t\t  <div class=\"yuzo-img-wrap \" style=\"width: 125px;height:90px;\">\n\t\t\t\t\t\t\t\t\t\t\n\t\t\t\t\t\t\t\t\t\t<div class=\"yuzo-img\" style=\"background:url('https:\/\/vendiauto.com\/blog\/wp-content\/uploads\/2011\/12\/369922_9394_big_2012-mercedes-benz-sl-roadster-7-2-150x150.jpg') 50% 50% no-repeat;width: 125px;height:90px;margin-bottom: 5px;background-size: cover; \"><\/div>\n\t\t\t\t\t\t\t\t\t  <\/div>\n\t\t\t\t\t\t\t\t\t  \n\t\t\t\t\t\t\t\t   <span class=\"yuzo__text--title\" style=\"font-size:13px;\">Ecco la nuova Mercedes SL my 2012 R231!<\/span>\n\t\t\t\t\t\t\t  \n\t\t\t\t\t\t\t  \n\t\t\t\t\t\t\t  <\/a>\n\n\t\t\t\t\t\t  <\/div>\n\t\t\t\t\t\t  <div class=\"relatedthumb \" style=\"width:125px;float:left;overflow:hidden;\">  \n\t\t\t\t\t\t\t  \n\t\t\t\t\t\t\t  <a  href=\"https:\/\/vendiauto.com\/blog\/prima-immagine-della-mclaren-650s-2014\"  >\n\t\t\t\t\t\t\t\t\t  <div class=\"yuzo-img-wrap \" style=\"width: 125px;height:90px;\">\n\t\t\t\t\t\t\t\t\t\t\n\t\t\t\t\t\t\t\t\t\t<div class=\"yuzo-img\" style=\"background:url('https:\/\/vendiauto.com\/blog\/wp-content\/uploads\/2014\/02\/56-150x150.jpg') 50% 50% no-repeat;width: 125px;height:90px;margin-bottom: 5px;background-size: cover; \"><\/div>\n\t\t\t\t\t\t\t\t\t  <\/div>\n\t\t\t\t\t\t\t\t\t  \n\t\t\t\t\t\t\t\t   <span class=\"yuzo__text--title\" style=\"font-size:13px;\">Prima immagine della nuova McLaren 650S!<\/span>\n\t\t\t\t\t\t\t  \n\t\t\t\t\t\t\t  \n\t\t\t\t\t\t\t  <\/a>\n\n\t\t\t\t\t\t  <\/div>\n\t\t\t\t\t\t  <div class=\"relatedthumb \" style=\"width:125px;float:left;overflow:hidden;\">  \n\t\t\t\t\t\t\t  \n\t\t\t\t\t\t\t  <a  href=\"https:\/\/vendiauto.com\/blog\/fiat-porte-aperte-dedicato-alle-vetture-a-metano-e-gpl-2012\"  >\n\t\t\t\t\t\t\t\t\t  <div class=\"yuzo-img-wrap \" style=\"width: 125px;height:90px;\">\n\t\t\t\t\t\t\t\t\t\t\n\t\t\t\t\t\t\t\t\t\t<div class=\"yuzo-img\" style=\"background:url('https:\/\/vendiauto.com\/blog\/wp-content\/uploads\/2012\/10\/Nuova-Panda-Natural-Power-150x150.jpg') 50% 50% no-repeat;width: 125px;height:90px;margin-bottom: 5px;background-size: cover; \"><\/div>\n\t\t\t\t\t\t\t\t\t  <\/div>\n\t\t\t\t\t\t\t\t\t  \n\t\t\t\t\t\t\t\t   <span class=\"yuzo__text--title\" style=\"font-size:13px;\">Fiat: porte aperte dedicato alle vetture a Metano ...<\/span>\n\t\t\t\t\t\t\t  \n\t\t\t\t\t\t\t  \n\t\t\t\t\t\t\t  <\/a>\n\n\t\t\t\t\t\t  <\/div>\n<\/div> <script>\n\t\t\t\t\t\t  jQuery(document).ready(function( $ ){\n\t\t\t\t\t\t\t\/\/jQuery('.yuzo_related_post').equalizer({ overflow : 'relatedthumb' });\n\t\t\t\t\t\t\tjQuery('.yuzo_related_post .yuzo_wraps').equalizer({ columns : '> div' });\n\t\t\t\t\t\t   })\n\t\t\t\t\t\t  <\/script> <!-- End Yuzo :) -->","protected":false},"excerpt":{"rendered":"<p>Ghibli \u00e8 il nome con cui \u00e8 chiamato un forte vento che spira in Libia da sud-est e che \u00e8 stato scelto pi\u00f9 volte dalla Maserati per alcuni dei suoi modelli. La prima volta che fu utilizzato, il nome Ghibli serv\u00ec ad identificare dal 1967 al 1973 una nuova coup\u00e8 della casa del tridente dalla [&hellip;]<\/p>\n","protected":false},"author":3,"featured_media":0,"comment_status":"open","ping_status":"open","sticky":false,"template":"","format":"standard","meta":[],"categories":[2110],"tags":[1676,1677,1662],"_links":{"self":[{"href":"https:\/\/vendiauto.com\/blog\/wp-json\/wp\/v2\/posts\/8796"}],"collection":[{"href":"https:\/\/vendiauto.com\/blog\/wp-json\/wp\/v2\/posts"}],"about":[{"href":"https:\/\/vendiauto.com\/blog\/wp-json\/wp\/v2\/types\/post"}],"author":[{"embeddable":true,"href":"https:\/\/vendiauto.com\/blog\/wp-json\/wp\/v2\/users\/3"}],"replies":[{"embeddable":true,"href":"https:\/\/vendiauto.com\/blog\/wp-json\/wp\/v2\/comments?post=8796"}],"version-history":[{"count":1,"href":"https:\/\/vendiauto.com\/blog\/wp-json\/wp\/v2\/posts\/8796\/revisions"}],"predecessor-version":[{"id":12335,"href":"https:\/\/vendiauto.com\/blog\/wp-json\/wp\/v2\/posts\/8796\/revisions\/12335"}],"wp:attachment":[{"href":"https:\/\/vendiauto.com\/blog\/wp-json\/wp\/v2\/media?parent=8796"}],"wp:term":[{"taxonomy":"category","embeddable":true,"href":"https:\/\/vendiauto.com\/blog\/wp-json\/wp\/v2\/categories?post=8796"},{"taxonomy":"post_tag","embeddable":true,"href":"https:\/\/vendiauto.com\/blog\/wp-json\/wp\/v2\/tags?post=8796"}],"curies":[{"name":"wp","href":"https:\/\/api.w.org\/{rel}","templated":true}]}}