{"id":9134,"date":"2013-08-10T11:21:45","date_gmt":"2013-08-10T10:21:45","guid":{"rendered":"http:\/\/www.vendiauto.com\/blog\/?p=9134"},"modified":"2016-09-14T15:07:43","modified_gmt":"2016-09-14T14:07:43","slug":"ma-quale-crisi","status":"publish","type":"post","link":"https:\/\/vendiauto.com\/blog\/ma-quale-crisi-2013","title":{"rendered":"Ma quale crisi!!"},"content":{"rendered":"\n<!-- Quick Adsense WordPress Plugin: http:\/\/quickadsense.com\/ -->\n<div style=\"float: none; margin:10px 0 10px 0; text-align:center;\">\n<!--leonative-->\r\n<!-- 5x1 -->\r\n<div id='div-gpt-ad-5x1-0' class='div-gpt-ad div-gpt-ad-inread'>\r\n<script type='text\/javascript'>\r\ngoogletag.cmd.push(function() { googletag.display('div-gpt-ad-5x1-0'); });\r\n<\/script>\r\n<\/div>\n<\/div>\n<p><img class=\"alignnone  wp-image-9135\" style=\"border: 1px solid black;\" alt=\"Aston-Martin-CC100-speedster-concept.vendiauto\" src=\"http:\/\/www.vendiauto.com\/blog\/wp-content\/uploads\/2013\/08\/Aston-Martin-CC100-speedster-concept.vendiauto.jpg\" width=\"540\" srcset=\"https:\/\/vendiauto.com\/blog\/wp-content\/uploads\/2013\/08\/Aston-Martin-CC100-speedster-concept.vendiauto.jpg 646w, https:\/\/vendiauto.com\/blog\/wp-content\/uploads\/2013\/08\/Aston-Martin-CC100-speedster-concept.vendiauto-300x183.jpg 300w\" sizes=\"(max-width: 646px) 100vw, 646px\" \/><\/p>\n<p>Da quanto tempo sentiamo dire che c\u2019\u00e8 crisi nel mondo dell\u2019auto?? Tanto, forse troppo tempo. Forse per\u00f2 non ci rendiamo conto che si tratta di una crisi che colpisce solo una parte del mondo automotive. Infatti se analizziamo i dati di vendita, la marginalit\u00e0 ed il classico incontro\/scontro tra domanda ed offerta ci accorgiamo per\u00f2 di come la crisi sia relativa solo ad una parte del mercato automobilistico ossia quella basata sulla quantit\u00e0. Ma c\u2019\u00e8 una parte del mercato, quella qualitativa, che smuove molti pi\u00f9 soldi e non \u00e8 affatto in crisi. Ora mi limiter\u00f2 a qualche esempio veritiero.<\/p>\n<p><!--more-->Cominciamo dal basso, ossia considerando la spesa minore sostenuta da un cliente che ci dimostra che in questo tipo di mercato la parola crisi non esiste. Un uomo d\u2019affari filippino desiderava acquistare <b>la nuova \u201cLaFerrari\u201d<\/b>, hypercar di Maranello presentata qualche mese fa al Salone di Ginevra. Come sappiamo, di questa Formula 1 da strada ne verranno prodotti solo 499 esemplari al prezzo stratosferico di 1,2 milioni di euro. Non solo il prezzo \u00e8 da capogiro, ma \u201cLaFerrari\u201d potr\u00e0 essere acquistata solo da clienti speciali ed affezionati della casa del cavallino: per poter entrare nella lista di attesa infatti bisogner\u00e0 dimostrare di avere nel garage almeno cinque Ferrari, senn\u00f2 addio sogni di gloria. Ma questo non sar\u00e0 sufficiente ad assicurare ai facoltosi clienti la compravendita de \u201cLaFerrari\u201d: infatti allo stato attuale la casa di Maranello ha ricevuto pi\u00f9 del doppio delle richieste per il suo esclusivo bolide e quindi deve ancora scegliere a chi poterlo vendere. L\u2019uomo filippino di cui parlavamo prima, al momento di mettersi in fila per \u201cLaFerrari\u201d, ne aveva \u201csolo\u201d quattro di Ferrari e per cercare di poter coronare il suo sogno non ha esitato a staccare un assegno di circa 560.000 euro (il doppio rispetto al suo prezzo di listino!) per portarsi a casa una nuovissima F12 con l\u2019intento di poter cos\u00ec accedere almeno alla lista dei papabili compratori della nuovissima \u201cLaFerrari\u201d.<\/p>\n<p>Ma c\u2019\u00e8 anche chi \u00e8 disposto a spendere di pi\u00f9 per realizzare il suo sogno a quattro ruote. Nello scorso mese di maggio l\u2019Aston Martin per festeggiare i suoi primi 100 anni di vita ha presentato\u00a0 la <b>CC100 Speedster<\/b>: come si evince dal nome la vettura \u00e8 una barchetta biposto dalle linee avveniristiche che aveva il compito di rappresentare in un unico modello la storia, la tradizione sportiva, la capacit\u00e0 progettuale e tutto il know how ingegneristico del marchio di Gaydon. Della CC100 inizialmente fu prodotto un solo esemplare che poi sarebbe dovuto essere conservato nel museo di casa a Gaydon: tuttavia fu ben presto venduto per la gioia di un appassionato e facoltoso collezionista pronto a sborsare circa 700.000 euro. Ma non \u00e8 finita qui: all\u2019Aston Martin \u00e8 arrivata la richiesta di un altrettanto facoltoso collezionista ed amante delle vetture dal marchio alato che non ha esitato a spendere 700.000 euro pi\u00f9 le tasse e gli oneri legati all\u2019omologazione stradale della seconda CC100 Speedster, che in quanto \u201cdream car\u201d non era omologata per l\u2019utilizzo su strade aperte al pubblico. Dopo questa seconda richiesta la Aston Martin ha comunicato che non produrr\u00e0 pi\u00f9 alcuna CC100 Speedster.<\/p>\n<p>Alla luce di questi esempi credereste mai che un cliente (o sarebbe pi\u00f9 opportuno parlare di collezionista?) ha comprato una Mercedes per circa 23 milioni di euro? Si, avete letto bene: per la precisione il cliente\/collezionista ha speso 22.701.864 euro per mettersi nel garage la storica <b>Mercedes W196<\/b> del 1954 guidata niente di meno che da Juan Manuel Fangio nel mondiale di Formula 1 di quell\u2019anno. Si tratta di una vettura completamente originale, mai restaurata e con un palmares di due gran premi vinti. La cifra di 23 milioni di euro fa particolare sensazione anche perch\u00e9 corrisponde a quasi il doppio della stima iniziale di vendita, ma si sa che in questi ambiti i collezionisti fanno letteralmente a gara per entrare in possesso dei loro sogni a quattro ruote e questo non fa altro che dimostrare che in questa fascia di mercato del collezionismo di altissimo livello della parola crisi non c\u2019\u00e8 traccia.<\/p>\n\n<div style=\"font-size: 0px; height: 0px; line-height: 0px; margin: 0; padding: 0; clear: both;\"><\/div><!-- Begin Yuzo --><div class='yuzo_related_post style-1'  data-version='5.12.88'><!-- without result --><div class='yuzo_clearfixed yuzo__title yuzo__title'><h2>Potrebbe anche Interessarti <\/h2><\/div>\n\t\t\t\t\t\t  <div class=\"relatedthumb \" style=\"width:125px;float:left;overflow:hidden;\">  \n\t\t\t\t\t\t\t  \n\t\t\t\t\t\t\t  <a  href=\"https:\/\/vendiauto.com\/blog\/nuova-audi-sq5-tdi-2012\"  >\n\t\t\t\t\t\t\t\t\t  <div class=\"yuzo-img-wrap \" style=\"width: 125px;height:90px;\">\n\t\t\t\t\t\t\t\t\t\t\n\t\t\t\t\t\t\t\t\t\t<div class=\"yuzo-img\" style=\"background:url('https:\/\/vendiauto.com\/blog\/wp-content\/uploads\/2012\/06\/Audi_SQ5_02-150x150.jpg') 50% 50% no-repeat;width: 125px;height:90px;margin-bottom: 5px;background-size: cover; \"><\/div>\n\t\t\t\t\t\t\t\t\t  <\/div>\n\t\t\t\t\t\t\t\t\t  \n\t\t\t\t\t\t\t\t   <span class=\"yuzo__text--title\" style=\"font-size:13px;\">Nuova Audi SQ5 TDI<\/span>\n\t\t\t\t\t\t\t  \n\t\t\t\t\t\t\t  \n\t\t\t\t\t\t\t  <\/a>\n\n\t\t\t\t\t\t  <\/div>\n\t\t\t\t\t\t  <div class=\"relatedthumb \" style=\"width:125px;float:left;overflow:hidden;\">  \n\t\t\t\t\t\t\t  \n\t\t\t\t\t\t\t  <a  href=\"https:\/\/vendiauto.com\/blog\/considerazioni-sulla-nuova-lotus-esprit-in-arrivo-2011\"  >\n\t\t\t\t\t\t\t\t\t  <div class=\"yuzo-img-wrap \" style=\"width: 125px;height:90px;\">\n\t\t\t\t\t\t\t\t\t\t\n\t\t\t\t\t\t\t\t\t\t<div class=\"yuzo-img\" style=\"background:url('https:\/\/vendiauto.com\/blog\/wp-content\/uploads\/2011\/12\/Lotus_Esprit_V8_1-150x150.jpg') 50% 50% no-repeat;width: 125px;height:90px;margin-bottom: 5px;background-size: cover; \"><\/div>\n\t\t\t\t\t\t\t\t\t  <\/div>\n\t\t\t\t\t\t\t\t\t  \n\t\t\t\t\t\t\t\t   <span class=\"yuzo__text--title\" style=\"font-size:13px;\">Considerazioni sulla nuova Lotus Esprit in arrivo<\/span>\n\t\t\t\t\t\t\t  \n\t\t\t\t\t\t\t  \n\t\t\t\t\t\t\t  <\/a>\n\n\t\t\t\t\t\t  <\/div>\n\t\t\t\t\t\t  <div class=\"relatedthumb \" style=\"width:125px;float:left;overflow:hidden;\">  \n\t\t\t\t\t\t\t  \n\t\t\t\t\t\t\t  <a  href=\"https:\/\/vendiauto.com\/blog\/jaguar-f-type-magazine-lapp-per-scoprire-tutti-i-segreti-della-nuova-f-type-2012\"  >\n\t\t\t\t\t\t\t\t\t  <div class=\"yuzo-img-wrap \" style=\"width: 125px;height:90px;\">\n\t\t\t\t\t\t\t\t\t\t\n\t\t\t\t\t\t\t\t\t\t<div class=\"yuzo-img\" style=\"background:url('https:\/\/vendiauto.com\/blog\/wp-content\/uploads\/2012\/12\/jagur-f-type-150x150.jpg') 50% 50% no-repeat;width: 125px;height:90px;margin-bottom: 5px;background-size: cover; \"><\/div>\n\t\t\t\t\t\t\t\t\t  <\/div>\n\t\t\t\t\t\t\t\t\t  \n\t\t\t\t\t\t\t\t   <span class=\"yuzo__text--title\" style=\"font-size:13px;\">Jaguar F-type MAGAZINE: l\u2019App per scoprire t...<\/span>\n\t\t\t\t\t\t\t  \n\t\t\t\t\t\t\t  \n\t\t\t\t\t\t\t  <\/a>\n\n\t\t\t\t\t\t  <\/div>\n\t\t\t\t\t\t  <div class=\"relatedthumb \" style=\"width:125px;float:left;overflow:hidden;\">  \n\t\t\t\t\t\t\t  \n\t\t\t\t\t\t\t  <a  href=\"https:\/\/vendiauto.com\/blog\/arrivano-a-roma-altre-200-colonnine-di-ricarica-per-agevolare-lo-sviluppo-del-mercato-delle-auto-elettriche-2012\"  >\n\t\t\t\t\t\t\t\t\t  <div class=\"yuzo-img-wrap \" style=\"width: 125px;height:90px;\">\n\t\t\t\t\t\t\t\t\t\t\n\t\t\t\t\t\t\t\t\t\t<div class=\"yuzo-img\" style=\"background:url('https:\/\/vendiauto.com\/blog\/wp-content\/uploads\/2012\/04\/Citroen-C-Zero-150x150.jpg') 50% 50% no-repeat;width: 125px;height:90px;margin-bottom: 5px;background-size: cover; \"><\/div>\n\t\t\t\t\t\t\t\t\t  <\/div>\n\t\t\t\t\t\t\t\t\t  \n\t\t\t\t\t\t\t\t   <span class=\"yuzo__text--title\" style=\"font-size:13px;\">Arrivano a Roma altre 200 colonnine di ricarica pe...<\/span>\n\t\t\t\t\t\t\t  \n\t\t\t\t\t\t\t  \n\t\t\t\t\t\t\t  <\/a>\n\n\t\t\t\t\t\t  <\/div>\n<\/div> <script>\n\t\t\t\t\t\t  jQuery(document).ready(function( $ ){\n\t\t\t\t\t\t\t\/\/jQuery('.yuzo_related_post').equalizer({ overflow : 'relatedthumb' });\n\t\t\t\t\t\t\tjQuery('.yuzo_related_post .yuzo_wraps').equalizer({ columns : '> div' });\n\t\t\t\t\t\t   })\n\t\t\t\t\t\t  <\/script> <!-- End Yuzo :) -->","protected":false},"excerpt":{"rendered":"<p>Da quanto tempo sentiamo dire che c\u2019\u00e8 crisi nel mondo dell\u2019auto?? Tanto, forse troppo tempo. Forse per\u00f2 non ci rendiamo conto che si tratta di una crisi che colpisce solo una parte del mondo automotive. Infatti se analizziamo i dati di vendita, la marginalit\u00e0 ed il classico incontro\/scontro tra domanda ed offerta ci accorgiamo per\u00f2 [&hellip;]<\/p>\n","protected":false},"author":3,"featured_media":0,"comment_status":"open","ping_status":"open","sticky":false,"template":"","format":"standard","meta":[],"categories":[2110],"tags":[1740,1569,1259,1741,1739],"_links":{"self":[{"href":"https:\/\/vendiauto.com\/blog\/wp-json\/wp\/v2\/posts\/9134"}],"collection":[{"href":"https:\/\/vendiauto.com\/blog\/wp-json\/wp\/v2\/posts"}],"about":[{"href":"https:\/\/vendiauto.com\/blog\/wp-json\/wp\/v2\/types\/post"}],"author":[{"embeddable":true,"href":"https:\/\/vendiauto.com\/blog\/wp-json\/wp\/v2\/users\/3"}],"replies":[{"embeddable":true,"href":"https:\/\/vendiauto.com\/blog\/wp-json\/wp\/v2\/comments?post=9134"}],"version-history":[{"count":1,"href":"https:\/\/vendiauto.com\/blog\/wp-json\/wp\/v2\/posts\/9134\/revisions"}],"predecessor-version":[{"id":12737,"href":"https:\/\/vendiauto.com\/blog\/wp-json\/wp\/v2\/posts\/9134\/revisions\/12737"}],"wp:attachment":[{"href":"https:\/\/vendiauto.com\/blog\/wp-json\/wp\/v2\/media?parent=9134"}],"wp:term":[{"taxonomy":"category","embeddable":true,"href":"https:\/\/vendiauto.com\/blog\/wp-json\/wp\/v2\/categories?post=9134"},{"taxonomy":"post_tag","embeddable":true,"href":"https:\/\/vendiauto.com\/blog\/wp-json\/wp\/v2\/tags?post=9134"}],"curies":[{"name":"wp","href":"https:\/\/api.w.org\/{rel}","templated":true}]}}